{"id":83942,"date":"2026-05-02T00:11:10","date_gmt":"2026-05-02T06:11:10","guid":{"rendered":"https:\/\/politicosaldesnudo.com.mx\/?p=83942"},"modified":"2026-05-01T22:23:17","modified_gmt":"2026-05-02T04:23:17","slug":"trump-elevara-a-25-aranceles-sobre-autos-y-camiones-de-la-ue","status":"publish","type":"post","link":"https:\/\/politicosaldesnudo.com.mx\/index.php\/2026\/05\/02\/trump-elevara-a-25-aranceles-sobre-autos-y-camiones-de-la-ue\/","title":{"rendered":"Trump elevar\u00e1 a 25% aranceles sobre autos y camiones de la UE"},"content":{"rendered":"<p class=\"nota-justify\">El presidente estadunidense, Donald Trump, anunci\u00f3 este viernes que la pr\u00f3xima semana aumentar\u00e1 25 por ciento los aranceles aplicados a los autom\u00f3viles y camiones procedentes de la Uni\u00f3n Europea, una medida que podr\u00eda sacudir la econom\u00eda mundial en un momento fr\u00e1gil.<\/p>\n<p class=\"nota-justify\">Trump se\u00f1al\u00f3 en la publicaci\u00f3n que el bloque europeo \u201cno est\u00e1 cumpliendo con nuestro acuerdo comercial plenamente acordado\u201d, aunque no detall\u00f3 sus objeciones en el mensaje.<\/p>\n<p class=\"nota-justify\">Trump y la presidenta de la Comisi\u00f3n Europea, Ursula von der Leyen, hab\u00edan pactado el acuerdo comercial en julio pasado, el cual establec\u00eda un arancel de 15 por ciento sobre la mayor\u00eda de los bienes.<\/p>\n<p class=\"nota-justify\">Tanto Estados Unidos como la Uni\u00f3n Europea hab\u00edan confirmado previamente su compromiso de preservar el marco comercial, conocido como el Acuerdo de Turnberry, llamado as\u00ed por el campo de golf de Trump en Escocia.<\/p>\n<p class=\"nota-justify\">Pero el estatus del acuerdo de 2025 qued\u00f3 por primera vez en duda, luego que la Corte Suprema dictaminara este a\u00f1o que el presidente republicano carec\u00eda de autoridad legal para declarar una emergencia econ\u00f3mica e imponer aranceles a los bienes de la Uni\u00f3n Europea.<\/p>\n","protected":false},"excerpt":{"rendered":"<p>El presidente estadunidense, Donald Trump, anunci\u00f3 este viernes que la pr\u00f3xima semana aumentar\u00e1 25 por ciento los aranceles aplicados a<\/p>\n","protected":false},"author":4,"featured_media":83943,"comment_status":"closed","ping_status":"closed","sticky":false,"template":"","format":"standard","meta":{"colormag_page_container_layout":"default_layout","colormag_page_sidebar_layout":"default_layout","_jetpack_memberships_contains_paid_content":false,"footnotes":"","jetpack_publicize_message":"","jetpack_publicize_feature_enabled":true,"jetpack_social_post_already_shared":true,"jetpack_social_options":{"image_generator_settings":{"template":"highway","default_image_id":0,"font":"","enabled":false},"version":2}},"categories":[2050],"tags":[],"class_list":["post-83942","post","type-post","status-publish","format-standard","has-post-thumbnail","hentry","category-economia"],"jetpack_publicize_connections":[],"jetpack_featured_media_url":"https:\/\/i0.wp.com\/politicosaldesnudo.com.mx\/wp-content\/uploads\/2026\/05\/trump-elevara-a-25-aranceles-sobre-autos-y-camiones-de-la-ue_64d3cdf2-590b-40b1-8c8e-69d9bea41465_medialjnimgndimagefullsize.webp?fit=1200%2C800&ssl=1","jetpack-related-posts":[],"jetpack_sharing_enabled":true,"_links":{"self":[{"href":"https:\/\/politicosaldesnudo.com.mx\/index.php\/wp-json\/wp\/v2\/posts\/83942","targetHints":{"allow":["GET"]}}],"collection":[{"href":"https:\/\/politicosaldesnudo.com.mx\/index.php\/wp-json\/wp\/v2\/posts"}],"about":[{"href":"https:\/\/politicosaldesnudo.com.mx\/index.php\/wp-json\/wp\/v2\/types\/post"}],"author":[{"embeddable":true,"href":"https:\/\/politicosaldesnudo.com.mx\/index.php\/wp-json\/wp\/v2\/users\/4"}],"replies":[{"embeddable":true,"href":"https:\/\/politicosaldesnudo.com.mx\/index.php\/wp-json\/wp\/v2\/comments?post=83942"}],"version-history":[{"count":1,"href":"https:\/\/politicosaldesnudo.com.mx\/index.php\/wp-json\/wp\/v2\/posts\/83942\/revisions"}],"predecessor-version":[{"id":83944,"href":"https:\/\/politicosaldesnudo.com.mx\/index.php\/wp-json\/wp\/v2\/posts\/83942\/revisions\/83944"}],"wp:featuredmedia":[{"embeddable":true,"href":"https:\/\/politicosaldesnudo.com.mx\/index.php\/wp-json\/wp\/v2\/media\/83943"}],"wp:attachment":[{"href":"https:\/\/politicosaldesnudo.com.mx\/index.php\/wp-json\/wp\/v2\/media?parent=83942"}],"wp:term":[{"taxonomy":"category","embeddable":true,"href":"https:\/\/politicosaldesnudo.com.mx\/index.php\/wp-json\/wp\/v2\/categories?post=83942"},{"taxonomy":"post_tag","embeddable":true,"href":"https:\/\/politicosaldesnudo.com.mx\/index.php\/wp-json\/wp\/v2\/tags?post=83942"}],"curies":[{"name":"wp","href":"https:\/\/api.w.org\/{rel}","templated":true}]}}