{"id":83948,"date":"2026-05-02T00:13:36","date_gmt":"2026-05-02T06:13:36","guid":{"rendered":"https:\/\/politicosaldesnudo.com.mx\/?p=83948"},"modified":"2026-05-01T22:27:20","modified_gmt":"2026-05-02T04:27:20","slug":"magisterio-de-zacatecas-se-moviliza-y-ratifica-paro-nacional","status":"publish","type":"post","link":"https:\/\/politicosaldesnudo.com.mx\/index.php\/2026\/05\/02\/magisterio-de-zacatecas-se-moviliza-y-ratifica-paro-nacional\/","title":{"rendered":"Magisterio de Zacatecas se moviliza y ratifica paro nacional"},"content":{"rendered":"<p class=\"nota-justify\" data-start=\"20\" data-end=\"412\">Unos 800 maestros de la secci\u00f3n 34 del Sindicato Nacional de Trabajadores de la Educaci\u00f3n y de la Coordinadora Nacional de los Trabajadores de la Educaci\u00f3n marcharon este viernes por calles c\u00e9ntricas de la capital de Zacatecas y realizaron un mitin en Plaza de Armas, donde confirmaron el llamado al paro nacional del pr\u00f3ximo 1 de junio, as\u00ed como su demanda de abrogaci\u00f3n de la reforma de 2007.<\/p>\n<p class=\"nota-justify\" data-start=\"414\" data-end=\"774\">Los docentes se concentraron cerca del mediod\u00eda en el distribuidor vial donde se ubica la vieja m\u00e1quina de tren n\u00famero 3030, monumento a Ferrocarriles Nacionales de M\u00e9xico, para recorrer diversas calles del centro hist\u00f3rico de la capital hasta llegar a la Plaza de Armas, donde se ubican el Palacio de Gobierno del estado y la catedral bas\u00edlica de la ciudad.<\/p>\n<p class=\"nota-justify\" data-start=\"776\" data-end=\"964\">Encabezados por Filiberto Frausto Orozco, tambi\u00e9n integrante de la CNTE, los maestros marcharon bajo el sol intenso, con una temperatura cercana a los 32 grados cent\u00edgrados.<\/p>\n<p class=\"nota-justify\" data-start=\"966\" data-end=\"1170\">En el mitin, el dirigente expres\u00f3: \u201cNos sentimos emocionados con su contundente participaci\u00f3n en esta manifestaci\u00f3n, que es una muestra de que el magisterio de la secci\u00f3n 34 es un magisterio palpitante.<\/p>\n<p class=\"nota-justify\" data-start=\"1172\" data-end=\"1432\">\u201cQue es un magisterio que no permitir\u00e1 jam\u00e1s ninguna humillaci\u00f3n, ninguna vilipendizaci\u00f3n de parte de las autoridades; estamos dispuestos a dar la batalla\u2026 seguiremos luchando por la conquista de beneficios espec\u00edficos para los trabajadores de la educaci\u00f3n\u201d.<\/p>\n<p class=\"nota-justify\" data-start=\"1434\" data-end=\"1589\">A diferencia de otras ocasiones, en la marcha de este 1 de mayo no se observaron agentes de polic\u00eda uniformados vigilando, como en a\u00f1os anteriores.<\/p>\n","protected":false},"excerpt":{"rendered":"<p>Unos 800 maestros de la secci\u00f3n 34 del Sindicato Nacional de Trabajadores de la Educaci\u00f3n y de la Coordinadora Nacional<\/p>\n","protected":false},"author":4,"featured_media":83949,"comment_status":"closed","ping_status":"closed","sticky":false,"template":"","format":"standard","meta":{"colormag_page_container_layout":"default_layout","colormag_page_sidebar_layout":"default_layout","_jetpack_memberships_contains_paid_content":false,"footnotes":"","jetpack_publicize_message":"","jetpack_publicize_feature_enabled":true,"jetpack_social_post_already_shared":true,"jetpack_social_options":{"image_generator_settings":{"template":"highway","default_image_id":0,"font":"","enabled":false},"version":2}},"categories":[30],"tags":[],"class_list":["post-83948","post","type-post","status-publish","format-standard","has-post-thumbnail","hentry","category-estados"],"jetpack_publicize_connections":[],"jetpack_featured_media_url":"https:\/\/i0.wp.com\/politicosaldesnudo.com.mx\/wp-content\/uploads\/2026\/05\/magisterio-de-zacatecas-se-moviliza-y-ratifica-paro-nacional_5925baf5-c6d0-48b5-b84f-08b6f5579bf2_medialjnimgndimagefullsize.webp?fit=1200%2C741&ssl=1","jetpack-related-posts":[],"jetpack_sharing_enabled":true,"_links":{"self":[{"href":"https:\/\/politicosaldesnudo.com.mx\/index.php\/wp-json\/wp\/v2\/posts\/83948","targetHints":{"allow":["GET"]}}],"collection":[{"href":"https:\/\/politicosaldesnudo.com.mx\/index.php\/wp-json\/wp\/v2\/posts"}],"about":[{"href":"https:\/\/politicosaldesnudo.com.mx\/index.php\/wp-json\/wp\/v2\/types\/post"}],"author":[{"embeddable":true,"href":"https:\/\/politicosaldesnudo.com.mx\/index.php\/wp-json\/wp\/v2\/users\/4"}],"replies":[{"embeddable":true,"href":"https:\/\/politicosaldesnudo.com.mx\/index.php\/wp-json\/wp\/v2\/comments?post=83948"}],"version-history":[{"count":1,"href":"https:\/\/politicosaldesnudo.com.mx\/index.php\/wp-json\/wp\/v2\/posts\/83948\/revisions"}],"predecessor-version":[{"id":83950,"href":"https:\/\/politicosaldesnudo.com.mx\/index.php\/wp-json\/wp\/v2\/posts\/83948\/revisions\/83950"}],"wp:featuredmedia":[{"embeddable":true,"href":"https:\/\/politicosaldesnudo.com.mx\/index.php\/wp-json\/wp\/v2\/media\/83949"}],"wp:attachment":[{"href":"https:\/\/politicosaldesnudo.com.mx\/index.php\/wp-json\/wp\/v2\/media?parent=83948"}],"wp:term":[{"taxonomy":"category","embeddable":true,"href":"https:\/\/politicosaldesnudo.com.mx\/index.php\/wp-json\/wp\/v2\/categories?post=83948"},{"taxonomy":"post_tag","embeddable":true,"href":"https:\/\/politicosaldesnudo.com.mx\/index.php\/wp-json\/wp\/v2\/tags?post=83948"}],"curies":[{"name":"wp","href":"https:\/\/api.w.org\/{rel}","templated":true}]}}