{"id":83957,"date":"2026-05-02T00:16:30","date_gmt":"2026-05-02T06:16:30","guid":{"rendered":"https:\/\/politicosaldesnudo.com.mx\/?p=83957"},"modified":"2026-05-01T22:33:49","modified_gmt":"2026-05-02T04:33:49","slug":"seccion-22-de-la-cnte-acusa-incumplimientos-de-salomon-jara-y-alista-paro-indefinido-en-oaxaca","status":"publish","type":"post","link":"https:\/\/politicosaldesnudo.com.mx\/index.php\/2026\/05\/02\/seccion-22-de-la-cnte-acusa-incumplimientos-de-salomon-jara-y-alista-paro-indefinido-en-oaxaca\/","title":{"rendered":"Secci\u00f3n 22 de la CNTE acusa incumplimientos de Salom\u00f3n Jara y alista paro indefinido en Oaxaca"},"content":{"rendered":"<p class=\"nota-justify\">El gobierno de Salom\u00f3n Jara Cruz ha incumplido con diversos acuerdos, mismos que han sido retomados en el pliego de demandas de este 2026, se\u00f1al\u00f3 la secretaria general de la secci\u00f3n 22 de la Coordinadora Nacional de los Trabajadores de la Educaci\u00f3n, Yenny P\u00e9rez Mart\u00ednez, quien puntualiz\u00f3 que, de cara al paro indefinido, la gremial se encuentra m\u00e1s fuerte que nunca. Lo anterior lo se\u00f1al\u00f3 durante la marcha en conmemoraci\u00f3n por el D\u00eda Internacional del Trabajo en la ciudad de Oaxaca de Ju\u00e1rez.<\/p>\n<p class=\"nota-justify\" data-start=\"583\" data-end=\"871\">\u201cB\u00e1sicamente se retoman las demandas que hemos impulsado desde a\u00f1os anteriores, es decir, no hay una modificaci\u00f3n de fondo; son demandas que se mantienen vigentes, precisamente porque no hay cumplimiento por parte del gobierno estatal y del gobierno federal\u201d, puntualiz\u00f3 P\u00e9rez Mart\u00ednez.<\/p>\n<p class=\"nota-justify\" data-start=\"873\" data-end=\"1145\">El pliego de demandas se integra de diversas partes, como son las demandas centrales; las educativas; las pol\u00edticas; las de justicia; administrativas; econ\u00f3micas; de seguridad social; sociales y de mejoramiento educativo e infraestructura, con m\u00e1s de 60 puntos en total.<\/p>\n<p class=\"nota-justify\" data-start=\"1147\" data-end=\"1464\">\u201cAqu\u00ed, a nivel estatal, tenemos demandas justas como la necesidad de personal docente y administrativo en todas las escuelas y los niveles educativos\u201d, exigencia que no se ha cumplido por parte del gobierno del estado y que no s\u00f3lo ha sido petici\u00f3n de la coordinadora, sino tambi\u00e9n de los propios padres de familia.<\/p>\n<p class=\"nota-justify\" data-start=\"1466\" data-end=\"1809\">Reiter\u00f3 que hay muchas demandas que no han sido cumplidas; en este sentido, habl\u00f3 de la entrega de mobiliario y equipo tecnol\u00f3gico a las m\u00e1s de 11 mil escuelas de nivel b\u00e1sico de la entidad, lo cual se logr\u00f3 gracias a las movilizaciones de la seccional, pero que, al d\u00eda de hoy, casi dos a\u00f1os despu\u00e9s, no se ha concluido con la distribuci\u00f3n.<\/p>\n<p class=\"nota-justify\" data-start=\"1811\" data-end=\"2027\">En cambio, el gobierno de Salom\u00f3n Jara y diputados se han dedicado a hacer proselitismo de este esquema, se\u00f1alando que son ellos quienes han decidido dotar de estos equipos a las escuelas, cuando esto no es verdad.<\/p>\n<p class=\"nota-justify\" data-start=\"2029\" data-end=\"2362\">A\u00f1adi\u00f3 que hay demandas a nivel nacional que se mantienen, como la derogaci\u00f3n de la reforma educativa Pe\u00f1a-Amlo-Sheinbaum, as\u00ed como la abrogaci\u00f3n de la ley del Issste de 2007; para este punto en espec\u00edfico, hizo un llamado a otros sindicatos para que se unan, pues no s\u00f3lo el magisterio es el afectado, sino todos los trabajadores.<\/p>\n<p class=\"nota-justify\" data-start=\"2364\" data-end=\"2642\">Con respecto al paro indefinido, inform\u00f3 que se realizar\u00e1 una consulta a las bases para definir una fecha y presentarla el 16 de mayo ante la Asamblea Nacional Representativa (ANR) de la CNTE; si bien dijo que ya existen propuestas a nivel nacional, Oaxaca presentar\u00e1 la suya.<\/p>\n","protected":false},"excerpt":{"rendered":"<p>El gobierno de Salom\u00f3n Jara Cruz ha incumplido con diversos acuerdos, mismos que han sido retomados en el pliego de<\/p>\n","protected":false},"author":4,"featured_media":83958,"comment_status":"closed","ping_status":"closed","sticky":false,"template":"","format":"standard","meta":{"colormag_page_container_layout":"default_layout","colormag_page_sidebar_layout":"default_layout","_jetpack_memberships_contains_paid_content":false,"footnotes":"","jetpack_publicize_message":"","jetpack_publicize_feature_enabled":true,"jetpack_social_post_already_shared":true,"jetpack_social_options":{"image_generator_settings":{"template":"highway","default_image_id":0,"font":"","enabled":false},"version":2}},"categories":[30],"tags":[],"class_list":["post-83957","post","type-post","status-publish","format-standard","has-post-thumbnail","hentry","category-estados"],"jetpack_publicize_connections":[],"jetpack_featured_media_url":"https:\/\/i0.wp.com\/politicosaldesnudo.com.mx\/wp-content\/uploads\/2026\/05\/cnte-acusa-incumplimientos-de-salomon-jara-y-alista-paro-indefinido-en-oaxaca_73cbc04e-3688-4103-b4fb-0b536b32b555_medialjnimgndimagefullsize.webp?fit=1200%2C800&ssl=1","jetpack-related-posts":[],"jetpack_sharing_enabled":true,"_links":{"self":[{"href":"https:\/\/politicosaldesnudo.com.mx\/index.php\/wp-json\/wp\/v2\/posts\/83957","targetHints":{"allow":["GET"]}}],"collection":[{"href":"https:\/\/politicosaldesnudo.com.mx\/index.php\/wp-json\/wp\/v2\/posts"}],"about":[{"href":"https:\/\/politicosaldesnudo.com.mx\/index.php\/wp-json\/wp\/v2\/types\/post"}],"author":[{"embeddable":true,"href":"https:\/\/politicosaldesnudo.com.mx\/index.php\/wp-json\/wp\/v2\/users\/4"}],"replies":[{"embeddable":true,"href":"https:\/\/politicosaldesnudo.com.mx\/index.php\/wp-json\/wp\/v2\/comments?post=83957"}],"version-history":[{"count":1,"href":"https:\/\/politicosaldesnudo.com.mx\/index.php\/wp-json\/wp\/v2\/posts\/83957\/revisions"}],"predecessor-version":[{"id":83959,"href":"https:\/\/politicosaldesnudo.com.mx\/index.php\/wp-json\/wp\/v2\/posts\/83957\/revisions\/83959"}],"wp:featuredmedia":[{"embeddable":true,"href":"https:\/\/politicosaldesnudo.com.mx\/index.php\/wp-json\/wp\/v2\/media\/83958"}],"wp:attachment":[{"href":"https:\/\/politicosaldesnudo.com.mx\/index.php\/wp-json\/wp\/v2\/media?parent=83957"}],"wp:term":[{"taxonomy":"category","embeddable":true,"href":"https:\/\/politicosaldesnudo.com.mx\/index.php\/wp-json\/wp\/v2\/categories?post=83957"},{"taxonomy":"post_tag","embeddable":true,"href":"https:\/\/politicosaldesnudo.com.mx\/index.php\/wp-json\/wp\/v2\/tags?post=83957"}],"curies":[{"name":"wp","href":"https:\/\/api.w.org\/{rel}","templated":true}]}}