{"id":8411,"date":"2022-07-28T18:39:04","date_gmt":"2022-07-28T23:39:04","guid":{"rendered":"https:\/\/politicosaldesnudo.com.mx\/?p=8411"},"modified":"2022-07-30T19:05:39","modified_gmt":"2022-07-31T00:05:39","slug":"emotiva-ceremonia-de-graduacion-de-64-ninos-de-los-caic-dif","status":"publish","type":"post","link":"https:\/\/politicosaldesnudo.com.mx\/index.php\/2022\/07\/28\/emotiva-ceremonia-de-graduacion-de-64-ninos-de-los-caic-dif\/","title":{"rendered":"Emotiva ceremonia de graduaci\u00f3n de 64 ni\u00f1os de los CAIC-DIF"},"content":{"rendered":"<p>&nbsp;<\/p>\n<p class=\"p1\"><span style=\"font-size: 18pt;\"><strong>&lt;&lt; El alcalde Jos\u00e9 Manuel Pozos Castro fue padrino de generaci\u00f3n &gt;&gt;<\/strong><\/span><\/p>\n<p>&nbsp;<\/p>\n<p class=\"p1\"><span style=\"font-size: 14pt;\"><em><strong>TUXPAN, Ver.\u00a0<\/strong><\/em> Se lleva a cabo la <strong>ceremonia de graduaci\u00f3n de los siete Centros de Asistencia Infantil Comunitarios<\/strong> (CAIC), del <strong>DIF Tuxpan<\/strong>, El Retiro, Villamar, Ojite, Baltazar, Luis Donaldo Colosio y Sabanillas.<span class=\"Apple-converted-space\">\u00a0<\/span><\/span><\/p>\n<p class=\"p1\"><span style=\"font-size: 18pt;\"><strong>El alcalde Jos\u00e9 Manuel Pozos Castro fungi\u00f3 como padrino de esta generaci\u00f3n 2021 \u2013 2022, donde 64 ni\u00f1as y ni\u00f1os concluyeron la etapa de preescolar.<span class=\"Apple-converted-space\">\u00a0<\/span><\/strong><\/span><\/p>\n<p><img data-recalc-dims=\"1\" loading=\"lazy\" decoding=\"async\" class=\"aligncenter wp-image-8415 size-large\" src=\"https:\/\/i0.wp.com\/politicosaldesnudo.com.mx\/wp-content\/uploads\/2022\/07\/P-GRADUACIO%CC%81N4-1024x573.png?resize=800%2C448&#038;ssl=1\" alt=\"\" width=\"800\" height=\"448\" srcset=\"https:\/\/i0.wp.com\/politicosaldesnudo.com.mx\/wp-content\/uploads\/2022\/07\/P-GRADUACIO%CC%81N4.png?resize=1024%2C573&amp;ssl=1 1024w, https:\/\/i0.wp.com\/politicosaldesnudo.com.mx\/wp-content\/uploads\/2022\/07\/P-GRADUACIO%CC%81N4.png?resize=300%2C168&amp;ssl=1 300w, https:\/\/i0.wp.com\/politicosaldesnudo.com.mx\/wp-content\/uploads\/2022\/07\/P-GRADUACIO%CC%81N4.png?resize=768%2C430&amp;ssl=1 768w, https:\/\/i0.wp.com\/politicosaldesnudo.com.mx\/wp-content\/uploads\/2022\/07\/P-GRADUACIO%CC%81N4.png?resize=1536%2C859&amp;ssl=1 1536w, https:\/\/i0.wp.com\/politicosaldesnudo.com.mx\/wp-content\/uploads\/2022\/07\/P-GRADUACIO%CC%81N4.png?w=1816&amp;ssl=1 1816w, https:\/\/i0.wp.com\/politicosaldesnudo.com.mx\/wp-content\/uploads\/2022\/07\/P-GRADUACIO%CC%81N4.png?w=1600&amp;ssl=1 1600w\" sizes=\"auto, (max-width: 800px) 100vw, 800px\" \/><\/p>\n<p>&nbsp;<\/p>\n<p class=\"p1\"><span style=\"font-size: 14pt;\">En la ceremonia estuvo acompa\u00f1ado por la regidora Maryanela Monroy Flores, comisionada en Promoci\u00f3n y Defensa de los Derechos Humanos de la Ni\u00f1ez y la Infancia; el Mtro. On\u00e9simo P\u00e9rez Ramos, delegado Regional de la SEV en Tuxpan; y Lic. Jorge Arturo Garc\u00eda Robles, director de Educaci\u00f3n.<\/span><\/p>\n<p class=\"p1\"><span style=\"font-size: 18pt;\"><strong>En su mensaje, el alcalde agradeci\u00f3 haber sido elegido padrino de generaci\u00f3n y dijo a los padres de familia: \u201cHoy es un d\u00eda para que se sientan felices, para que abracen mucho a sus hijos y les hagan sentir que son su verdadero y m\u00e1s grande amor\u201d.<\/strong><\/span><\/p>\n<blockquote>\n<p class=\"p1\"><span style=\"font-size: 14pt;\">Ahora son ni\u00f1os m\u00e1s despiertos, m\u00e1s maduros, con conocimientos y habilidades para dar el salto a la Educaci\u00f3n Primaria\u201d<\/span><\/p>\n<\/blockquote>\n<p class=\"p1\"><span style=\"font-size: 18pt;\"><strong>Recalc\u00f3 que en el seno de los CAIC-DIF se fomenta la unidad, el cari\u00f1o, afecto y la pertenencia. <span class=\"Apple-converted-space\">\u00a0<\/span><\/strong><\/span><\/p>\n<p><img data-recalc-dims=\"1\" loading=\"lazy\" decoding=\"async\" class=\"aligncenter wp-image-8412 size-large\" src=\"https:\/\/i0.wp.com\/politicosaldesnudo.com.mx\/wp-content\/uploads\/2022\/07\/P-GRADUACIO%CC%81N1-1024x573.png?resize=800%2C448&#038;ssl=1\" alt=\"\" width=\"800\" height=\"448\" srcset=\"https:\/\/i0.wp.com\/politicosaldesnudo.com.mx\/wp-content\/uploads\/2022\/07\/P-GRADUACIO%CC%81N1.png?resize=1024%2C573&amp;ssl=1 1024w, https:\/\/i0.wp.com\/politicosaldesnudo.com.mx\/wp-content\/uploads\/2022\/07\/P-GRADUACIO%CC%81N1.png?resize=300%2C168&amp;ssl=1 300w, https:\/\/i0.wp.com\/politicosaldesnudo.com.mx\/wp-content\/uploads\/2022\/07\/P-GRADUACIO%CC%81N1.png?resize=768%2C430&amp;ssl=1 768w, https:\/\/i0.wp.com\/politicosaldesnudo.com.mx\/wp-content\/uploads\/2022\/07\/P-GRADUACIO%CC%81N1.png?resize=1536%2C859&amp;ssl=1 1536w, https:\/\/i0.wp.com\/politicosaldesnudo.com.mx\/wp-content\/uploads\/2022\/07\/P-GRADUACIO%CC%81N1.png?w=1816&amp;ssl=1 1816w, https:\/\/i0.wp.com\/politicosaldesnudo.com.mx\/wp-content\/uploads\/2022\/07\/P-GRADUACIO%CC%81N1.png?w=1600&amp;ssl=1 1600w\" sizes=\"auto, (max-width: 800px) 100vw, 800px\" \/><\/p>\n<p>&nbsp;<\/p>\n<p class=\"p1\"><span style=\"font-size: 18pt;\"><strong>Jos\u00e9 Manuel Pozos <span style=\"color: #139eca;\">agradeci\u00f3 al personal de los Centros de Asistencia<\/span> por ocuparse de los peque\u00f1os, <span style=\"color: #139eca;\">a los que no solo les brindaron una ense\u00f1anza de calidad, tambi\u00e9n les dieron amor.<\/span><\/strong><\/span><\/p>\n<p class=\"p1\"><span style=\"font-size: 14pt;\">Asimismo, reconoci\u00f3 la labor del equipo del DIF Tuxpan y el trabajo de su esposa, la Lic. Pamela Morales de Pozos, en favor del desarrollo integral de las ni\u00f1as y ni\u00f1os del municipio.<span class=\"Apple-converted-space\">\u00a0<\/span><\/span><\/p>\n<blockquote>\n<p class=\"p1\"><span style=\"font-size: 14pt;\">Como padrino de generaci\u00f3n, les deseo a todas las ni\u00f1as y ni\u00f1os que vayan por la vida sin ning\u00fan miedo al \u00e9xito\u201d<\/span><\/p>\n<\/blockquote>\n<p class=\"p1\"><span style=\"font-size: 14pt;\">Tambi\u00e9n estuvieron presentes el Psic\u00f3logo Eliseo Reyes Melchor, director del Sistema DIF Municipal, la Qu\u00edm. Melba L\u00f3pez Guti\u00e9rrez, subdirectora del DIF Municipal; la Lic. Mar\u00eda Cristina Hern\u00e1ndez Cobos, coordinadora de Asistencia Educativa, quienes fueron parte fundamental en la formaci\u00f3n de estos ni\u00f1os.<span class=\"Apple-converted-space\">\u00a0<\/span><\/span><\/p>\n<p class=\"p1\"><span style=\"font-size: 14pt;\">As\u00ed como las regidoras y regidores, Lic. Mar\u00eda del Pilar Mart\u00ednez Matesanz, C.P. Juan G\u00f3mez Garc\u00eda, Lic. Lucero Res\u00e9ndis Ambrocio, Prof. Luis Demetrio L\u00f3pez Mar\u00edn y Lic. Axel Bernal Herrera.<\/span><\/p>\n<p>&nbsp;<\/p>\n<p><img data-recalc-dims=\"1\" loading=\"lazy\" decoding=\"async\" class=\"aligncenter wp-image-8413 size-large\" src=\"https:\/\/i0.wp.com\/politicosaldesnudo.com.mx\/wp-content\/uploads\/2022\/07\/P-GRADUACIO%CC%81N2-1024x573.png?resize=800%2C448&#038;ssl=1\" alt=\"\" width=\"800\" height=\"448\" srcset=\"https:\/\/i0.wp.com\/politicosaldesnudo.com.mx\/wp-content\/uploads\/2022\/07\/P-GRADUACIO%CC%81N2.png?resize=1024%2C573&amp;ssl=1 1024w, https:\/\/i0.wp.com\/politicosaldesnudo.com.mx\/wp-content\/uploads\/2022\/07\/P-GRADUACIO%CC%81N2.png?resize=300%2C168&amp;ssl=1 300w, https:\/\/i0.wp.com\/politicosaldesnudo.com.mx\/wp-content\/uploads\/2022\/07\/P-GRADUACIO%CC%81N2.png?resize=768%2C430&amp;ssl=1 768w, https:\/\/i0.wp.com\/politicosaldesnudo.com.mx\/wp-content\/uploads\/2022\/07\/P-GRADUACIO%CC%81N2.png?resize=1536%2C859&amp;ssl=1 1536w, https:\/\/i0.wp.com\/politicosaldesnudo.com.mx\/wp-content\/uploads\/2022\/07\/P-GRADUACIO%CC%81N2.png?w=1816&amp;ssl=1 1816w, https:\/\/i0.wp.com\/politicosaldesnudo.com.mx\/wp-content\/uploads\/2022\/07\/P-GRADUACIO%CC%81N2.png?w=1600&amp;ssl=1 1600w\" sizes=\"auto, (max-width: 800px) 100vw, 800px\" \/><\/p>\n<p>&nbsp;<\/p>\n<p>&nbsp;<\/p>\n<p>&nbsp;<\/p>\n<p>&nbsp;<\/p>\n<p>&nbsp;<\/p>\n","protected":false},"excerpt":{"rendered":"<p>&nbsp; &lt;&lt; El alcalde Jos\u00e9 Manuel Pozos Castro fue padrino de generaci\u00f3n &gt;&gt; &nbsp; TUXPAN, Ver.\u00a0 Se lleva a cabo<\/p>\n","protected":false},"author":4,"featured_media":8414,"comment_status":"closed","ping_status":"closed","sticky":false,"template":"","format":"standard","meta":{"colormag_page_container_layout":"default_layout","colormag_page_sidebar_layout":"default_layout","_jetpack_memberships_contains_paid_content":false,"footnotes":"","jetpack_publicize_message":"","jetpack_publicize_feature_enabled":true,"jetpack_social_post_already_shared":false,"jetpack_social_options":{"image_generator_settings":{"template":"highway","default_image_id":0,"font":"","enabled":false},"version":2}},"categories":[1082],"tags":[1248,1099,576,70,100],"class_list":["post-8411","post","type-post","status-publish","format-standard","has-post-thumbnail","hentry","category-tuxpan","tag-caic","tag-dif-tuxpan","tag-jose-manuel-pozos","tag-tuxpan","tag-veracruz"],"jetpack_publicize_connections":[],"jetpack_featured_media_url":"https:\/\/i0.wp.com\/politicosaldesnudo.com.mx\/wp-content\/uploads\/2022\/07\/P-GRADUACIO%CC%81N3.png?fit=1816%2C1016&ssl=1","jetpack-related-posts":[],"jetpack_sharing_enabled":true,"_links":{"self":[{"href":"https:\/\/politicosaldesnudo.com.mx\/index.php\/wp-json\/wp\/v2\/posts\/8411","targetHints":{"allow":["GET"]}}],"collection":[{"href":"https:\/\/politicosaldesnudo.com.mx\/index.php\/wp-json\/wp\/v2\/posts"}],"about":[{"href":"https:\/\/politicosaldesnudo.com.mx\/index.php\/wp-json\/wp\/v2\/types\/post"}],"author":[{"embeddable":true,"href":"https:\/\/politicosaldesnudo.com.mx\/index.php\/wp-json\/wp\/v2\/users\/4"}],"replies":[{"embeddable":true,"href":"https:\/\/politicosaldesnudo.com.mx\/index.php\/wp-json\/wp\/v2\/comments?post=8411"}],"version-history":[{"count":0,"href":"https:\/\/politicosaldesnudo.com.mx\/index.php\/wp-json\/wp\/v2\/posts\/8411\/revisions"}],"wp:featuredmedia":[{"embeddable":true,"href":"https:\/\/politicosaldesnudo.com.mx\/index.php\/wp-json\/wp\/v2\/media\/8414"}],"wp:attachment":[{"href":"https:\/\/politicosaldesnudo.com.mx\/index.php\/wp-json\/wp\/v2\/media?parent=8411"}],"wp:term":[{"taxonomy":"category","embeddable":true,"href":"https:\/\/politicosaldesnudo.com.mx\/index.php\/wp-json\/wp\/v2\/categories?post=8411"},{"taxonomy":"post_tag","embeddable":true,"href":"https:\/\/politicosaldesnudo.com.mx\/index.php\/wp-json\/wp\/v2\/tags?post=8411"}],"curies":[{"name":"wp","href":"https:\/\/api.w.org\/{rel}","templated":true}]}}