{"id":8427,"date":"2022-07-31T19:49:46","date_gmt":"2022-08-01T00:49:46","guid":{"rendered":"https:\/\/politicosaldesnudo.com.mx\/?p=8427"},"modified":"2022-07-31T22:26:36","modified_gmt":"2022-08-01T03:26:36","slug":"tuxpan-sigue-rompiendo-records","status":"publish","type":"post","link":"https:\/\/politicosaldesnudo.com.mx\/index.php\/2022\/07\/31\/tuxpan-sigue-rompiendo-records\/","title":{"rendered":"\u00a1Tuxpan sigue rompiendo r\u00e9cords!"},"content":{"rendered":"<p>&nbsp;<\/p>\n<p><span style=\"font-size: 18pt;\"><strong>\u00a0&lt;&lt; El <span style=\"color: #1393ca;\">\u201cConejoFest 2022\u201d<\/span> registr\u00f3 la asistencia de m\u00e1s de 5,000 motociclistas &gt;&gt;<\/strong><\/span><\/p>\n<p>&nbsp;<\/p>\n<p><span style=\"font-size: 14pt;\"><em><strong>TUXPAN, Ver.<\/strong><\/em> M\u00e1s de <strong>5,000 motociclistas<\/strong> de todo el pa\u00eds llegaron a <strong>Tuxpan para participar en el \u201cConejoFest 2022\u201d,<\/strong> que es el mayor evento de este verano y est\u00e1 dejando una gran derrama econ\u00f3mica y una excelente ocupaci\u00f3n hotelera.<\/span><\/p>\n<p><img data-recalc-dims=\"1\" loading=\"lazy\" decoding=\"async\" class=\"aligncenter wp-image-8436 size-large\" src=\"https:\/\/i0.wp.com\/politicosaldesnudo.com.mx\/wp-content\/uploads\/2022\/07\/P-MOTOCICLETAS-TUXPAN8-1024x573.png?resize=800%2C448&#038;ssl=1\" alt=\"\" width=\"800\" height=\"448\" srcset=\"https:\/\/i0.wp.com\/politicosaldesnudo.com.mx\/wp-content\/uploads\/2022\/07\/P-MOTOCICLETAS-TUXPAN8.png?resize=1024%2C573&amp;ssl=1 1024w, https:\/\/i0.wp.com\/politicosaldesnudo.com.mx\/wp-content\/uploads\/2022\/07\/P-MOTOCICLETAS-TUXPAN8.png?resize=300%2C168&amp;ssl=1 300w, https:\/\/i0.wp.com\/politicosaldesnudo.com.mx\/wp-content\/uploads\/2022\/07\/P-MOTOCICLETAS-TUXPAN8.png?resize=768%2C430&amp;ssl=1 768w, https:\/\/i0.wp.com\/politicosaldesnudo.com.mx\/wp-content\/uploads\/2022\/07\/P-MOTOCICLETAS-TUXPAN8.png?resize=1536%2C859&amp;ssl=1 1536w, https:\/\/i0.wp.com\/politicosaldesnudo.com.mx\/wp-content\/uploads\/2022\/07\/P-MOTOCICLETAS-TUXPAN8.png?w=1816&amp;ssl=1 1816w, https:\/\/i0.wp.com\/politicosaldesnudo.com.mx\/wp-content\/uploads\/2022\/07\/P-MOTOCICLETAS-TUXPAN8.png?w=1600&amp;ssl=1 1600w\" sizes=\"auto, (max-width: 800px) 100vw, 800px\" \/><\/p>\n<p>&nbsp;<\/p>\n<blockquote><p><span style=\"font-size: 14pt;\">Es un gran orgullo dar la m\u00e1s cordial de las bienvenidas a los verdaderos amantes de las motos, al Puerto de la Esperanza y al Conejo Fest 2022\u201d, expres\u00f3 el alcalde Jos\u00e9 Manuel Pozos Castro, en su mensaje a los motociclistas.<\/span><\/p><\/blockquote>\n<p><span style=\"font-size: 18pt;\"><strong>En nombre del gobernador Ing. Cuitl\u00e1huac Garc\u00eda Jim\u00e9nez les hizo llegar un afectuoso saludo y el deseo de una estancia inolvidable.<\/strong><\/span><\/p>\n<p><img data-recalc-dims=\"1\" loading=\"lazy\" decoding=\"async\" class=\"aligncenter wp-image-8435 size-large\" src=\"https:\/\/i0.wp.com\/politicosaldesnudo.com.mx\/wp-content\/uploads\/2022\/07\/P-MOTOCICLETAS-TUXPAN7-1024x573.png?resize=800%2C448&#038;ssl=1\" alt=\"\" width=\"800\" height=\"448\" srcset=\"https:\/\/i0.wp.com\/politicosaldesnudo.com.mx\/wp-content\/uploads\/2022\/07\/P-MOTOCICLETAS-TUXPAN7.png?resize=1024%2C573&amp;ssl=1 1024w, https:\/\/i0.wp.com\/politicosaldesnudo.com.mx\/wp-content\/uploads\/2022\/07\/P-MOTOCICLETAS-TUXPAN7.png?resize=300%2C168&amp;ssl=1 300w, https:\/\/i0.wp.com\/politicosaldesnudo.com.mx\/wp-content\/uploads\/2022\/07\/P-MOTOCICLETAS-TUXPAN7.png?resize=768%2C430&amp;ssl=1 768w, https:\/\/i0.wp.com\/politicosaldesnudo.com.mx\/wp-content\/uploads\/2022\/07\/P-MOTOCICLETAS-TUXPAN7.png?resize=1536%2C859&amp;ssl=1 1536w, https:\/\/i0.wp.com\/politicosaldesnudo.com.mx\/wp-content\/uploads\/2022\/07\/P-MOTOCICLETAS-TUXPAN7.png?w=1816&amp;ssl=1 1816w, https:\/\/i0.wp.com\/politicosaldesnudo.com.mx\/wp-content\/uploads\/2022\/07\/P-MOTOCICLETAS-TUXPAN7.png?w=1600&amp;ssl=1 1600w\" sizes=\"auto, (max-width: 800px) 100vw, 800px\" \/><\/p>\n<p>&nbsp;<\/p>\n<p><span style=\"font-size: 18pt;\"><strong>La primera autoridad del municipio destac\u00f3 que hoy todos <span style=\"color: #139eca;\">los caminos conducen a Tuxpan, porque Tuxpan est\u00e1 de moda.<\/span><\/strong><\/span><\/p>\n<p>&nbsp;<\/p>\n<p><img data-recalc-dims=\"1\" loading=\"lazy\" decoding=\"async\" class=\"aligncenter wp-image-8434 size-large\" src=\"https:\/\/i0.wp.com\/politicosaldesnudo.com.mx\/wp-content\/uploads\/2022\/07\/P-MOTOCICLETAS-TUXPAN6-1024x573.png?resize=800%2C448&#038;ssl=1\" alt=\"\" width=\"800\" height=\"448\" srcset=\"https:\/\/i0.wp.com\/politicosaldesnudo.com.mx\/wp-content\/uploads\/2022\/07\/P-MOTOCICLETAS-TUXPAN6.png?resize=1024%2C573&amp;ssl=1 1024w, https:\/\/i0.wp.com\/politicosaldesnudo.com.mx\/wp-content\/uploads\/2022\/07\/P-MOTOCICLETAS-TUXPAN6.png?resize=300%2C168&amp;ssl=1 300w, https:\/\/i0.wp.com\/politicosaldesnudo.com.mx\/wp-content\/uploads\/2022\/07\/P-MOTOCICLETAS-TUXPAN6.png?resize=768%2C430&amp;ssl=1 768w, https:\/\/i0.wp.com\/politicosaldesnudo.com.mx\/wp-content\/uploads\/2022\/07\/P-MOTOCICLETAS-TUXPAN6.png?resize=1536%2C859&amp;ssl=1 1536w, https:\/\/i0.wp.com\/politicosaldesnudo.com.mx\/wp-content\/uploads\/2022\/07\/P-MOTOCICLETAS-TUXPAN6.png?w=1816&amp;ssl=1 1816w, https:\/\/i0.wp.com\/politicosaldesnudo.com.mx\/wp-content\/uploads\/2022\/07\/P-MOTOCICLETAS-TUXPAN6.png?w=1600&amp;ssl=1 1600w\" sizes=\"auto, (max-width: 800px) 100vw, 800px\" \/><\/p>\n<p>&nbsp;<\/p>\n<p><span style=\"font-size: 18pt;\"><strong><span style=\"color: #139eca;\">El \u201cConejoFest\u201d ha puesto todas las miradas de Veracruz y de M\u00e9xico en este puerto<\/span>, por lo que pidi\u00f3 a la Comunidad Biker que sean embajadores de Tuxpan en cada uno de sus estados.<\/strong><\/span><\/p>\n<p>&nbsp;<\/p>\n<p><img data-recalc-dims=\"1\" loading=\"lazy\" decoding=\"async\" class=\"aligncenter wp-image-8430 size-large\" src=\"https:\/\/i0.wp.com\/politicosaldesnudo.com.mx\/wp-content\/uploads\/2022\/07\/P-MOTOCICLETAS-TUXPAN2-1024x573.png?resize=800%2C448&#038;ssl=1\" alt=\"\" width=\"800\" height=\"448\" srcset=\"https:\/\/i0.wp.com\/politicosaldesnudo.com.mx\/wp-content\/uploads\/2022\/07\/P-MOTOCICLETAS-TUXPAN2.png?resize=1024%2C573&amp;ssl=1 1024w, https:\/\/i0.wp.com\/politicosaldesnudo.com.mx\/wp-content\/uploads\/2022\/07\/P-MOTOCICLETAS-TUXPAN2.png?resize=300%2C168&amp;ssl=1 300w, https:\/\/i0.wp.com\/politicosaldesnudo.com.mx\/wp-content\/uploads\/2022\/07\/P-MOTOCICLETAS-TUXPAN2.png?resize=768%2C430&amp;ssl=1 768w, https:\/\/i0.wp.com\/politicosaldesnudo.com.mx\/wp-content\/uploads\/2022\/07\/P-MOTOCICLETAS-TUXPAN2.png?resize=1536%2C859&amp;ssl=1 1536w, https:\/\/i0.wp.com\/politicosaldesnudo.com.mx\/wp-content\/uploads\/2022\/07\/P-MOTOCICLETAS-TUXPAN2.png?w=1816&amp;ssl=1 1816w, https:\/\/i0.wp.com\/politicosaldesnudo.com.mx\/wp-content\/uploads\/2022\/07\/P-MOTOCICLETAS-TUXPAN2.png?w=1600&amp;ssl=1 1600w\" sizes=\"auto, (max-width: 800px) 100vw, 800px\" \/><\/p>\n<p>&nbsp;<\/p>\n<p><span style=\"font-size: 18pt;\"><strong>El presidente municipal agradeci\u00f3 a Roberto Ang, Santiago Carus, Mario Rodr\u00edguez, Pepe Ortega, Mario York y a todos los que participaron en la organizaci\u00f3n, por el reconocimiento que le otorgaron y los felicit\u00f3 por este magn\u00edfico evento.<\/strong><\/span><\/p>\n<p><span style=\"font-size: 14pt;\">Tambi\u00e9n agradeci\u00f3 a la Secretar\u00eda de Marina, Sedena, Fuerza Civil, SSP Estatal, SSP Municipal, personal de salud y de emergencias, por todo el respaldo para brindar seguridad total a este festival.<\/span><\/p>\n<p>&nbsp;<\/p>\n<p><img data-recalc-dims=\"1\" loading=\"lazy\" decoding=\"async\" class=\"aligncenter wp-image-8433 size-large\" src=\"https:\/\/i0.wp.com\/politicosaldesnudo.com.mx\/wp-content\/uploads\/2022\/07\/P-MOTOCICLETAS-TUXPAN5-1024x573.png?resize=800%2C448&#038;ssl=1\" alt=\"\" width=\"800\" height=\"448\" srcset=\"https:\/\/i0.wp.com\/politicosaldesnudo.com.mx\/wp-content\/uploads\/2022\/07\/P-MOTOCICLETAS-TUXPAN5.png?resize=1024%2C573&amp;ssl=1 1024w, https:\/\/i0.wp.com\/politicosaldesnudo.com.mx\/wp-content\/uploads\/2022\/07\/P-MOTOCICLETAS-TUXPAN5.png?resize=300%2C168&amp;ssl=1 300w, https:\/\/i0.wp.com\/politicosaldesnudo.com.mx\/wp-content\/uploads\/2022\/07\/P-MOTOCICLETAS-TUXPAN5.png?resize=768%2C430&amp;ssl=1 768w, https:\/\/i0.wp.com\/politicosaldesnudo.com.mx\/wp-content\/uploads\/2022\/07\/P-MOTOCICLETAS-TUXPAN5.png?resize=1536%2C859&amp;ssl=1 1536w, https:\/\/i0.wp.com\/politicosaldesnudo.com.mx\/wp-content\/uploads\/2022\/07\/P-MOTOCICLETAS-TUXPAN5.png?w=1816&amp;ssl=1 1816w, https:\/\/i0.wp.com\/politicosaldesnudo.com.mx\/wp-content\/uploads\/2022\/07\/P-MOTOCICLETAS-TUXPAN5.png?w=1600&amp;ssl=1 1600w\" sizes=\"auto, (max-width: 800px) 100vw, 800px\" \/><\/p>\n<p>&nbsp;<\/p>\n<blockquote><p><span style=\"font-size: 14pt;\">Este ha sido uno de los eventos m\u00e1s espectaculares del verano. El pr\u00f3ximo a\u00f1o ser\u00e1 algo mucho m\u00e1s grande, al que todos querr\u00e1n venir\u201d, concluy\u00f3.<\/span><\/p><\/blockquote>\n<p>&nbsp;<\/p>\n<p><img data-recalc-dims=\"1\" loading=\"lazy\" decoding=\"async\" class=\"aligncenter wp-image-8437 size-large\" src=\"https:\/\/i0.wp.com\/politicosaldesnudo.com.mx\/wp-content\/uploads\/2022\/07\/WhatsApp-Image-2022-07-30-at-10.03.02-PM-1014x1024.jpeg?resize=800%2C808&#038;ssl=1\" alt=\"\" width=\"800\" height=\"808\" srcset=\"https:\/\/i0.wp.com\/politicosaldesnudo.com.mx\/wp-content\/uploads\/2022\/07\/WhatsApp-Image-2022-07-30-at-10.03.02-PM.jpeg?resize=1014%2C1024&amp;ssl=1 1014w, https:\/\/i0.wp.com\/politicosaldesnudo.com.mx\/wp-content\/uploads\/2022\/07\/WhatsApp-Image-2022-07-30-at-10.03.02-PM.jpeg?resize=297%2C300&amp;ssl=1 297w, https:\/\/i0.wp.com\/politicosaldesnudo.com.mx\/wp-content\/uploads\/2022\/07\/WhatsApp-Image-2022-07-30-at-10.03.02-PM.jpeg?resize=768%2C775&amp;ssl=1 768w, https:\/\/i0.wp.com\/politicosaldesnudo.com.mx\/wp-content\/uploads\/2022\/07\/WhatsApp-Image-2022-07-30-at-10.03.02-PM.jpeg?w=1268&amp;ssl=1 1268w\" sizes=\"auto, (max-width: 800px) 100vw, 800px\" \/><\/p>\n<p>&nbsp;<\/p>\n<p>&nbsp;<\/p>\n","protected":false},"excerpt":{"rendered":"<p>&nbsp; \u00a0&lt;&lt; El \u201cConejoFest 2022\u201d registr\u00f3 la asistencia de m\u00e1s de 5,000 motociclistas &gt;&gt; &nbsp; TUXPAN, Ver. M\u00e1s de 5,000<\/p>\n","protected":false},"author":4,"featured_media":8429,"comment_status":"closed","ping_status":"closed","sticky":false,"template":"","format":"standard","meta":{"colormag_page_container_layout":"default_layout","colormag_page_sidebar_layout":"default_layout","_jetpack_memberships_contains_paid_content":false,"footnotes":"","jetpack_publicize_message":"","jetpack_publicize_feature_enabled":true,"jetpack_social_post_already_shared":false,"jetpack_social_options":{"image_generator_settings":{"template":"highway","default_image_id":0,"font":"","enabled":false},"version":2}},"categories":[1082],"tags":[1249,576,1250,70,100],"class_list":["post-8427","post","type-post","status-publish","format-standard","has-post-thumbnail","hentry","category-tuxpan","tag-conejo-fest","tag-jose-manuel-pozos","tag-motociclistas","tag-tuxpan","tag-veracruz"],"jetpack_publicize_connections":[],"jetpack_featured_media_url":"https:\/\/i0.wp.com\/politicosaldesnudo.com.mx\/wp-content\/uploads\/2022\/07\/P-MOTOCICLETAS-TUXPAN1.png?fit=1816%2C1016&ssl=1","jetpack-related-posts":[],"jetpack_sharing_enabled":true,"_links":{"self":[{"href":"https:\/\/politicosaldesnudo.com.mx\/index.php\/wp-json\/wp\/v2\/posts\/8427","targetHints":{"allow":["GET"]}}],"collection":[{"href":"https:\/\/politicosaldesnudo.com.mx\/index.php\/wp-json\/wp\/v2\/posts"}],"about":[{"href":"https:\/\/politicosaldesnudo.com.mx\/index.php\/wp-json\/wp\/v2\/types\/post"}],"author":[{"embeddable":true,"href":"https:\/\/politicosaldesnudo.com.mx\/index.php\/wp-json\/wp\/v2\/users\/4"}],"replies":[{"embeddable":true,"href":"https:\/\/politicosaldesnudo.com.mx\/index.php\/wp-json\/wp\/v2\/comments?post=8427"}],"version-history":[{"count":0,"href":"https:\/\/politicosaldesnudo.com.mx\/index.php\/wp-json\/wp\/v2\/posts\/8427\/revisions"}],"wp:featuredmedia":[{"embeddable":true,"href":"https:\/\/politicosaldesnudo.com.mx\/index.php\/wp-json\/wp\/v2\/media\/8429"}],"wp:attachment":[{"href":"https:\/\/politicosaldesnudo.com.mx\/index.php\/wp-json\/wp\/v2\/media?parent=8427"}],"wp:term":[{"taxonomy":"category","embeddable":true,"href":"https:\/\/politicosaldesnudo.com.mx\/index.php\/wp-json\/wp\/v2\/categories?post=8427"},{"taxonomy":"post_tag","embeddable":true,"href":"https:\/\/politicosaldesnudo.com.mx\/index.php\/wp-json\/wp\/v2\/tags?post=8427"}],"curies":[{"name":"wp","href":"https:\/\/api.w.org\/{rel}","templated":true}]}}