{"id":8464,"date":"2022-08-01T01:23:52","date_gmt":"2022-08-01T06:23:52","guid":{"rendered":"https:\/\/politicosaldesnudo.com.mx\/?p=8464"},"modified":"2022-08-01T01:23:52","modified_gmt":"2022-08-01T06:23:52","slug":"en-el-gobierno-toman-partido-claudia-o-adan-augusto","status":"publish","type":"post","link":"https:\/\/politicosaldesnudo.com.mx\/index.php\/2022\/08\/01\/en-el-gobierno-toman-partido-claudia-o-adan-augusto\/","title":{"rendered":"En el Gobierno toman partido: Claudia o Ad\u00e1n Augusto"},"content":{"rendered":"<p class=\"p3\">\n<p>&nbsp;<\/p>\n<p class=\"p3\"><span style=\"font-size: 18pt;\"><b>Por Jos\u00e9 Ure\u00f1a<\/b><\/span><\/p>\n<p class=\"p3\"><span style=\"font-size: 14pt;\">Ya es una carrera descarada. A estas alturas, todos parecen estar en ruta para acomodarse con mel\u00f3n (Ad\u00e1n Augusto L\u00f3pez) o con sand\u00eda (Claudia Sheinbaum).<\/span><\/p>\n<p class=\"p3\"><span style=\"font-size: 14pt;\">Entre los funcionarios del Gobierno y los militantes de peso los ubican como los due\u00f1os \u00fanicos de los afectos presidenciales hacia la sucesi\u00f3n nacional de 2024.<\/span><\/p>\n<p class=\"p3\"><span style=\"font-size: 14pt;\">En sus percepciones ya no figuran Ricardo Monreal ni Marcelo Ebrard, el primero excluido de la lista de corcholatas y el segundo descalificado por su jefe.<\/span><\/p>\n<p class=\"p3\"><span style=\"font-size: 14pt;\">Los dos creen conocer a L\u00f3pez Obrador y aunque a su manera intuyen sus acciones y reacciones, han tomado caminos distintos en la contienda interna.<\/span><\/p>\n<p class=\"p3\"><span style=\"font-size: 14pt;\">El canciller aguant\u00f3 el rega\u00f1o del mi\u00e9rcoles pasado, cuando lo acus\u00f3 de \u201cmenospreciar a la gente\u201d por cuestionar \u201cel piso parejo\u201d para las corcholatas.<\/span><\/p>\n<p class=\"p3\"><span style=\"font-size: 14pt;\">Dijo el Presidente:<\/span><\/p>\n<p class=\"p3\"><span style=\"font-size: 14pt;\">\u201c\u2026yo voy a apoyar al que gane la encuesta, y tambi\u00e9n cuando se habla de que no hay piso parejo es un menosprecio a la gente porque ya nadie se deja manipular. Que no se use como excusa. \u00bfC\u00f3mo no va a haber piso parejo si va a ser el pueblo el que va a decidir?\u201d.<\/span><\/p>\n<p class=\"p3\"><span style=\"font-size: 14pt;\">Aun as\u00ed, Ebrard formaliz\u00f3 su afiliaci\u00f3n a Morena y su intenci\u00f3n de participar.<\/span><\/p>\n<p class=\"p3\"><span style=\"font-size: 14pt;\">En contraste con Monreal, quien no se prest\u00f3 a la mascarada disfrazada de elecci\u00f3n finsemanera urdida desde el poder y ejecutada por el personero Mario Delgado.<\/span><\/p>\n<p>&nbsp;<\/p>\n<p class=\"p3\"><span style=\"font-size: 18pt; color: #139eca;\"><b>DUROS Y GRUPO TABASCO<\/b><\/span><\/p>\n<p class=\"p3\"><span style=\"font-size: 14pt;\">Como quedan dos, acaparan adhesiones y ambiciones.<\/span><\/p>\n<p class=\"p3\"><span style=\"font-size: 14pt;\">Las posiciones de cada uno est\u00e1n claras:<\/span><\/p>\n<p class=\"p3\"><span style=\"font-size: 14pt;\">Claudia Sheinbaum representa la izquierda hist\u00f3rica, identificada en sus or\u00edgenes activistas con la UNAM y por lo tanto con posiciones irreductibles.<\/span><\/p>\n<p class=\"p3\"><span style=\"font-size: 14pt;\">Ella se identifica con el grupo duro, por no llamarle rudo, y con quien se han alineado Mart\u00ed Batres, Ignacio Mier, Cuitl\u00e1huac Garc\u00eda y miembros del gabinete conocidos como intransigentes.<\/span><\/p>\n<p class=\"p3\"><span style=\"font-size: 14pt;\">M\u00e1s visible y numeroso es el aglutinamiento en torno a Ad\u00e1n Augusto L\u00f3pez, hacia quien van los empe\u00f1os de Palacio para darle imagen presidencial y forma a su precampa\u00f1a.<\/span><\/p>\n<p class=\"p3\"><span style=\"font-size: 14pt;\">Internamente se ha bautizado Grupo Tabasco, al cual pertenecen obviamente \u00e9l, L\u00f3pez Obrador, Octavio Romero, los May, Gabriel Garc\u00eda Hern\u00e1ndez y Carlos Torres Rosas.<\/span><\/p>\n<p class=\"p3\"><span style=\"font-size: 14pt;\">Por si le sirve el dato: Garc\u00eda Hern\u00e1ndez manej\u00f3 los programas sociales hasta junio de 2021 cuando fue cesado por los resultados electorales, pero su sucesor es Torres Rosas y deber\u00e1 responder por 2023 y 2024.<\/span><\/p>\n<p>&nbsp;<\/p>\n<p class=\"p3\"><span style=\"font-size: 18pt; color: #139eca;\"><b>REENCARNACI\u00d3N DEL PRD<\/b><\/span><\/p>\n<p class=\"p3\"><span style=\"font-size: 14pt;\">1.- Muchos ven en Morena la reencarnaci\u00f3n del PRI m\u00e1s rancio.<\/span><\/p>\n<p class=\"p3\"><span style=\"font-size: 14pt;\">M\u00e1s bien aquel PRI se transform\u00f3 en PRD y, al juntarse con el PSUM y otros partidos y organizaciones se volvi\u00f3 en una guerra de tribus.<\/span><\/p>\n<p class=\"p3\"><span style=\"font-size: 14pt;\">Cuauht\u00e9moc C\u00e1rdenas no pudo acabar con esos grupos, Los Chuchos coparon los \u00f3rganos de Gobierno y por ello L\u00f3pez Obrador nunca lo domin\u00f3.<\/span><\/p>\n<p class=\"p3\"><span style=\"font-size: 14pt;\">Ganaba votos en elecciones, pero perd\u00eda internamente, al grado de verse marginado tras su segunda derrota en 2012 ante Enrique Pe\u00f1a.<\/span><\/p>\n<p class=\"p3\"><span style=\"font-size: 14pt;\">Se fue con parte la militancia, las m\u00faltiples tribus y los s\u00edndromes acumulados en PRI, PSUM, PRD y dem\u00e1s facciones.<\/span><\/p>\n<p class=\"p3\"><span style=\"font-size: 14pt;\">Con esos antecedentes, \u00bfalguien esperaba una vida ordenada, civilizada y democr\u00e1tica en Morena?<\/span><\/p>\n<p class=\"p3\"><span style=\"font-size: 14pt;\">Eso nunca lo veremos.<\/span><\/p>\n<p class=\"p3\"><span style=\"font-size: 14pt;\">Y 2.- Carlos Joaqu\u00edn se va, pero deja muchos proyectos y cuantiosas inversiones, entre ellos los anunciados por el Presidente por 7 mil 300 millones el fin de semana para Canc\u00fan y Tulum.<\/span><\/p>\n<p>&nbsp;<\/p>\n<p>&nbsp;<\/p>\n<p><span style=\"font-size: 18pt; color: #319eca;\"><em><strong>**Las columnas firmadas en este medio son responsabilidad de quienes las firman**<\/strong><\/em><\/span><\/p>\n<p>&nbsp;<\/p>\n<p>&nbsp;<\/p>\n<p>&nbsp;<\/p>\n","protected":false},"excerpt":{"rendered":"<p>&nbsp; Por Jos\u00e9 Ure\u00f1a Ya es una carrera descarada. A estas alturas, todos parecen estar en ruta para acomodarse con<\/p>\n","protected":false},"author":4,"featured_media":4036,"comment_status":"closed","ping_status":"closed","sticky":false,"template":"","format":"standard","meta":{"colormag_page_container_layout":"default_layout","colormag_page_sidebar_layout":"default_layout","_jetpack_memberships_contains_paid_content":false,"footnotes":"","jetpack_publicize_message":"","jetpack_publicize_feature_enabled":true,"jetpack_social_post_already_shared":false,"jetpack_social_options":{"image_generator_settings":{"template":"highway","default_image_id":0,"font":"","enabled":false},"version":2}},"categories":[26],"tags":[],"class_list":["post-8464","post","type-post","status-publish","format-standard","has-post-thumbnail","hentry","category-columnistas"],"jetpack_publicize_connections":[],"jetpack_featured_media_url":"https:\/\/i0.wp.com\/politicosaldesnudo.com.mx\/wp-content\/uploads\/2022\/04\/JOSE%CC%81-UREN%CC%83A-1.png?fit=1816%2C1016&ssl=1","jetpack-related-posts":[],"jetpack_sharing_enabled":true,"_links":{"self":[{"href":"https:\/\/politicosaldesnudo.com.mx\/index.php\/wp-json\/wp\/v2\/posts\/8464","targetHints":{"allow":["GET"]}}],"collection":[{"href":"https:\/\/politicosaldesnudo.com.mx\/index.php\/wp-json\/wp\/v2\/posts"}],"about":[{"href":"https:\/\/politicosaldesnudo.com.mx\/index.php\/wp-json\/wp\/v2\/types\/post"}],"author":[{"embeddable":true,"href":"https:\/\/politicosaldesnudo.com.mx\/index.php\/wp-json\/wp\/v2\/users\/4"}],"replies":[{"embeddable":true,"href":"https:\/\/politicosaldesnudo.com.mx\/index.php\/wp-json\/wp\/v2\/comments?post=8464"}],"version-history":[{"count":0,"href":"https:\/\/politicosaldesnudo.com.mx\/index.php\/wp-json\/wp\/v2\/posts\/8464\/revisions"}],"wp:featuredmedia":[{"embeddable":true,"href":"https:\/\/politicosaldesnudo.com.mx\/index.php\/wp-json\/wp\/v2\/media\/4036"}],"wp:attachment":[{"href":"https:\/\/politicosaldesnudo.com.mx\/index.php\/wp-json\/wp\/v2\/media?parent=8464"}],"wp:term":[{"taxonomy":"category","embeddable":true,"href":"https:\/\/politicosaldesnudo.com.mx\/index.php\/wp-json\/wp\/v2\/categories?post=8464"},{"taxonomy":"post_tag","embeddable":true,"href":"https:\/\/politicosaldesnudo.com.mx\/index.php\/wp-json\/wp\/v2\/tags?post=8464"}],"curies":[{"name":"wp","href":"https:\/\/api.w.org\/{rel}","templated":true}]}}