{"id":8469,"date":"2022-08-01T01:30:34","date_gmt":"2022-08-01T06:30:34","guid":{"rendered":"https:\/\/politicosaldesnudo.com.mx\/?p=8469"},"modified":"2022-08-01T01:30:34","modified_gmt":"2022-08-01T06:30:34","slug":"el-fin-de-los-amparos","status":"publish","type":"post","link":"https:\/\/politicosaldesnudo.com.mx\/index.php\/2022\/08\/01\/el-fin-de-los-amparos\/","title":{"rendered":"\u00bfEl fin de los amparos?"},"content":{"rendered":"<p class=\"p1\">\n<p>&nbsp;<\/p>\n<p class=\"p1\"><span style=\"font-size: 18pt;\"><b>Por Ricardo Homs<span class=\"Apple-converted-space\">\u00a0<\/span><\/b><\/span><\/p>\n<p class=\"p1\"><span style=\"font-size: 14pt;\">La figura jur\u00eddica del \u201camparo\u201d es una de las joyas de la jurisprudencia mexicana, que nuestro pa\u00eds ha aportado al mundo para proteger al ciudadano y a las instituciones de la sociedad civil, respecto de los abusos del Poder Ejecutivo.<\/span><\/p>\n<p class=\"p1\"><span style=\"font-size: 14pt;\">Sin embargo, el diputado morenista Juan Ramiro Robledo Ru\u00edz propone reformas constitucionales para que se excluya del \u00e1mbito de este importante recurso jur\u00eddico, a tres sectores, que son: \u201c\u00e1reas estrat\u00e9gicas de la econom\u00eda nacional\u201d, \u201cbienes del dominio directo de la naci\u00f3n\u201d y \u201cplaneaci\u00f3n nacional del desarrollo\u201d. Esta propuesta evidencia que Morena pretende imponer un \u201cestado autoritario\u201d.<\/span><\/p>\n<p class=\"p1\"><span style=\"font-size: 14pt;\">\u00bfDe qui\u00e9n quieren los morenistas protegerse?&#8230; pues seguramente de la sociedad civil y de los ciudadanos, -o \u201cdel pueblo\u201d-, como dice el presidente.<span class=\"Apple-converted-space\">\u00a0<\/span><\/span><\/p>\n<p class=\"p1\"><span style=\"font-size: 14pt;\">Con esto pretenden poner una camisa de fuerza a la sociedad civil para poder seguir operando los proyectos en lo \u201coscurito\u201d, -en plena corrupci\u00f3n-, como hoy sucede. <span class=\"Apple-converted-space\">\u00a0<\/span><\/span><\/p>\n<p class=\"p1\"><span style=\"font-size: 14pt;\">Ni los neoliberales se hubiesen atrevido a proponer un estado autoritario como el que Morena intenta imponer utilizando su mayor\u00eda parlamentaria.<\/span><\/p>\n<p class=\"p1\"><span style=\"font-size: 14pt;\">Quienes como oposici\u00f3n exig\u00edan \u201clibertad\u201d, hoy como gobierno pretenden restringirla.<\/span><\/p>\n<p class=\"p1\"><span style=\"font-size: 14pt;\">El \u201cJuicio de Amparo\u201d tiene una larga tradici\u00f3n en M\u00e9xico.<span class=\"Apple-converted-space\">\u00a0<\/span><\/span><\/p>\n<p class=\"p1\"><span style=\"font-size: 14pt;\">Qued\u00f3 plasmado en nuestra Constituci\u00f3n en 1857 y fue reglamentado en la Ley Org\u00e1nica Constitucional sobre el Juicio de Amparo.<span class=\"Apple-converted-space\">\u00a0<\/span><\/span><\/p>\n<p class=\"p1\"><span style=\"font-size: 14pt;\">El 20 de enero de 1869 el entonces presidente de la rep\u00fablica Benito Ju\u00e1rez proclam\u00f3 esta ley.<span class=\"Apple-converted-space\">\u00a0<\/span><\/span><\/p>\n<p class=\"p1\"><span style=\"font-size: 14pt;\"><span class=\"Apple-converted-space\">\u00a0<\/span>De ah\u00ed pas\u00f3 a la Constituci\u00f3n de 1917, llegando perfeccionada hasta nuestros d\u00edas con algunas modificaciones simples en 2013, que ampliaron su radio de acci\u00f3n.<\/span><\/p>\n<p class=\"p1\"><span style=\"font-size: 14pt;\">Limitarla para proteger los caprichos de la 4T es una aberraci\u00f3n. Equivale a declarar que lo que har\u00e1n es tan turbio que nadie debe poder escudri\u00f1ar. Es una declaraci\u00f3n de culpabilidad por una parte y de autoritarismo por otra.<span class=\"Apple-converted-space\">\u00a0<\/span><\/span><\/p>\n<p class=\"p1\"><span style=\"font-size: 14pt;\">Imaginemos que no estuviese gobernando L\u00f3pez Obrador y siguiera siendo el s\u00edmbolo de la oposici\u00f3n. Y en este contexto el gobierno en el poder propusiese modificar la ley para proteger las obras p\u00fablicas del gobierno federal, seguramente este ya estar\u00eda haciendo un gran esc\u00e1ndalo.<span class=\"Apple-converted-space\">\u00a0<\/span><\/span><\/p>\n<p class=\"p1\"><span style=\"font-size: 14pt;\">Simplemente decretar que las obras del Tren Maya, Dos Bocas, el aeropuerto y todas las que surjan a partir de ahora se consideren \u00abseguridad nacional\u00bb para evitar la fiscalizaci\u00f3n p\u00fablica, ya constituye un esc\u00e1ndalo, pues legaliza la opacidad que tanto critic\u00f3 el presidente L\u00f3pez Obrador a sus antecesores. Esto significa legalizar la corrupci\u00f3n.<\/span><\/p>\n<p class=\"p1\"><span style=\"font-size: 14pt;\">Este gobierno est\u00e1 traicionando todas las promesas de moralizaci\u00f3n de la pol\u00edtica y combate a la corrupci\u00f3n que constituyeron la espina dorsal de su propuesta de campa\u00f1a.<\/span><\/p>\n<p class=\"p1\"><span style=\"font-size: 14pt;\">Este gobierno es el m\u00e1s antidemocr\u00e1tico que hemos tenido, pues cuando las reglas estorban a sus proyectos, -en lugar de defenderlos con argumentos s\u00f3lidos, como dictan los valores que sustentan la democracia-, opta por la estrategia de los autoritarios: cambiar las reglas para que respondan a sus caprichos, \u201ca modo\u201d.<\/span><\/p>\n<p class=\"p1\"><span style=\"font-size: 14pt;\">Poner una barrera a las tentaciones autocr\u00e1ticas del Poder Ejecutivo, es el esp\u00edritu que desde su instrumentaci\u00f3n en 1857 persigui\u00f3 la Ley del Amparo.<\/span><\/p>\n<p class=\"p1\"><span style=\"font-size: 14pt;\">La constitucionalidad de estas turbias intenciones debe ser evaluada desde la esfera de la Suprema Corte de Justicia de la Naci\u00f3n. Del mismo modo se debe definir el alcance del concepto \u201cseguridad Nacional\u201d, que hoy se ha convertido en el \u201cremedio para todos los males\u201d, que pretende aplicar este gobierno para burlar al estado Constitucional de Derecho.<\/span><\/p>\n<p>&nbsp;<\/p>\n<p>&nbsp;<\/p>\n<p class=\"p1\"><span style=\"font-size: 18pt;\"><strong>\u00bfA usted qu\u00e9 le parece?<\/strong><\/span><\/p>\n<p>&nbsp;<\/p>\n<p class=\"p1\"><span style=\"font-size: 18pt;\"><strong>Facebook:<a href=\"https:\/\/www.facebook.com\/Ricardo.Homs1\">@Ricardo.Homs1<\/a><\/strong><\/span><\/p>\n<p class=\"p1\"><span style=\"font-size: 18pt;\"><strong>Twitter:\u00a0<\/strong><a href=\"https:\/\/twitter.com\/homsricardo\"><strong>@homsricardo<\/strong><\/a><\/span><\/p>\n<p class=\"p1\"><span style=\"font-size: 18pt;\"><strong>Linkedin:\u00a0<a href=\"https:\/\/www.linkedin.com\/in\/ricardo-homs-3920449\/?originalSubdomain=mx\">RicardoHoms<\/a><\/strong><\/span><\/p>\n<p class=\"p1\"><span style=\"font-size: 18pt;\"><a href=\"https:\/\/ricardohoms.com\/\"><strong>www.ricardohoms.com<\/strong><\/a><\/span><\/p>\n<p>&nbsp;<\/p>\n<p><span style=\"font-size: 18pt; color: #319eca;\"><em><strong>**Las columnas firmadas en este medio son responsabilidad de quienes las firman**<\/strong><\/em><\/span><\/p>\n<p>&nbsp;<\/p>\n<p>&nbsp;<\/p>\n<p>&nbsp;<\/p>\n<p>&nbsp;<\/p>\n<p>&nbsp;<\/p>\n<p>&nbsp;<\/p>\n<p>&nbsp;<\/p>\n<p>&nbsp;<\/p>\n","protected":false},"excerpt":{"rendered":"<p>&nbsp; Por Ricardo Homs\u00a0 La figura jur\u00eddica del \u201camparo\u201d es una de las joyas de la jurisprudencia mexicana, que nuestro<\/p>\n","protected":false},"author":4,"featured_media":3778,"comment_status":"closed","ping_status":"closed","sticky":false,"template":"","format":"standard","meta":{"colormag_page_container_layout":"default_layout","colormag_page_sidebar_layout":"default_layout","_jetpack_memberships_contains_paid_content":false,"footnotes":"","jetpack_publicize_message":"","jetpack_publicize_feature_enabled":true,"jetpack_social_post_already_shared":false,"jetpack_social_options":{"image_generator_settings":{"template":"highway","default_image_id":0,"font":"","enabled":false},"version":2}},"categories":[26],"tags":[],"class_list":["post-8469","post","type-post","status-publish","format-standard","has-post-thumbnail","hentry","category-columnistas"],"jetpack_publicize_connections":[],"jetpack_featured_media_url":"https:\/\/i0.wp.com\/politicosaldesnudo.com.mx\/wp-content\/uploads\/2022\/04\/RICARDO-HOMS.png?fit=1816%2C1016&ssl=1","jetpack-related-posts":[],"jetpack_sharing_enabled":true,"_links":{"self":[{"href":"https:\/\/politicosaldesnudo.com.mx\/index.php\/wp-json\/wp\/v2\/posts\/8469","targetHints":{"allow":["GET"]}}],"collection":[{"href":"https:\/\/politicosaldesnudo.com.mx\/index.php\/wp-json\/wp\/v2\/posts"}],"about":[{"href":"https:\/\/politicosaldesnudo.com.mx\/index.php\/wp-json\/wp\/v2\/types\/post"}],"author":[{"embeddable":true,"href":"https:\/\/politicosaldesnudo.com.mx\/index.php\/wp-json\/wp\/v2\/users\/4"}],"replies":[{"embeddable":true,"href":"https:\/\/politicosaldesnudo.com.mx\/index.php\/wp-json\/wp\/v2\/comments?post=8469"}],"version-history":[{"count":0,"href":"https:\/\/politicosaldesnudo.com.mx\/index.php\/wp-json\/wp\/v2\/posts\/8469\/revisions"}],"wp:featuredmedia":[{"embeddable":true,"href":"https:\/\/politicosaldesnudo.com.mx\/index.php\/wp-json\/wp\/v2\/media\/3778"}],"wp:attachment":[{"href":"https:\/\/politicosaldesnudo.com.mx\/index.php\/wp-json\/wp\/v2\/media?parent=8469"}],"wp:term":[{"taxonomy":"category","embeddable":true,"href":"https:\/\/politicosaldesnudo.com.mx\/index.php\/wp-json\/wp\/v2\/categories?post=8469"},{"taxonomy":"post_tag","embeddable":true,"href":"https:\/\/politicosaldesnudo.com.mx\/index.php\/wp-json\/wp\/v2\/tags?post=8469"}],"curies":[{"name":"wp","href":"https:\/\/api.w.org\/{rel}","templated":true}]}}