{"id":8473,"date":"2022-08-01T01:36:11","date_gmt":"2022-08-01T06:36:11","guid":{"rendered":"https:\/\/politicosaldesnudo.com.mx\/?p=8473"},"modified":"2022-08-01T01:36:11","modified_gmt":"2022-08-01T06:36:11","slug":"concluyen-fiestas-de-santa-ana-en-boca-del-rio","status":"publish","type":"post","link":"https:\/\/politicosaldesnudo.com.mx\/index.php\/2022\/08\/01\/concluyen-fiestas-de-santa-ana-en-boca-del-rio\/","title":{"rendered":"Concluyen fiestas de Santa Ana en Boca del R\u00edo\u00a0"},"content":{"rendered":"<p class=\"p1\">\n<p>&nbsp;<\/p>\n<p class=\"p1\"><span style=\"font-size: 18pt;\"><b>Por Ra\u00fal L\u00f3pez G\u00f3mez<\/b><\/span><\/p>\n<p class=\"p1\"><span style=\"font-size: 14pt;\">Un gran ambiente de sana diversi\u00f3n se dio en el Tradicional Ba\u00f1o Popular de las Fiesta de Santa Ana 2022, el s\u00e1bado.<\/span><\/p>\n<p class=\"p1\"><span style=\"font-size: 14pt;\">Dorismar, cantante, actriz y modelo argentina, sorprendi\u00f3 con su frescura y energ\u00eda sobre el escenario, agradeci\u00f3 el cari\u00f1o de los boque\u00f1os quienes reconocieron la belleza de la madrina.<span class=\"Apple-converted-space\">\u00a0<\/span><\/span><\/p>\n<p class=\"p1\"><span style=\"font-size: 14pt;\">Los tambi\u00e9n padrinos, la agrupaci\u00f3n Merenglass, representantes de la fusi\u00f3n musical del merengue y los ritmos del caribe, con la sensibilidad mexicana y el sabor dominicano, dominaron el escenario con su m\u00fasica.<span class=\"Apple-converted-space\">\u00a0<\/span><\/span><\/p>\n<p class=\"p1\"><span style=\"font-size: 14pt;\">Presentes la \u201cDoncella del Mar\u201d, Pamela Reynolds Vera, la Princesa Primera, Itzel Enr\u00edquez Zamudio, Darla Kenisha Calvillo Pardi\u00f1o, Princesa Segunda, as\u00ed como el Trit\u00f3n, Johan Enr\u00edquez, adem\u00e1s de las sirenitas.<\/span><\/p>\n<p class=\"p1\"><span style=\"font-size: 14pt;\">El Presidente Municipal Juan Manuel Un\u00e1nue Abascal y su esposa, la Presidenta del DIF boque\u00f1o, Melina Rivera de Un\u00e1nue, encabezaron el tradicional ba\u00f1o popular.<span class=\"Apple-converted-space\">\u00a0<\/span><\/span><\/p>\n<p class=\"p1\"><span style=\"font-size: 14pt;\">Con el apoyo del Cuerpo de Bomberos Conurbados, abrieron las llaves de las mangueras para mojar e iniciar la diversi\u00f3n compartida entre chicos y grandes, la alegr\u00eda fue contagiosa.<\/span><\/p>\n<p class=\"p1\"><span style=\"font-size: 14pt;\">\u201cLa gente muy divertida, ayer se rebasaron las expectativas con la Banda el Recodo y el d\u00eda de hoy vemos gente muy contenta\u201d, expres\u00f3 Juan Manuel Un\u00e1nue Abascal, qui\u00e9n con su esposa Melina Rivera de Un\u00e1nue , entregaron los reconocimientos a Dorismar y Merenglass, por su participaci\u00f3n en la fiesta patronal de los boque\u00f1os.<\/span><\/p>\n<p class=\"p1\"><span style=\"font-size: 14pt;\">Este domingo, se concluyeron las actividades iniciando la jornada con la carrera 5K y la caminata 3K con mascotas con salida y meta en el Foro Boca, en punto de las siete de la ma\u00f1ana.<\/span><\/p>\n<p class=\"p1\"><span style=\"font-size: 14pt;\">Al mediod\u00eda, en la Plaza C\u00edvica Benito Ju\u00e1rez, se realiz\u00f3 el Torito Gigante de Boca 2022 y por la noche, el \u00faltimo Gran Concierto con la presentaci\u00f3n de Aar\u00f3n y su Grupo Ilusi\u00f3n a las 22 horas.<\/span><\/p>\n<p>&nbsp;<\/p>\n<p class=\"p1\"><span style=\"font-size: 18pt; color: #139eca;\"><b>IMSS ASEGURAMIENTO<\/b><\/span><\/p>\n<p class=\"p1\"><span style=\"font-size: 14pt;\">En otro asunto, el Instituto Mexicano del Seguro Social (IMSS) en Veracruz Norte, invita a la poblaci\u00f3n a crear conciencia sobre los beneficios que genera la incorporaci\u00f3n voluntaria de aseguramiento a las personas trabajadoras del hogar para garantizar la seguridad social.<span class=\"Apple-converted-space\">\u00a0<\/span><\/span><\/p>\n<p class=\"p1\"><span style=\"font-size: 14pt;\">Oscar Barradas Garc\u00eda, encargado de la jefatura de los Servicios de Afiliaci\u00f3n y Cobranza explic\u00f3, \u2018\u2018las Personas Trabajadoras del Hogar son aquellas que prestan servicios de aseo, asistencia y dem\u00e1s, propios o inherentes al hogar de una persona o una familia. El Art\u00edculo 331, de la Ley Federal del Trabajo,<span class=\"Apple-converted-space\">\u00a0 <\/span>personas que pueden trabajar para uno o varios patrones y vivir o no en su lugar de trabajo\u2019\u2019.<\/span><\/p>\n<p class=\"p1\"><span style=\"font-size: 14pt;\">El programa cumple el objetivo de incorporar a la seguridad social a personas dedicadas a esta labor y garantizar el acceso a los servicios m\u00e9dicos, hospitalarios, farmac\u00e9uticos, atenci\u00f3n obst\u00e9trica, incapacidades, pensi\u00f3n por invalidez y vida, fondo para el retiro, as\u00ed como prestaciones sociales.<\/span><\/p>\n<p class=\"p1\"><span style=\"font-size: 14pt;\">\u2018\u2018El tr\u00e1mite se puede realizar a trav\u00e9s de dos v\u00edas http:\/\/www.imss.gob.mx\/, donde se seleccionar\u00e1 el apartado \u201ctrabajadoras del hogar\u201d, al llegar a ese punto, el patr\u00f3n debe proporcionar sus datos como CURP, correo electr\u00f3nico, RFC (opcional), tel\u00e9fono celular y domicilio o solicitar atenci\u00f3n en las cinco Subdelegaciones del IMSS en Veracruz Norte, ubicadas en Xalapa, Veracruz, San Andr\u00e9s Tuxtla, Mart\u00ednez de la Torre y Poza Rica de Hidalgo, donde existen M\u00f3dulos de Atenci\u00f3n en los que te atender\u00e1n personalmente de lunes a viernes en horario de 8:00 a 15:30 horas\u2019\u2019, declar\u00f3 Barradas Garc\u00eda.<\/span><\/p>\n<p class=\"p1\"><span style=\"font-size: 14pt;\">Mencion\u00f3: \u2018\u2018afiliar a tu empleado puede evitar la generaci\u00f3n de costos y gastos innecesarios por cualquier enfermedad o riesgo de trabajo que sufran los trabajadores, ya que al afiliarlo ser\u00e1 el Instituto quien le brinde las atenciones y prestaciones que por Ley le corresponden\u2019\u2019.<\/span><\/p>\n<p class=\"p1\"><span style=\"font-size: 14pt;\">Tambi\u00e9n, el tema de la semana fue el de los diputados de Morena, que pretenden cambiar a la Constituci\u00f3n de Veracruz para favorecer a la secretaria de Energ\u00eda, Roc\u00edo Nahle, originaria de Zacatecas, y tenerle el camino abierto a la candidatura al gobierno estatal veracruzano en el 2024. \u00c1ndale.<\/span><\/p>\n<p class=\"p1\"><span style=\"font-size: 14pt;\">Las inquietudes de propios y extra\u00f1os se dieron de inmediato.<\/span><\/p>\n<p class=\"p1\"><span style=\"font-size: 14pt;\">Los expertos en el an\u00e1lisis de la pol\u00edtica, dicen que se deben medir riesgos electorales,<span class=\"Apple-converted-space\">\u00a0 <\/span>ante esa posibilidad abierta a todos los que entren en esa circunstancia.<\/span><\/p>\n<p class=\"p1\"><span style=\"font-size: 14pt;\">Las cr\u00edticas para algunos diputados de Morena de inmediato se les hicieron sentir de forma medi\u00e1tica como algo desenfrenado.<\/span><\/p>\n<p class=\"p1\"><span style=\"font-size: 14pt;\">Pretender iniciar una larga ruta a un camino dif\u00edcil, en la entidad m\u00e1s politizada del pa\u00eds, y cambiar la Constituci\u00f3n Pol\u00edtica de Veracruz, es algo nunca visto e inesperado, pero suele pasar, en el uso del poder por el poder.<\/span><\/p>\n<p class=\"p1\"><span style=\"font-size: 14pt;\">En tiempos de la Cuarta Transformaci\u00f3n. No pasa nada y sin problema. As\u00ed las cosas.<\/span><\/p>\n<p>&nbsp;<\/p>\n<p>&nbsp;<\/p>\n<p><span style=\"font-size: 18pt; color: #319eca;\"><em><strong>**Las columnas firmadas en este medio son responsabilidad de quienes las firman**<\/strong><\/em><\/span><\/p>\n<p>&nbsp;<\/p>\n<p>&nbsp;<\/p>\n<p>&nbsp;<\/p>\n<p>&nbsp;<\/p>\n","protected":false},"excerpt":{"rendered":"<p>&nbsp; Por Ra\u00fal L\u00f3pez G\u00f3mez Un gran ambiente de sana diversi\u00f3n se dio en el Tradicional Ba\u00f1o Popular de las<\/p>\n","protected":false},"author":4,"featured_media":663,"comment_status":"closed","ping_status":"closed","sticky":false,"template":"","format":"standard","meta":{"colormag_page_container_layout":"default_layout","colormag_page_sidebar_layout":"default_layout","_jetpack_memberships_contains_paid_content":false,"footnotes":"","jetpack_publicize_message":"","jetpack_publicize_feature_enabled":true,"jetpack_social_post_already_shared":false,"jetpack_social_options":{"image_generator_settings":{"template":"highway","default_image_id":0,"font":"","enabled":false},"version":2}},"categories":[26],"tags":[],"class_list":["post-8473","post","type-post","status-publish","format-standard","has-post-thumbnail","hentry","category-columnistas"],"jetpack_publicize_connections":[],"jetpack_featured_media_url":"https:\/\/i0.wp.com\/politicosaldesnudo.com.mx\/wp-content\/uploads\/2021\/12\/RAU%CC%81L-LO%CC%81PEZ-GO%CC%81MEZ.png?fit=1816%2C1016&ssl=1","jetpack-related-posts":[],"jetpack_sharing_enabled":true,"_links":{"self":[{"href":"https:\/\/politicosaldesnudo.com.mx\/index.php\/wp-json\/wp\/v2\/posts\/8473","targetHints":{"allow":["GET"]}}],"collection":[{"href":"https:\/\/politicosaldesnudo.com.mx\/index.php\/wp-json\/wp\/v2\/posts"}],"about":[{"href":"https:\/\/politicosaldesnudo.com.mx\/index.php\/wp-json\/wp\/v2\/types\/post"}],"author":[{"embeddable":true,"href":"https:\/\/politicosaldesnudo.com.mx\/index.php\/wp-json\/wp\/v2\/users\/4"}],"replies":[{"embeddable":true,"href":"https:\/\/politicosaldesnudo.com.mx\/index.php\/wp-json\/wp\/v2\/comments?post=8473"}],"version-history":[{"count":0,"href":"https:\/\/politicosaldesnudo.com.mx\/index.php\/wp-json\/wp\/v2\/posts\/8473\/revisions"}],"wp:featuredmedia":[{"embeddable":true,"href":"https:\/\/politicosaldesnudo.com.mx\/index.php\/wp-json\/wp\/v2\/media\/663"}],"wp:attachment":[{"href":"https:\/\/politicosaldesnudo.com.mx\/index.php\/wp-json\/wp\/v2\/media?parent=8473"}],"wp:term":[{"taxonomy":"category","embeddable":true,"href":"https:\/\/politicosaldesnudo.com.mx\/index.php\/wp-json\/wp\/v2\/categories?post=8473"},{"taxonomy":"post_tag","embeddable":true,"href":"https:\/\/politicosaldesnudo.com.mx\/index.php\/wp-json\/wp\/v2\/tags?post=8473"}],"curies":[{"name":"wp","href":"https:\/\/api.w.org\/{rel}","templated":true}]}}