{"id":8475,"date":"2022-08-01T01:39:43","date_gmt":"2022-08-01T06:39:43","guid":{"rendered":"https:\/\/politicosaldesnudo.com.mx\/?p=8475"},"modified":"2022-08-01T01:39:43","modified_gmt":"2022-08-01T06:39:43","slug":"sin-ruptura-y-sin-ceder-soberania","status":"publish","type":"post","link":"https:\/\/politicosaldesnudo.com.mx\/index.php\/2022\/08\/01\/sin-ruptura-y-sin-ceder-soberania\/","title":{"rendered":"Sin ruptura y sin ceder soberan\u00eda\u00a0"},"content":{"rendered":"<p class=\"p1\">\n<p>&nbsp;<\/p>\n<p class=\"p1\"><span style=\"font-size: 18pt;\"><b>Por Francisco Blanco Calder\u00f3n<\/b><\/span><\/p>\n<p class=\"p1\"><span style=\"font-size: 14pt;\">Estados Unidos avanz\u00f3<span class=\"Apple-converted-space\">\u00a0 <\/span>en su disputa con M\u00e9xico por la pol\u00edtica energ\u00e9tica del presidente Andr\u00e9s Manuel L\u00f3pez Obrador al presentar una queja formal bajo el Tratado Comercial de Norteam\u00e9rica T-Mec por considerar que perjudica a sus empresas. Washington solicit\u00f3 consultas para resolver disputas, un primer paso en un proceso que podr\u00eda conducir a represalias, al estimar que M\u00e9xico beneficia a la compa\u00f1\u00eda el\u00e9ctrica p\u00fablica CFE y a la estatal Petr\u00f3leos Mexicanos (Pemex) en detrimento de las empresas estadounidenses e impide el desarrollo de la energ\u00eda limpia, seg\u00fan la oficina de la representante comercial estadounidense. (Infobase)<\/span><\/p>\n<p class=\"p1\"><span style=\"font-size: 14pt;\">No es miedo es grilla, reza la columna de Jorge Zepeda Paterson:<span class=\"Apple-converted-space\">\u00a0 <\/span>\u201cel presidente Andr\u00e9s Manuel L\u00f3pez Obrador recurri\u00f3 a la canci\u00f3n de Chico Che \u2013 Uy que miedo- para responder al reclamo estadounidense<span class=\"Apple-converted-space\">\u00a0 <\/span>sobre las pol\u00edticas energ\u00e9ticas del gobierno mexicano\u2026..este tipo de reacciones<span class=\"Apple-converted-space\">\u00a0 <\/span>del presidente<span class=\"Apple-converted-space\">\u00a0 <\/span>me parece que hay una parte, al menos, que resulta comprensible en su intento de moderar o compensar en la opini\u00f3n p\u00fablica<span class=\"Apple-converted-space\">\u00a0 <\/span>la estridencia, a caos hist\u00e9rica, con la cual sus cr\u00edticos se lanzan a magnificar todo aquello que pueda convertirse en una mala noticia contra el gobierno,<span class=\"Apple-converted-space\">\u00a0 <\/span>si sea una tragedia para todos los mexicanos\u201d.<\/span><\/p>\n<p>&nbsp;<\/p>\n<p class=\"p1\"><span style=\"font-size: 18pt; color: #139eca;\"><b>CERRAR FILAS<\/b><\/span><\/p>\n<p class=\"p1\"><span style=\"font-size: 14pt;\">Marcelo Ebrard estuvo en una reuni\u00f3n del Estado de M\u00e9xico. Donde invit\u00f3 a \u201ccerrar filas\u201d y ser solidarios con el presidente Andr\u00e9s Manuel L\u00f3pez Obrador para la defensa de la pol\u00edtica energ\u00e9tica del pa\u00eds.<\/span><\/p>\n<p class=\"p1\"><span style=\"font-size: 14pt;\">\u201cCerremos filas con nuestro Presidente y la canciller\u00eda va a estar en el primer frente, para defender nuestros derechos, de M\u00e9xico, a eso venimos en primer lugar\u201d, dijo Ebrard Casaub\u00f3n, durante el segundo foro de Las Ciudades para el Desarrollo Metropolitano. El canciller explic\u00f3 que no existe ning\u00fan conflicto Estados Unidos o Canad\u00e1, y que el T-Mec pretende que cada uno de los tres miembros del tratado internacional est\u00e1 en su derecho de recurrir a consultas cuando no se est\u00e1 de acuerdo con lo que hace alguno de los tres pa\u00edses. \u201cNosotros vamos a defender a nuestro Presidente Andr\u00e9s Manuel L\u00f3pez Obrador, y a M\u00e9xico y a sus intereses en esa consulta. Y vamos a presentar nuestros argumentos. Los argumentos de M\u00e9xico, nuestras convicciones\u201d.<\/span><\/p>\n<p>&nbsp;<\/p>\n<p class=\"p1\"><span style=\"font-size: 18pt; color: #139eca;\"><b>LOS PERDEDORES<span class=\"Apple-converted-space\">\u00a0<\/span><\/b><\/span><\/p>\n<p class=\"p1\"><span style=\"font-size: 14pt;\">Todo ello fue capitalizado por la oposici\u00f3n, perdedora de todos los privilegios del saqueo y entrega de recursos energ\u00e9ticos de la naci\u00f3n, Claudio X. Gonz\u00e1lez y De Hoyos, ya sin Frena que hace sus berrinches aparte, pero si con los peri\u00f3dicos controlados por organizaciones empresariales como <i>El Reforma<\/i>, <i>El Universal<\/i> y <i>El Financiero<\/i>, sum\u00e1ndose toda la pl\u00e9yade de analistas y comentaristas de medios impresos y electr\u00f3nicos con sus respectivos intelectuales org\u00e1nicos del nivel de Krause y Aguilar Camin. Todos ardidos ante la posibilidad del rega\u00f1o gringo y canadiense, sin mirar la destrucci\u00f3n que hicieron todos ellos, juntos, durante los seis sexenios<span class=\"Apple-converted-space\">\u00a0 <\/span>para complacer la voracidad de empresas trasnacionales y sus respectivos,<span class=\"Apple-converted-space\">\u00a0 <\/span>as\u00ed como los cuantiosos moches, business y hasta chamba en sus consejos y cuerpos directivos.<span class=\"Apple-converted-space\">\u00a0<\/span><\/span><\/p>\n<p class=\"p1\"><span style=\"font-size: 14pt;\">Mientras AMLO, ratifica que los recursos de la naci\u00f3n no est\u00e1n en venta, ni mucho menos la soberan\u00eda nacional e inclusive dej\u00f3 asentado que dar\u00e1 respuesta puntual el pr\u00f3ximo 16 de septiembre durante la realizaci\u00f3n del desfile de las fuerzas armadas, a\u00e9reas<span class=\"Apple-converted-space\">\u00a0 <\/span>y navales de la naci\u00f3n.<\/span><\/p>\n<p class=\"p1\"><span style=\"font-size: 14pt;\">La Coparmex grit\u00f3, <i>El Reforma <\/i>ment\u00f3 madres, Claudio se refugi\u00f3 en la USAID para invertir mas lana,<span class=\"Apple-converted-space\">\u00a0 <\/span>para financiar a sus voceros,<span class=\"Apple-converted-space\">\u00a0 <\/span>bien maiceados, as\u00ed como a<span class=\"Apple-converted-space\">\u00a0 <\/span>jueces y magistrados, legisladores y dirigentes partidistas que al un\u00edsono dieron el grito al cielo para democratizar la vida nacional, beneficiando a sus bolsillos, tal y como un Tribunal Colegiado en Materia Administrativa que ampar\u00f3 a Odebrecht en M\u00e9xico<span class=\"Apple-converted-space\">\u00a0 <\/span>de una sanci\u00f3n por mil 88 millones de pesos impuesta por la Secretar\u00eda de la Funci\u00f3n P\u00fablica.<\/span><\/p>\n<p class=\"p1\"><span style=\"font-size: 14pt;\">\u201cAnte las recientes consultas solicitadas por Estados Unidos y Canad\u00e1 como parte del T-Mec debido a la pol\u00edtica energ\u00e9tica de M\u00e9xico, el presidente Andr\u00e9s Manuel L\u00f3pez Obrador asever\u00f3: aun trat\u00e1ndose del mercado m\u00e1s importante del mundo, si tener acceso a \u00e9ste nos implica ceder soberan\u00eda, no lo aceptamos. No vamos a entregar nuestra independencia a ning\u00fan gobierno extranjero. Adem\u00e1s, no tienen raz\u00f3n, aun cuando tengan muchos lambiscones, vendepatrias, que les aplauden en nuestro pa\u00eds, no tienen raz\u00f3n. Y m\u00e1s adelante precis\u00f3 que no habr\u00e1 ruptura en ese acuerdo comercial. Eso se los adelanto. \u00bfY por qu\u00e9 no va a haber ruptura? No s\u00f3lo porque tenemos la raz\u00f3n, sino que no nos conviene, y no s\u00f3lo es M\u00e9xico, no le conviene a Estados Unidos, ya no es el tiempo de antes\u201d. (La Jornada).<\/span><\/p>\n<p>&nbsp;<\/p>\n<p class=\"p1\"><span style=\"font-size: 18pt; color: #139eca;\"><b>NACIONALIZACI\u00d3N DE LA ENERG\u00cdA<\/b><\/span><\/p>\n<p class=\"p1\"><span style=\"font-size: 14pt;\">El mejor corolario es la columna, cuando la realidad alcanza de Alfonso Romero, en la Jornada: \u201cEl 6 de julio se anunciaba por parte de la primera ministra de Francia la intenci\u00f3n del gobierno de nacionalizar EDF, la otrora el\u00e9ctrica estatal. Una decisi\u00f3n que manda un fuerte mensaje, aunque el gobierno franc\u00e9s controlaba ya 86 por ciento de las acciones\u2026.\u00c9sta no fue la \u00fanica ni ser\u00e1 la \u00faltima nacionalizaci\u00f3n y\/o rescate que veremos. Alemania expropi\u00f3 y nacionaliz\u00f3 la filial de Gazprom a principios de a\u00f1o, actualmente est\u00e1 en pl\u00e1ticas para rescatar a Uniper, uno de los jugadores m\u00e1s importantes en su industria. La gran potencia industrial europea, Alemania, tendr\u00e1 que intervenir cada vez m\u00e1s para rescatar empresas de diferentes sectores que, a ra\u00edz del alza e indisponibilidad de energ\u00eda, quebrar\u00e1n. Reino Unido rescat\u00f3 a Bulb Energy, Rusia nacionaliz\u00f3 el gasoducto Sakhalin, por el cual Jap\u00f3n recib\u00eda gas natural. Y recientemente, el director de la Agencia Internacional de la Energ\u00eda (IEA por sus siglas en ingl\u00e9s) reconoci\u00f3 que lo peor de la crisis a\u00fan est\u00e1 por verse. Sin duda alguna, Europa sufrir\u00e1 todav\u00eda m\u00e1s las consecuencias de depender de una potencia extranjera que est\u00e1 dispuesta a utilizar la energ\u00eda como un arma geopol\u00edtica. El pragmatismo energ\u00e9tico est\u00e1 de vuelta, y se han dado cuenta las grandes potencias que asegurar el suministro es un asunto de seguridad nacional\u2026Al haber hipotecado la seguridad energ\u00e9tica, las grandes potencias occidentales se olvidaron de garantizar el bajo precio y el acceso a los energ\u00e9ticos. La poblaci\u00f3n dif\u00edcilmente volver\u00e1 a confiar en ese modelo energ\u00e9tico que demostr\u00f3 ser no s\u00f3lo err\u00f3neo, sino extremadamente fr\u00e1gil. La \u00fanica soluci\u00f3n a corto plazo es que los gobiernos asuman el contra. El Estado deber\u00e1 intervenir para garantizar el suministro. Socializando las p\u00e9rdidas despu\u00e9s de que se privatizaron las ganancias\u201d.<\/span><\/p>\n<p class=\"p1\"><span style=\"font-size: 14pt;\">Esta es una situaci\u00f3n entre naciones, no entre particulares\u2026 y punto.<span class=\"Apple-converted-space\">\u00a0<\/span><\/span><\/p>\n<p>&nbsp;<\/p>\n<p>&nbsp;<\/p>\n<p><span style=\"font-size: 18pt; color: #319eca;\"><em><strong>**Las columnas firmadas en este medio son responsabilidad de quienes las firman**<\/strong><\/em><\/span><\/p>\n<p>&nbsp;<\/p>\n<p>&nbsp;<\/p>\n<p>&nbsp;<\/p>\n<p>&nbsp;<\/p>\n","protected":false},"excerpt":{"rendered":"<p>&nbsp; Por Francisco Blanco Calder\u00f3n Estados Unidos avanz\u00f3\u00a0 en su disputa con M\u00e9xico por la pol\u00edtica energ\u00e9tica del presidente Andr\u00e9s<\/p>\n","protected":false},"author":4,"featured_media":4384,"comment_status":"closed","ping_status":"closed","sticky":false,"template":"","format":"standard","meta":{"colormag_page_container_layout":"default_layout","colormag_page_sidebar_layout":"default_layout","_jetpack_memberships_contains_paid_content":false,"footnotes":"","jetpack_publicize_message":"","jetpack_publicize_feature_enabled":true,"jetpack_social_post_already_shared":false,"jetpack_social_options":{"image_generator_settings":{"template":"highway","default_image_id":0,"font":"","enabled":false},"version":2}},"categories":[26],"tags":[95,1183],"class_list":["post-8475","post","type-post","status-publish","format-standard","has-post-thumbnail","hentry","category-columnistas","tag-andres-manuel-lopez-obrador","tag-t-mec"],"jetpack_publicize_connections":[],"jetpack_featured_media_url":"https:\/\/i0.wp.com\/politicosaldesnudo.com.mx\/wp-content\/uploads\/2022\/04\/FRANCISCO-BLANCO-CALDERO%CC%81N.png?fit=1816%2C1016&ssl=1","jetpack-related-posts":[],"jetpack_sharing_enabled":true,"_links":{"self":[{"href":"https:\/\/politicosaldesnudo.com.mx\/index.php\/wp-json\/wp\/v2\/posts\/8475","targetHints":{"allow":["GET"]}}],"collection":[{"href":"https:\/\/politicosaldesnudo.com.mx\/index.php\/wp-json\/wp\/v2\/posts"}],"about":[{"href":"https:\/\/politicosaldesnudo.com.mx\/index.php\/wp-json\/wp\/v2\/types\/post"}],"author":[{"embeddable":true,"href":"https:\/\/politicosaldesnudo.com.mx\/index.php\/wp-json\/wp\/v2\/users\/4"}],"replies":[{"embeddable":true,"href":"https:\/\/politicosaldesnudo.com.mx\/index.php\/wp-json\/wp\/v2\/comments?post=8475"}],"version-history":[{"count":0,"href":"https:\/\/politicosaldesnudo.com.mx\/index.php\/wp-json\/wp\/v2\/posts\/8475\/revisions"}],"wp:featuredmedia":[{"embeddable":true,"href":"https:\/\/politicosaldesnudo.com.mx\/index.php\/wp-json\/wp\/v2\/media\/4384"}],"wp:attachment":[{"href":"https:\/\/politicosaldesnudo.com.mx\/index.php\/wp-json\/wp\/v2\/media?parent=8475"}],"wp:term":[{"taxonomy":"category","embeddable":true,"href":"https:\/\/politicosaldesnudo.com.mx\/index.php\/wp-json\/wp\/v2\/categories?post=8475"},{"taxonomy":"post_tag","embeddable":true,"href":"https:\/\/politicosaldesnudo.com.mx\/index.php\/wp-json\/wp\/v2\/tags?post=8475"}],"curies":[{"name":"wp","href":"https:\/\/api.w.org\/{rel}","templated":true}]}}