{"id":8490,"date":"2022-08-01T03:00:46","date_gmt":"2022-08-01T08:00:46","guid":{"rendered":"https:\/\/politicosaldesnudo.com.mx\/?p=8490"},"modified":"2022-08-01T03:28:23","modified_gmt":"2022-08-01T08:28:23","slug":"repelen-ataque-contra-presidente-de-guatemala-alejandro-giammttei","status":"publish","type":"post","link":"https:\/\/politicosaldesnudo.com.mx\/index.php\/2022\/08\/01\/repelen-ataque-contra-presidente-de-guatemala-alejandro-giammttei\/","title":{"rendered":"Repelen en Guatemala ataque contra el presidente Giammattei"},"content":{"rendered":"<p>&nbsp;<\/p>\n<p class=\"p1\"><span style=\"font-size: 14pt;\"><em><strong>GUATEMALA.<\/strong> <\/em>Los militares guatemaltecos han r<strong>epelido un posible ataque contra la comitiva del presidente de\u00a0Guatemala,\u00a0Alejandro Giammattei<\/strong>, quien cumpl\u00eda una gira de trabajo en una aldea occidental cerca de la frontera con\u00a0M\u00e9xico, ha informado el portavoz del Ej\u00e9rcito,\u00a0Rub\u00e9n Tellez.<\/span><\/p>\n<p class=\"p1\"><span style=\"font-size: 18pt;\"><strong>El funcionario ha explicado a los periodistas que el enfrentamiento entre soldados y civiles armados ocurri\u00f3 en un puesto de registro y seguridad perimetral a menos de dos kil\u00f3metros de la aldea La Laguna, municipio de Jacaltenango, donde se encontraba Alejandro Giammattei.<\/strong><\/span><\/p>\n<blockquote>\n<p class=\"p1\"><span style=\"font-size: 14pt;\">Las unidades del ej\u00e9rcito de Guatemala le marcaron el alto a un veh\u00edculo que se aproximaba a su ubicaci\u00f3n, sin embargo, los integrantes del mismo al notar la presencia del personal militar iniciaron una serie de disparos a lo cual respondieron los soldados\u201d<\/span><\/p>\n<\/blockquote>\n<p>&nbsp;<\/p>\n<blockquote>\n<p class=\"p1\"><span style=\"font-size: 14pt;\">La reacci\u00f3n de los integrantes del veh\u00edculo mereci\u00f3 la respuesta que se dio y tratarlo como un posible ataque a la comitiva y a la integridad del se\u00f1or presidente\u201d, detalla el funcionario.<\/span><\/p>\n<\/blockquote>\n<p>&nbsp;<\/p>\n<p class=\"p1\"><span style=\"font-size: 18pt;\"><strong>De acuerdo con im\u00e1genes compartidas por la instituci\u00f3n, el enfrentamiento ocurri\u00f3 en una zona monta\u00f1osa en el departamento de\u00a0Huehuetenango\u00a0a 400 metros de la l\u00ednea lim\u00edtrofe con\u00a0M\u00e9xico, donde suelen operar grupos de narcotr\u00e1fico.<\/strong><\/span><\/p>\n<p class=\"p1\"><span style=\"font-size: 14pt;\">En la refriega un presunto ciudadano de M\u00e9xico result\u00f3 herido de bala y fue trasladado a un hospital, mientras que sus acompa\u00f1antes huyeron al lado mexicano donde las autoridades detuvieron a cuatro personas posiblemente de origen guatemalteco vinculadas al incidente.<\/span><\/p>\n<p class=\"p1\"><span style=\"font-size: 18pt;\"><strong>En tanto, en el lugar del ataque se encontr\u00f3 una granada para fusil y un radiocomunicador.<\/strong><\/span><\/p>\n<blockquote>\n<p class=\"p1\"><span style=\"font-size: 14pt;\">Al pueblo de Guatemala y a la comunidad internacional informamos que el presidente de la rep\u00fablica se encuentra ileso y fue evacuado del \u00e1rea de manera oportuna\u201d, se\u00f1ala el gobierno en un comunicado, y agrega que \u201clos operativos de investigaci\u00f3n contin\u00faan por (las) fuerzas de seguridad de Guatemala y de M\u00e9xico\u201d para \u201crecopilar la informaci\u00f3n necesaria que permita determinar las intenciones de este grupo de personas\u201d, detalla el texto.<\/span><\/p>\n<\/blockquote>\n<p>&nbsp;<\/p>\n<p>&nbsp;<\/p>\n<p>&nbsp;<\/p>\n<p>&nbsp;<\/p>\n<p>&nbsp;<\/p>\n","protected":false},"excerpt":{"rendered":"<p>&nbsp; GUATEMALA. Los militares guatemaltecos han repelido un posible ataque contra la comitiva del presidente de\u00a0Guatemala,\u00a0Alejandro Giammattei, quien cumpl\u00eda una<\/p>\n","protected":false},"author":4,"featured_media":8497,"comment_status":"closed","ping_status":"closed","sticky":false,"template":"","format":"standard","meta":{"colormag_page_container_layout":"default_layout","colormag_page_sidebar_layout":"default_layout","_jetpack_memberships_contains_paid_content":false,"footnotes":"","jetpack_publicize_message":"","jetpack_publicize_feature_enabled":true,"jetpack_social_post_already_shared":false,"jetpack_social_options":{"image_generator_settings":{"template":"highway","default_image_id":0,"font":"","enabled":false},"version":2}},"categories":[28],"tags":[1252,55],"class_list":["post-8490","post","type-post","status-publish","format-standard","has-post-thumbnail","hentry","category-internacional","tag-alejandro-giammattei","tag-guatemala"],"jetpack_publicize_connections":[],"jetpack_featured_media_url":"https:\/\/i0.wp.com\/politicosaldesnudo.com.mx\/wp-content\/uploads\/2022\/08\/P-ATENTADO-GUATEMALA.png?fit=1816%2C1016&ssl=1","jetpack-related-posts":[],"jetpack_sharing_enabled":true,"_links":{"self":[{"href":"https:\/\/politicosaldesnudo.com.mx\/index.php\/wp-json\/wp\/v2\/posts\/8490","targetHints":{"allow":["GET"]}}],"collection":[{"href":"https:\/\/politicosaldesnudo.com.mx\/index.php\/wp-json\/wp\/v2\/posts"}],"about":[{"href":"https:\/\/politicosaldesnudo.com.mx\/index.php\/wp-json\/wp\/v2\/types\/post"}],"author":[{"embeddable":true,"href":"https:\/\/politicosaldesnudo.com.mx\/index.php\/wp-json\/wp\/v2\/users\/4"}],"replies":[{"embeddable":true,"href":"https:\/\/politicosaldesnudo.com.mx\/index.php\/wp-json\/wp\/v2\/comments?post=8490"}],"version-history":[{"count":0,"href":"https:\/\/politicosaldesnudo.com.mx\/index.php\/wp-json\/wp\/v2\/posts\/8490\/revisions"}],"wp:featuredmedia":[{"embeddable":true,"href":"https:\/\/politicosaldesnudo.com.mx\/index.php\/wp-json\/wp\/v2\/media\/8497"}],"wp:attachment":[{"href":"https:\/\/politicosaldesnudo.com.mx\/index.php\/wp-json\/wp\/v2\/media?parent=8490"}],"wp:term":[{"taxonomy":"category","embeddable":true,"href":"https:\/\/politicosaldesnudo.com.mx\/index.php\/wp-json\/wp\/v2\/categories?post=8490"},{"taxonomy":"post_tag","embeddable":true,"href":"https:\/\/politicosaldesnudo.com.mx\/index.php\/wp-json\/wp\/v2\/tags?post=8490"}],"curies":[{"name":"wp","href":"https:\/\/api.w.org\/{rel}","templated":true}]}}