{"id":85306,"date":"2026-06-01T00:13:47","date_gmt":"2026-06-01T06:13:47","guid":{"rendered":"https:\/\/politicosaldesnudo.com.mx\/?p=85306"},"modified":"2026-05-31T20:15:00","modified_gmt":"2026-06-01T02:15:00","slug":"designan-a-rufino-jimenez-como-encargado-de-despacho-de-la-guardia-civil-de-tecamac","status":"publish","type":"post","link":"https:\/\/politicosaldesnudo.com.mx\/index.php\/2026\/06\/01\/designan-a-rufino-jimenez-como-encargado-de-despacho-de-la-guardia-civil-de-tecamac\/","title":{"rendered":"Designan a Rufino Jim\u00e9nez como encargado de despacho de la Guardia Civil de Tec\u00e1mac"},"content":{"rendered":"<p class=\"nota-justify\">Rufino Jim\u00e9nez Jim\u00e9nez, fue designado como nuevo encargado de despacho de la Guardia Civil de Tec\u00e1mac.<\/p>\n<p class=\"nota-justify\">El nombramiento se hizo en sesi\u00f3n extraordinaria de cabildo, luego de que la titular Rubid Su\u00e1rez Mondrag\u00f3n dej\u00f3 el cargo al ser nombrada titular de la Coordinaci\u00f3n General de Paz y Seguridad P\u00fablica, a partir de este pr\u00f3ximo lunes primero de junio.<\/p>\n<p class=\"nota-justify\">El gobierno que encabeza la alcaldesa morenista, Rosi Wong Romero, asegur\u00f3 que se da continuidad a la estrategia integral de seguridad.<\/p>\n<p class=\"nota-justify\">El encargado del despacho es licenciado en Derecho y cuenta con un posgrado en Derecho Penal, adem\u00e1s de diversos diplomados, informaron las autoridades.<\/p>\n<p class=\"nota-justify\">El nuevo mando polic\u00edaco se ha desempe\u00f1ado como jefe de turno en Nicol\u00e1s Romero; jefe de Servicios de Control de Tr\u00e1nsito en Toluca; jefe de Circulaci\u00f3n del Valle de M\u00e9xico en Nezahualc\u00f3yotl; Jefe de la XI Regi\u00f3n en Atlacomulco; Subdirector Operativo Regional en distintas zonas del estado de M\u00e9xico; Director General de Seguridad P\u00fablica y Tr\u00e1nsito Municipal en Ixtapaluca; Jefe de la Regi\u00f3n XXII de Chimalhuac\u00e1n; Coordinador Regional de Chalco y Coordinador de Subdirecciones Metropolitanas en Tlalnepantla de Baz.<\/p>\n<p class=\"nota-justify\">En 2022 ocup\u00f3 el cargo de Comisario de Seguridad P\u00fablica y Tr\u00e1nsito Municipal en Tlalmanalco, adem\u00e1s de otros cargos en Veracruz.<\/p>\n<p class=\"nota-justify\">Cabe destacar que en los \u00faltimos siete a\u00f1os, este nombramiento es el d\u00e9cimo cambio en la titularidad de la polic\u00eda de Tec\u00e1mac.<\/p>\n<p class=\"nota-justify\">Nueve de los cambios en el mando de esta corporaci\u00f3n, se dieron entre el 2019 y 2025.<\/p>\n","protected":false},"excerpt":{"rendered":"<p>Rufino Jim\u00e9nez Jim\u00e9nez, fue designado como nuevo encargado de despacho de la Guardia Civil de Tec\u00e1mac. El nombramiento se hizo [&hellip;]<\/p>\n","protected":false},"author":4,"featured_media":85307,"comment_status":"closed","ping_status":"closed","sticky":false,"template":"","format":"standard","meta":{"site-sidebar-layout":"default","site-content-layout":"","ast-site-content-layout":"default","site-content-style":"default","site-sidebar-style":"default","ast-global-header-display":"","ast-banner-title-visibility":"","ast-main-header-display":"","ast-hfb-above-header-display":"","ast-hfb-below-header-display":"","ast-hfb-mobile-header-display":"","site-post-title":"","ast-breadcrumbs-content":"","ast-featured-img":"","footer-sml-layout":"","ast-disable-related-posts":"","theme-transparent-header-meta":"","adv-header-id-meta":"","stick-header-meta":"","header-above-stick-meta":"","header-main-stick-meta":"","header-below-stick-meta":"","astra-migrate-meta-layouts":"default","ast-page-background-enabled":"default","ast-page-background-meta":{"desktop":{"background-color":"var(--ast-global-color-5)","background-image":"","background-repeat":"repeat","background-position":"center center","background-size":"auto","background-attachment":"scroll","background-type":"","background-media":"","overlay-type":"","overlay-color":"","overlay-opacity":"","overlay-gradient":""},"tablet":{"background-color":"","background-image":"","background-repeat":"repeat","background-position":"center center","background-size":"auto","background-attachment":"scroll","background-type":"","background-media":"","overlay-type":"","overlay-color":"","overlay-opacity":"","overlay-gradient":""},"mobile":{"background-color":"","background-image":"","background-repeat":"repeat","background-position":"center center","background-size":"auto","background-attachment":"scroll","background-type":"","background-media":"","overlay-type":"","overlay-color":"","overlay-opacity":"","overlay-gradient":""}},"ast-content-background-meta":{"desktop":{"background-color":"var(--ast-global-color-4)","background-image":"","background-repeat":"repeat","background-position":"center center","background-size":"auto","background-attachment":"scroll","background-type":"","background-media":"","overlay-type":"","overlay-color":"","overlay-opacity":"","overlay-gradient":""},"tablet":{"background-color":"var(--ast-global-color-4)","background-image":"","background-repeat":"repeat","background-position":"center center","background-size":"auto","background-attachment":"scroll","background-type":"","background-media":"","overlay-type":"","overlay-color":"","overlay-opacity":"","overlay-gradient":""},"mobile":{"background-color":"var(--ast-global-color-4)","background-image":"","background-repeat":"repeat","background-position":"center center","background-size":"auto","background-attachment":"scroll","background-type":"","background-media":"","overlay-type":"","overlay-color":"","overlay-opacity":"","overlay-gradient":""}},"_jetpack_newsletter_access":"","_jetpack_dont_email_post_to_subs":false,"_jetpack_newsletter_tier_id":0,"_jetpack_memberships_contains_paywalled_content":false,"_jetpack_feature_clip_id":0,"_jetpack_memberships_contains_paid_content":false,"footnotes":"","jetpack_publicize_message":"","jetpack_publicize_feature_enabled":true,"jetpack_social_post_already_shared":true,"jetpack_social_options":{"image_generator_settings":{"template":"highway","default_image_id":0,"font":"","enabled":false},"version":2},"jetpack_post_was_ever_published":false},"categories":[30],"tags":[],"class_list":["post-85306","post","type-post","status-publish","format-standard","has-post-thumbnail","hentry","category-estados"],"yoast_head":"<!-- This site is optimized with the Yoast SEO plugin v28.3 - https:\/\/yoast.com\/product\/yoast-seo-wordpress\/ -->\n<title>Designan a Rufino Jim\u00e9nez como encargado de despacho de la Guardia Civil de Tec\u00e1mac - Pol\u00edticos al Desnudo<\/title>\n<meta name=\"robots\" content=\"index, follow, max-snippet:-1, max-image-preview:large, max-video-preview:-1\" \/>\n<link rel=\"canonical\" href=\"https:\/\/politicosaldesnudo.com.mx\/index.php\/2026\/06\/01\/designan-a-rufino-jimenez-como-encargado-de-despacho-de-la-guardia-civil-de-tecamac\/\" \/>\n<meta property=\"og:locale\" content=\"es_ES\" \/>\n<meta property=\"og:type\" content=\"article\" \/>\n<meta property=\"og:title\" content=\"Designan a Rufino Jim\u00e9nez como encargado de despacho de la Guardia Civil de Tec\u00e1mac - Pol\u00edticos al Desnudo\" \/>\n<meta property=\"og:description\" content=\"Rufino Jim\u00e9nez Jim\u00e9nez, fue designado como nuevo encargado de despacho de la Guardia Civil de Tec\u00e1mac. El nombramiento se hizo [&hellip;]\" \/>\n<meta property=\"og:url\" content=\"https:\/\/politicosaldesnudo.com.mx\/index.php\/2026\/06\/01\/designan-a-rufino-jimenez-como-encargado-de-despacho-de-la-guardia-civil-de-tecamac\/\" \/>\n<meta property=\"og:site_name\" content=\"Pol\u00edticos al Desnudo\" \/>\n<meta property=\"article:publisher\" content=\"https:\/\/www.facebook.com\/PoliticosAD\" \/>\n<meta property=\"article:published_time\" content=\"2026-06-01T06:13:47+00:00\" \/>\n<meta property=\"og:image\" content=\"https:\/\/i0.wp.com\/politicosaldesnudo.com.mx\/wp-content\/uploads\/2026\/05\/ARUFO.jpg?fit=1200%2C801&ssl=1\" \/>\n\t<meta property=\"og:image:width\" content=\"1200\" \/>\n\t<meta property=\"og:image:height\" content=\"801\" \/>\n\t<meta property=\"og:image:type\" content=\"image\/jpeg\" \/>\n<meta name=\"author\" content=\"Redacci\u00f3n Pol\u00edticos\" \/>\n<meta name=\"twitter:card\" content=\"summary_large_image\" \/>\n<meta name=\"twitter:label1\" content=\"Escrito por\" \/>\n\t<meta name=\"twitter:data1\" content=\"Redacci\u00f3n Pol\u00edticos\" \/>\n\t<meta name=\"twitter:label2\" content=\"Tiempo de lectura\" \/>\n\t<meta name=\"twitter:data2\" content=\"1 minuto\" \/>\n<script type=\"application\/ld+json\" class=\"yoast-schema-graph\">{\"@context\":\"https:\\\/\\\/schema.org\",\"@graph\":[{\"@type\":\"Article\",\"@id\":\"https:\\\/\\\/politicosaldesnudo.com.mx\\\/index.php\\\/2026\\\/06\\\/01\\\/designan-a-rufino-jimenez-como-encargado-de-despacho-de-la-guardia-civil-de-tecamac\\\/#article\",\"isPartOf\":{\"@id\":\"https:\\\/\\\/politicosaldesnudo.com.mx\\\/index.php\\\/2026\\\/06\\\/01\\\/designan-a-rufino-jimenez-como-encargado-de-despacho-de-la-guardia-civil-de-tecamac\\\/\"},\"author\":{\"name\":\"Redacci\u00f3n Pol\u00edticos\",\"@id\":\"https:\\\/\\\/politicosaldesnudo.com.mx\\\/#\\\/schema\\\/person\\\/ef3a64e561cc3f3f5dc52fab81adde7e\"},\"headline\":\"Designan a Rufino Jim\u00e9nez como encargado de despacho de la Guardia Civil de Tec\u00e1mac\",\"datePublished\":\"2026-06-01T06:13:47+00:00\",\"mainEntityOfPage\":{\"@id\":\"https:\\\/\\\/politicosaldesnudo.com.mx\\\/index.php\\\/2026\\\/06\\\/01\\\/designan-a-rufino-jimenez-como-encargado-de-despacho-de-la-guardia-civil-de-tecamac\\\/\"},\"wordCount\":285,\"publisher\":{\"@id\":\"https:\\\/\\\/politicosaldesnudo.com.mx\\\/#organization\"},\"image\":{\"@id\":\"https:\\\/\\\/politicosaldesnudo.com.mx\\\/index.php\\\/2026\\\/06\\\/01\\\/designan-a-rufino-jimenez-como-encargado-de-despacho-de-la-guardia-civil-de-tecamac\\\/#primaryimage\"},\"thumbnailUrl\":\"https:\\\/\\\/i0.wp.com\\\/politicosaldesnudo.com.mx\\\/wp-content\\\/uploads\\\/2026\\\/05\\\/ARUFO.jpg?fit=1200%2C801&ssl=1\",\"articleSection\":[\"ESTADOS\"],\"inLanguage\":\"es\"},{\"@type\":\"WebPage\",\"@id\":\"https:\\\/\\\/politicosaldesnudo.com.mx\\\/index.php\\\/2026\\\/06\\\/01\\\/designan-a-rufino-jimenez-como-encargado-de-despacho-de-la-guardia-civil-de-tecamac\\\/\",\"url\":\"https:\\\/\\\/politicosaldesnudo.com.mx\\\/index.php\\\/2026\\\/06\\\/01\\\/designan-a-rufino-jimenez-como-encargado-de-despacho-de-la-guardia-civil-de-tecamac\\\/\",\"name\":\"Designan a Rufino Jim\u00e9nez como encargado de despacho de la Guardia Civil de Tec\u00e1mac - Pol\u00edticos al Desnudo\",\"isPartOf\":{\"@id\":\"https:\\\/\\\/politicosaldesnudo.com.mx\\\/#website\"},\"primaryImageOfPage\":{\"@id\":\"https:\\\/\\\/politicosaldesnudo.com.mx\\\/index.php\\\/2026\\\/06\\\/01\\\/designan-a-rufino-jimenez-como-encargado-de-despacho-de-la-guardia-civil-de-tecamac\\\/#primaryimage\"},\"image\":{\"@id\":\"https:\\\/\\\/politicosaldesnudo.com.mx\\\/index.php\\\/2026\\\/06\\\/01\\\/designan-a-rufino-jimenez-como-encargado-de-despacho-de-la-guardia-civil-de-tecamac\\\/#primaryimage\"},\"thumbnailUrl\":\"https:\\\/\\\/i0.wp.com\\\/politicosaldesnudo.com.mx\\\/wp-content\\\/uploads\\\/2026\\\/05\\\/ARUFO.jpg?fit=1200%2C801&ssl=1\",\"datePublished\":\"2026-06-01T06:13:47+00:00\",\"breadcrumb\":{\"@id\":\"https:\\\/\\\/politicosaldesnudo.com.mx\\\/index.php\\\/2026\\\/06\\\/01\\\/designan-a-rufino-jimenez-como-encargado-de-despacho-de-la-guardia-civil-de-tecamac\\\/#breadcrumb\"},\"inLanguage\":\"es\",\"potentialAction\":[{\"@type\":\"ReadAction\",\"target\":[\"https:\\\/\\\/politicosaldesnudo.com.mx\\\/index.php\\\/2026\\\/06\\\/01\\\/designan-a-rufino-jimenez-como-encargado-de-despacho-de-la-guardia-civil-de-tecamac\\\/\"]}]},{\"@type\":\"ImageObject\",\"inLanguage\":\"es\",\"@id\":\"https:\\\/\\\/politicosaldesnudo.com.mx\\\/index.php\\\/2026\\\/06\\\/01\\\/designan-a-rufino-jimenez-como-encargado-de-despacho-de-la-guardia-civil-de-tecamac\\\/#primaryimage\",\"url\":\"https:\\\/\\\/i0.wp.com\\\/politicosaldesnudo.com.mx\\\/wp-content\\\/uploads\\\/2026\\\/05\\\/ARUFO.jpg?fit=1200%2C801&ssl=1\",\"contentUrl\":\"https:\\\/\\\/i0.wp.com\\\/politicosaldesnudo.com.mx\\\/wp-content\\\/uploads\\\/2026\\\/05\\\/ARUFO.jpg?fit=1200%2C801&ssl=1\",\"width\":1200,\"height\":801},{\"@type\":\"BreadcrumbList\",\"@id\":\"https:\\\/\\\/politicosaldesnudo.com.mx\\\/index.php\\\/2026\\\/06\\\/01\\\/designan-a-rufino-jimenez-como-encargado-de-despacho-de-la-guardia-civil-de-tecamac\\\/#breadcrumb\",\"itemListElement\":[{\"@type\":\"ListItem\",\"position\":1,\"name\":\"Portada\",\"item\":\"https:\\\/\\\/politicosaldesnudo.com.mx\\\/\"},{\"@type\":\"ListItem\",\"position\":2,\"name\":\"Designan a Rufino Jim\u00e9nez como encargado de despacho de la Guardia Civil de Tec\u00e1mac\"}]},{\"@type\":\"WebSite\",\"@id\":\"https:\\\/\\\/politicosaldesnudo.com.mx\\\/#website\",\"url\":\"https:\\\/\\\/politicosaldesnudo.com.mx\\\/\",\"name\":\"Pol\u00edticos al Desnudo\",\"description\":\"\",\"publisher\":{\"@id\":\"https:\\\/\\\/politicosaldesnudo.com.mx\\\/#organization\"},\"potentialAction\":[{\"@type\":\"SearchAction\",\"target\":{\"@type\":\"EntryPoint\",\"urlTemplate\":\"https:\\\/\\\/politicosaldesnudo.com.mx\\\/?s={search_term_string}\"},\"query-input\":{\"@type\":\"PropertyValueSpecification\",\"valueRequired\":true,\"valueName\":\"search_term_string\"}}],\"inLanguage\":\"es\"},{\"@type\":\"Organization\",\"@id\":\"https:\\\/\\\/politicosaldesnudo.com.mx\\\/#organization\",\"name\":\"Pol\u00edticos al Desnudo\",\"url\":\"https:\\\/\\\/politicosaldesnudo.com.mx\\\/\",\"logo\":{\"@type\":\"ImageObject\",\"inLanguage\":\"es\",\"@id\":\"https:\\\/\\\/politicosaldesnudo.com.mx\\\/#\\\/schema\\\/logo\\\/image\\\/\",\"url\":\"https:\\\/\\\/i0.wp.com\\\/politicosaldesnudo.com.mx\\\/wp-content\\\/uploads\\\/2026\\\/08\\\/cropped-logo.webp?fit=400%2C126&ssl=1\",\"contentUrl\":\"https:\\\/\\\/i0.wp.com\\\/politicosaldesnudo.com.mx\\\/wp-content\\\/uploads\\\/2026\\\/08\\\/cropped-logo.webp?fit=400%2C126&ssl=1\",\"width\":400,\"height\":126,\"caption\":\"Pol\u00edticos al Desnudo\"},\"image\":{\"@id\":\"https:\\\/\\\/politicosaldesnudo.com.mx\\\/#\\\/schema\\\/logo\\\/image\\\/\"},\"sameAs\":[\"https:\\\/\\\/www.facebook.com\\\/PoliticosAD\"]},{\"@type\":\"Person\",\"@id\":\"https:\\\/\\\/politicosaldesnudo.com.mx\\\/#\\\/schema\\\/person\\\/ef3a64e561cc3f3f5dc52fab81adde7e\",\"name\":\"Redacci\u00f3n Pol\u00edticos\",\"url\":\"https:\\\/\\\/politicosaldesnudo.com.mx\\\/index.php\\\/author\\\/redaccion-politicos\\\/\"}]}<\/script>\n<!-- \/ Yoast SEO plugin. -->","yoast_head_json":{"title":"Designan a Rufino Jim\u00e9nez como encargado de despacho de la Guardia Civil de Tec\u00e1mac - Pol\u00edticos al Desnudo","robots":{"index":"index","follow":"follow","max-snippet":"max-snippet:-1","max-image-preview":"max-image-preview:large","max-video-preview":"max-video-preview:-1"},"canonical":"https:\/\/politicosaldesnudo.com.mx\/index.php\/2026\/06\/01\/designan-a-rufino-jimenez-como-encargado-de-despacho-de-la-guardia-civil-de-tecamac\/","og_locale":"es_ES","og_type":"article","og_title":"Designan a Rufino Jim\u00e9nez como encargado de despacho de la Guardia Civil de Tec\u00e1mac - Pol\u00edticos al Desnudo","og_description":"Rufino Jim\u00e9nez Jim\u00e9nez, fue designado como nuevo encargado de despacho de la Guardia Civil de Tec\u00e1mac. El nombramiento se hizo [&hellip;]","og_url":"https:\/\/politicosaldesnudo.com.mx\/index.php\/2026\/06\/01\/designan-a-rufino-jimenez-como-encargado-de-despacho-de-la-guardia-civil-de-tecamac\/","og_site_name":"Pol\u00edticos al Desnudo","article_publisher":"https:\/\/www.facebook.com\/PoliticosAD","article_published_time":"2026-06-01T06:13:47+00:00","og_image":[{"width":1200,"height":801,"url":"https:\/\/i0.wp.com\/politicosaldesnudo.com.mx\/wp-content\/uploads\/2026\/05\/ARUFO.jpg?fit=1200%2C801&ssl=1","type":"image\/jpeg"}],"author":"Redacci\u00f3n Pol\u00edticos","twitter_card":"summary_large_image","twitter_misc":{"Escrito por":"Redacci\u00f3n Pol\u00edticos","Tiempo de lectura":"1 minuto"},"schema":{"@context":"https:\/\/schema.org","@graph":[{"@type":"Article","@id":"https:\/\/politicosaldesnudo.com.mx\/index.php\/2026\/06\/01\/designan-a-rufino-jimenez-como-encargado-de-despacho-de-la-guardia-civil-de-tecamac\/#article","isPartOf":{"@id":"https:\/\/politicosaldesnudo.com.mx\/index.php\/2026\/06\/01\/designan-a-rufino-jimenez-como-encargado-de-despacho-de-la-guardia-civil-de-tecamac\/"},"author":{"name":"Redacci\u00f3n Pol\u00edticos","@id":"https:\/\/politicosaldesnudo.com.mx\/#\/schema\/person\/ef3a64e561cc3f3f5dc52fab81adde7e"},"headline":"Designan a Rufino Jim\u00e9nez como encargado de despacho de la Guardia Civil de Tec\u00e1mac","datePublished":"2026-06-01T06:13:47+00:00","mainEntityOfPage":{"@id":"https:\/\/politicosaldesnudo.com.mx\/index.php\/2026\/06\/01\/designan-a-rufino-jimenez-como-encargado-de-despacho-de-la-guardia-civil-de-tecamac\/"},"wordCount":285,"publisher":{"@id":"https:\/\/politicosaldesnudo.com.mx\/#organization"},"image":{"@id":"https:\/\/politicosaldesnudo.com.mx\/index.php\/2026\/06\/01\/designan-a-rufino-jimenez-como-encargado-de-despacho-de-la-guardia-civil-de-tecamac\/#primaryimage"},"thumbnailUrl":"https:\/\/i0.wp.com\/politicosaldesnudo.com.mx\/wp-content\/uploads\/2026\/05\/ARUFO.jpg?fit=1200%2C801&ssl=1","articleSection":["ESTADOS"],"inLanguage":"es"},{"@type":"WebPage","@id":"https:\/\/politicosaldesnudo.com.mx\/index.php\/2026\/06\/01\/designan-a-rufino-jimenez-como-encargado-de-despacho-de-la-guardia-civil-de-tecamac\/","url":"https:\/\/politicosaldesnudo.com.mx\/index.php\/2026\/06\/01\/designan-a-rufino-jimenez-como-encargado-de-despacho-de-la-guardia-civil-de-tecamac\/","name":"Designan a Rufino Jim\u00e9nez como encargado de despacho de la Guardia Civil de Tec\u00e1mac - Pol\u00edticos al Desnudo","isPartOf":{"@id":"https:\/\/politicosaldesnudo.com.mx\/#website"},"primaryImageOfPage":{"@id":"https:\/\/politicosaldesnudo.com.mx\/index.php\/2026\/06\/01\/designan-a-rufino-jimenez-como-encargado-de-despacho-de-la-guardia-civil-de-tecamac\/#primaryimage"},"image":{"@id":"https:\/\/politicosaldesnudo.com.mx\/index.php\/2026\/06\/01\/designan-a-rufino-jimenez-como-encargado-de-despacho-de-la-guardia-civil-de-tecamac\/#primaryimage"},"thumbnailUrl":"https:\/\/i0.wp.com\/politicosaldesnudo.com.mx\/wp-content\/uploads\/2026\/05\/ARUFO.jpg?fit=1200%2C801&ssl=1","datePublished":"2026-06-01T06:13:47+00:00","breadcrumb":{"@id":"https:\/\/politicosaldesnudo.com.mx\/index.php\/2026\/06\/01\/designan-a-rufino-jimenez-como-encargado-de-despacho-de-la-guardia-civil-de-tecamac\/#breadcrumb"},"inLanguage":"es","potentialAction":[{"@type":"ReadAction","target":["https:\/\/politicosaldesnudo.com.mx\/index.php\/2026\/06\/01\/designan-a-rufino-jimenez-como-encargado-de-despacho-de-la-guardia-civil-de-tecamac\/"]}]},{"@type":"ImageObject","inLanguage":"es","@id":"https:\/\/politicosaldesnudo.com.mx\/index.php\/2026\/06\/01\/designan-a-rufino-jimenez-como-encargado-de-despacho-de-la-guardia-civil-de-tecamac\/#primaryimage","url":"https:\/\/i0.wp.com\/politicosaldesnudo.com.mx\/wp-content\/uploads\/2026\/05\/ARUFO.jpg?fit=1200%2C801&ssl=1","contentUrl":"https:\/\/i0.wp.com\/politicosaldesnudo.com.mx\/wp-content\/uploads\/2026\/05\/ARUFO.jpg?fit=1200%2C801&ssl=1","width":1200,"height":801},{"@type":"BreadcrumbList","@id":"https:\/\/politicosaldesnudo.com.mx\/index.php\/2026\/06\/01\/designan-a-rufino-jimenez-como-encargado-de-despacho-de-la-guardia-civil-de-tecamac\/#breadcrumb","itemListElement":[{"@type":"ListItem","position":1,"name":"Portada","item":"https:\/\/politicosaldesnudo.com.mx\/"},{"@type":"ListItem","position":2,"name":"Designan a Rufino Jim\u00e9nez como encargado de despacho de la Guardia Civil de Tec\u00e1mac"}]},{"@type":"WebSite","@id":"https:\/\/politicosaldesnudo.com.mx\/#website","url":"https:\/\/politicosaldesnudo.com.mx\/","name":"Pol\u00edticos al Desnudo","description":"","publisher":{"@id":"https:\/\/politicosaldesnudo.com.mx\/#organization"},"potentialAction":[{"@type":"SearchAction","target":{"@type":"EntryPoint","urlTemplate":"https:\/\/politicosaldesnudo.com.mx\/?s={search_term_string}"},"query-input":{"@type":"PropertyValueSpecification","valueRequired":true,"valueName":"search_term_string"}}],"inLanguage":"es"},{"@type":"Organization","@id":"https:\/\/politicosaldesnudo.com.mx\/#organization","name":"Pol\u00edticos al Desnudo","url":"https:\/\/politicosaldesnudo.com.mx\/","logo":{"@type":"ImageObject","inLanguage":"es","@id":"https:\/\/politicosaldesnudo.com.mx\/#\/schema\/logo\/image\/","url":"https:\/\/i0.wp.com\/politicosaldesnudo.com.mx\/wp-content\/uploads\/2026\/08\/cropped-logo.webp?fit=400%2C126&ssl=1","contentUrl":"https:\/\/i0.wp.com\/politicosaldesnudo.com.mx\/wp-content\/uploads\/2026\/08\/cropped-logo.webp?fit=400%2C126&ssl=1","width":400,"height":126,"caption":"Pol\u00edticos al Desnudo"},"image":{"@id":"https:\/\/politicosaldesnudo.com.mx\/#\/schema\/logo\/image\/"},"sameAs":["https:\/\/www.facebook.com\/PoliticosAD"]},{"@type":"Person","@id":"https:\/\/politicosaldesnudo.com.mx\/#\/schema\/person\/ef3a64e561cc3f3f5dc52fab81adde7e","name":"Redacci\u00f3n Pol\u00edticos","url":"https:\/\/politicosaldesnudo.com.mx\/index.php\/author\/redaccion-politicos\/"}]}},"jetpack_publicize_connections":[],"jetpack-related-posts":[{"id":87930,"url":"https:\/\/politicosaldesnudo.com.mx\/index.php\/2026\/08\/21\/pan-busca-dejar-atras-la-influencia-de-los-yunes\/","url_meta":{"origin":85306,"position":0},"title":"PAN busca dejar atr\u00e1s la influencia de los Yunes","author":"Redacci\u00f3n Pol\u00edticos","date":"21 de agosto de 2026","format":false,"excerpt":"ALMA GRANDE POR \u00c1NGEL \u00c1LVARO PE\u00d1A La declaraci\u00f3n de Jorge Romero Herrera sobre Miguel \u00c1ngel Yunes Linares y Miguel \u00c1ngel Yunes M\u00e1rquez coloca nuevamente al PAN frente a una de las rupturas pol\u00edticas que m\u00e1s repercusi\u00f3n han tenido en Veracruz. El dirigente nacional asegur\u00f3 que los Yunes ya no tendr\u00e1n\u2026","rel":"","context":"En \u00abOPINI\u00d3N\u00bb","block_context":{"text":"OPINI\u00d3N","link":"https:\/\/politicosaldesnudo.com.mx\/index.php\/category\/columnistas\/"},"img":{"alt_text":"","src":"https:\/\/i0.wp.com\/politicosaldesnudo.com.mx\/wp-content\/uploads\/2026\/08\/ag-210826.png?fit=1200%2C659&ssl=1&resize=350%2C200","width":350,"height":200,"srcset":"https:\/\/i0.wp.com\/politicosaldesnudo.com.mx\/wp-content\/uploads\/2026\/08\/ag-210826.png?fit=1200%2C659&ssl=1&resize=350%2C200 1x, https:\/\/i0.wp.com\/politicosaldesnudo.com.mx\/wp-content\/uploads\/2026\/08\/ag-210826.png?fit=1200%2C659&ssl=1&resize=525%2C300 1.5x, https:\/\/i0.wp.com\/politicosaldesnudo.com.mx\/wp-content\/uploads\/2026\/08\/ag-210826.png?fit=1200%2C659&ssl=1&resize=700%2C400 2x, https:\/\/i0.wp.com\/politicosaldesnudo.com.mx\/wp-content\/uploads\/2026\/08\/ag-210826.png?fit=1200%2C659&ssl=1&resize=1050%2C600 3x"},"classes":[]},{"id":87494,"url":"https:\/\/politicosaldesnudo.com.mx\/index.php\/2026\/08\/04\/aberrantes-lineamientos\/","url_meta":{"origin":85306,"position":1},"title":"Aberrantes lineamientos","author":"Redacci\u00f3n Pol\u00edticos","date":"4 de agosto de 2026","format":false,"excerpt":"En pasados, pero recientes d\u00edas, el segundo piso de la Cuarta Transformaci\u00f3n de la Naci\u00f3n nos dio a conocer sobre unos inconstitucionales lineamientos para poder \u201cregular noticias y opiniones\u201d con la nueva Ley de Telecomunicaciones que silencia y\/o censura la libertad de expresi\u00f3n en todos los medios de informaci\u00f3n. Para\u2026","rel":"","context":"En \u00abOPINI\u00d3N\u00bb","block_context":{"text":"OPINI\u00d3N","link":"https:\/\/politicosaldesnudo.com.mx\/index.php\/category\/columnistas\/"},"img":{"alt_text":"","src":"https:\/\/i0.wp.com\/politicosaldesnudo.com.mx\/wp-content\/uploads\/2026\/03\/WOODLRICH.jpg?fit=800%2C445&ssl=1&resize=350%2C200","width":350,"height":200,"srcset":"https:\/\/i0.wp.com\/politicosaldesnudo.com.mx\/wp-content\/uploads\/2026\/03\/WOODLRICH.jpg?fit=800%2C445&ssl=1&resize=350%2C200 1x, https:\/\/i0.wp.com\/politicosaldesnudo.com.mx\/wp-content\/uploads\/2026\/03\/WOODLRICH.jpg?fit=800%2C445&ssl=1&resize=525%2C300 1.5x, https:\/\/i0.wp.com\/politicosaldesnudo.com.mx\/wp-content\/uploads\/2026\/03\/WOODLRICH.jpg?fit=800%2C445&ssl=1&resize=700%2C400 2x"},"classes":[]},{"id":87514,"url":"https:\/\/politicosaldesnudo.com.mx\/index.php\/2026\/08\/05\/el-lineamiento-que-rompe-el-estado-de-derecho\/","url_meta":{"origin":85306,"position":2},"title":"EL LINEAMIENTO QUE ROMPE EL ESTADO DE DERECHO","author":"Redacci\u00f3n Pol\u00edticos","date":"5 de agosto de 2026","format":false,"excerpt":"Por: Lic. Alberto Woolrich Ortiz La comentad\u00edsima y difundida columna anterior denominada \u201caberrantes lineamientos\u201d, que fuese publicada en el presente medio de comunicaci\u00f3n, no s\u00f3lo ha conmocionado a diversos informadores, sino a muchos pensantes libres del Pa\u00eds, incluso a algunos impartidores de justicia. Violentar de manera tan flagrante y descarada\u2026","rel":"","context":"En \u00abOPINI\u00d3N\u00bb","block_context":{"text":"OPINI\u00d3N","link":"https:\/\/politicosaldesnudo.com.mx\/index.php\/category\/columnistas\/"},"img":{"alt_text":"","src":"https:\/\/i0.wp.com\/politicosaldesnudo.com.mx\/wp-content\/uploads\/2026\/03\/WOODLRICH.jpg?fit=800%2C445&ssl=1&resize=350%2C200","width":350,"height":200,"srcset":"https:\/\/i0.wp.com\/politicosaldesnudo.com.mx\/wp-content\/uploads\/2026\/03\/WOODLRICH.jpg?fit=800%2C445&ssl=1&resize=350%2C200 1x, https:\/\/i0.wp.com\/politicosaldesnudo.com.mx\/wp-content\/uploads\/2026\/03\/WOODLRICH.jpg?fit=800%2C445&ssl=1&resize=525%2C300 1.5x, https:\/\/i0.wp.com\/politicosaldesnudo.com.mx\/wp-content\/uploads\/2026\/03\/WOODLRICH.jpg?fit=800%2C445&ssl=1&resize=700%2C400 2x"},"classes":[]},{"id":47257,"url":"https:\/\/politicosaldesnudo.com.mx\/index.php\/2024\/09\/28\/presentan-nuevos-directores-de-pemex\/","url_meta":{"origin":85306,"position":3},"title":"Presentan nuevos directores de Pemex","author":"Redacci\u00f3n Pol\u00edticos","date":"28 de septiembre de 2024","format":false,"excerpt":"El aun director de Petr\u00f3leos mexicanos Octavio Romero Oropeza, present\u00f3 al nuevo equipo que estar\u00e1 al frente de la petrolera en la siguiente administraci\u00f3n a partir del 2 de octubre. Cargo y Nombre Direcci\u00f3n General de Pemex Exploraci\u00f3n y Producci\u00f3n - N\u00e9stor Martinez Romero Subdirecci\u00f3n de Exploraci\u00f3n\u00a0- Julio P\u00e9rez Aldana\u2026","rel":"","context":"En \u00abNACIONAL\u00bb","block_context":{"text":"NACIONAL","link":"https:\/\/politicosaldesnudo.com.mx\/index.php\/category\/nacional\/"},"img":{"alt_text":"","src":"https:\/\/i0.wp.com\/politicosaldesnudo.com.mx\/wp-content\/uploads\/2024\/09\/Pemex.jpg?fit=768%2C479&ssl=1&resize=350%2C200","width":350,"height":200,"srcset":"https:\/\/i0.wp.com\/politicosaldesnudo.com.mx\/wp-content\/uploads\/2024\/09\/Pemex.jpg?fit=768%2C479&ssl=1&resize=350%2C200 1x, https:\/\/i0.wp.com\/politicosaldesnudo.com.mx\/wp-content\/uploads\/2024\/09\/Pemex.jpg?fit=768%2C479&ssl=1&resize=525%2C300 1.5x, https:\/\/i0.wp.com\/politicosaldesnudo.com.mx\/wp-content\/uploads\/2024\/09\/Pemex.jpg?fit=768%2C479&ssl=1&resize=700%2C400 2x"},"classes":[]},{"id":88003,"url":"https:\/\/politicosaldesnudo.com.mx\/index.php\/2026\/08\/23\/congreso-de-sinaloa-elegira-este-lunes-a-quien-sustituya-a-rocha-moya\/","url_meta":{"origin":85306,"position":4},"title":"Congreso de Sinaloa elegir\u00e1 este lunes a quien sustituya a Rocha Moya","author":"Redacci\u00f3n Pol\u00edticos","date":"23 de agosto de 2026","format":false,"excerpt":"El futuro inmediato del Gobierno de Sinaloa ser\u00e1 definido este lunes 24 de agosto, cuando el Congreso estatal se re\u00fana en sesi\u00f3n extraordinaria para designar a la persona que asumir\u00e1 de manera interina la gubernatura. La decisi\u00f3n se produce despu\u00e9s de que los diputados aprobaran por unanimidad la nueva licencia\u2026","rel":"","context":"En \u00abNACIONAL\u00bb","block_context":{"text":"NACIONAL","link":"https:\/\/politicosaldesnudo.com.mx\/index.php\/category\/nacional\/"},"img":{"alt_text":"","src":"https:\/\/i0.wp.com\/politicosaldesnudo.com.mx\/wp-content\/uploads\/2026\/08\/moyaa.jpg?fit=1200%2C801&ssl=1&resize=350%2C200","width":350,"height":200,"srcset":"https:\/\/i0.wp.com\/politicosaldesnudo.com.mx\/wp-content\/uploads\/2026\/08\/moyaa.jpg?fit=1200%2C801&ssl=1&resize=350%2C200 1x, https:\/\/i0.wp.com\/politicosaldesnudo.com.mx\/wp-content\/uploads\/2026\/08\/moyaa.jpg?fit=1200%2C801&ssl=1&resize=525%2C300 1.5x, https:\/\/i0.wp.com\/politicosaldesnudo.com.mx\/wp-content\/uploads\/2026\/08\/moyaa.jpg?fit=1200%2C801&ssl=1&resize=700%2C400 2x, https:\/\/i0.wp.com\/politicosaldesnudo.com.mx\/wp-content\/uploads\/2026\/08\/moyaa.jpg?fit=1200%2C801&ssl=1&resize=1050%2C600 3x"},"classes":[]},{"id":49738,"url":"https:\/\/politicosaldesnudo.com.mx\/index.php\/2024\/11\/04\/el-pan-sin-proyecto-ni-rumbo\/","url_meta":{"origin":85306,"position":5},"title":"EL PAN, SIN PROYECTO NI RUMBO","author":"Redacci\u00f3n Pol\u00edticos","date":"4 de noviembre de 2024","format":false,"excerpt":"Por Francisco Blanco Calder\u00f3n En relaci\u00f3n al D\u00eda de Muertos, corresponde, ahora, a los partidos pol\u00edticos que fenecen al desvincularse del pueblo y saquear\u00a0 sus recursos energ\u00e9ticos y naturales en forma c\u00ednica y despiadada, cobijados en una corrupci\u00f3n sin parang\u00f3n \u00edntimamente vinculados al crimen organizado, a los grandes capitales de\u2026","rel":"","context":"En \u00abOPINI\u00d3N\u00bb","block_context":{"text":"OPINI\u00d3N","link":"https:\/\/politicosaldesnudo.com.mx\/index.php\/category\/columnistas\/"},"img":{"alt_text":"","src":"https:\/\/i0.wp.com\/politicosaldesnudo.com.mx\/wp-content\/uploads\/2024\/10\/ESCENARIOS-1.jpg?fit=800%2C448&ssl=1&resize=350%2C200","width":350,"height":200,"srcset":"https:\/\/i0.wp.com\/politicosaldesnudo.com.mx\/wp-content\/uploads\/2024\/10\/ESCENARIOS-1.jpg?fit=800%2C448&ssl=1&resize=350%2C200 1x, https:\/\/i0.wp.com\/politicosaldesnudo.com.mx\/wp-content\/uploads\/2024\/10\/ESCENARIOS-1.jpg?fit=800%2C448&ssl=1&resize=525%2C300 1.5x, https:\/\/i0.wp.com\/politicosaldesnudo.com.mx\/wp-content\/uploads\/2024\/10\/ESCENARIOS-1.jpg?fit=800%2C448&ssl=1&resize=700%2C400 2x"},"classes":[]}],"jetpack_sharing_enabled":true,"jetpack_featured_media_url":"https:\/\/i0.wp.com\/politicosaldesnudo.com.mx\/wp-content\/uploads\/2026\/05\/ARUFO.jpg?fit=1200%2C801&ssl=1","_links":{"self":[{"href":"https:\/\/politicosaldesnudo.com.mx\/index.php\/wp-json\/wp\/v2\/posts\/85306","targetHints":{"allow":["GET"]}}],"collection":[{"href":"https:\/\/politicosaldesnudo.com.mx\/index.php\/wp-json\/wp\/v2\/posts"}],"about":[{"href":"https:\/\/politicosaldesnudo.com.mx\/index.php\/wp-json\/wp\/v2\/types\/post"}],"author":[{"embeddable":true,"href":"https:\/\/politicosaldesnudo.com.mx\/index.php\/wp-json\/wp\/v2\/users\/4"}],"replies":[{"embeddable":true,"href":"https:\/\/politicosaldesnudo.com.mx\/index.php\/wp-json\/wp\/v2\/comments?post=85306"}],"version-history":[{"count":1,"href":"https:\/\/politicosaldesnudo.com.mx\/index.php\/wp-json\/wp\/v2\/posts\/85306\/revisions"}],"predecessor-version":[{"id":85308,"href":"https:\/\/politicosaldesnudo.com.mx\/index.php\/wp-json\/wp\/v2\/posts\/85306\/revisions\/85308"}],"wp:featuredmedia":[{"embeddable":true,"href":"https:\/\/politicosaldesnudo.com.mx\/index.php\/wp-json\/wp\/v2\/media\/85307"}],"wp:attachment":[{"href":"https:\/\/politicosaldesnudo.com.mx\/index.php\/wp-json\/wp\/v2\/media?parent=85306"}],"wp:term":[{"taxonomy":"category","embeddable":true,"href":"https:\/\/politicosaldesnudo.com.mx\/index.php\/wp-json\/wp\/v2\/categories?post=85306"},{"taxonomy":"post_tag","embeddable":true,"href":"https:\/\/politicosaldesnudo.com.mx\/index.php\/wp-json\/wp\/v2\/tags?post=85306"}],"curies":[{"name":"wp","href":"https:\/\/api.w.org\/{rel}","templated":true}]}}