{"id":85309,"date":"2026-06-01T00:14:31","date_gmt":"2026-06-01T06:14:31","guid":{"rendered":"https:\/\/politicosaldesnudo.com.mx\/?p=85309"},"modified":"2026-05-31T20:16:38","modified_gmt":"2026-06-01T02:16:38","slug":"estudiantes-del-tecnologico-de-merida-usan-bulgaros-para-degradar-bioplastico-y-pet","status":"publish","type":"post","link":"https:\/\/politicosaldesnudo.com.mx\/index.php\/2026\/06\/01\/estudiantes-del-tecnologico-de-merida-usan-bulgaros-para-degradar-bioplastico-y-pet\/","title":{"rendered":"Estudiantes del Tecnol\u00f3gico de M\u00e9rida usan b\u00falgaros para degradar biopl\u00e1stico y PET"},"content":{"rendered":"<p class=\"nota-justify\">Estudiantes del Instituto Tecnol\u00f3gico de M\u00e9rida (ITM), obtuvieron la medalla de oro en el I-Fest 2026, realizado recientemente en T\u00fanez, con base en un proyecto que explora el uso de \u201cb\u00falgaros\u201d del yogur para degradar biopl\u00e1sticos y PET, uno de los principales desaf\u00edos ambientales de la actualidad.<\/p>\n<p class=\"nota-justify\">Y el k\u00e9fir, producto l\u00e1cteo fermentado similar al yogur l\u00edquido, elaborado a partir de \u00abn\u00f3dulos\u00bb o \u00abb\u00falgaros\u00bb (una colonia de bacterias y levaduras), es el principal componente en que se basa el proyecto de los j\u00f3venes cient\u00edficos.<\/p>\n<p class=\"nota-justify\">El k\u00e9fir sirve como un potente probi\u00f3tico natural que mejora la digesti\u00f3n, fortalece el sistema inmunol\u00f3gico y equilibra la flora intestinal pero, adem\u00e1s, ya tiene otra funci\u00f3n fuera del cuerpo humano: puede degradar materiales pl\u00e1sticos.<\/p>\n<p class=\"nota-justify\">Julia Patricia Huch\u00edn, Regina Beatriz Vega Osalde y Johan Rodrigo Ferr\u00e1ez Balam, estudiantes de Ingenier\u00eda Bioqu\u00edmica, representaron a Yucat\u00e1n y a M\u00e9xico en esta competencia internacional con el apoyo de la Secretar\u00eda estatal de Ciencia, Humanidades, Tecnolog\u00eda e Innovaci\u00f3n (Secihti).<\/p>\n<p class=\"nota-justify\">El proyecto ganador, titulado \u00abAislamiento de microorganismos provenientes del k\u00e9fir con potencial para la degradaci\u00f3n de biopl\u00e1sticos y PET\u00bb, se basa en el estudio de bacterias presentes en esta bebida fermentada para evaluar su capacidad de degradar materiales pl\u00e1sticos, con resultados alentadores en sus primeras etapas de investigaci\u00f3n.<\/p>\n<p class=\"nota-justify\">Vega Osalde destac\u00f3 que uno de los aspectos que m\u00e1s llam\u00f3 la atenci\u00f3n del jurado fue el uso del k\u00e9fir como alternativa para la degradaci\u00f3n de pl\u00e1sticos. \u00abAhora buscamos escalar el proyecto para que pueda generar un mayor impacto en el \u00e1mbito industrial y ambiental\u00bb, se\u00f1al\u00f3.<\/p>\n","protected":false},"excerpt":{"rendered":"<p>Estudiantes del Instituto Tecnol\u00f3gico de M\u00e9rida (ITM), obtuvieron la medalla de oro en el I-Fest 2026, realizado recientemente en T\u00fanez, [&hellip;]<\/p>\n","protected":false},"author":4,"featured_media":85310,"comment_status":"closed","ping_status":"closed","sticky":false,"template":"","format":"standard","meta":{"site-sidebar-layout":"default","site-content-layout":"","ast-site-content-layout":"default","site-content-style":"default","site-sidebar-style":"default","ast-global-header-display":"","ast-banner-title-visibility":"","ast-main-header-display":"","ast-hfb-above-header-display":"","ast-hfb-below-header-display":"","ast-hfb-mobile-header-display":"","site-post-title":"","ast-breadcrumbs-content":"","ast-featured-img":"","footer-sml-layout":"","ast-disable-related-posts":"","theme-transparent-header-meta":"","adv-header-id-meta":"","stick-header-meta":"","header-above-stick-meta":"","header-main-stick-meta":"","header-below-stick-meta":"","astra-migrate-meta-layouts":"default","ast-page-background-enabled":"default","ast-page-background-meta":{"desktop":{"background-color":"var(--ast-global-color-5)","background-image":"","background-repeat":"repeat","background-position":"center center","background-size":"auto","background-attachment":"scroll","background-type":"","background-media":"","overlay-type":"","overlay-color":"","overlay-opacity":"","overlay-gradient":""},"tablet":{"background-color":"","background-image":"","background-repeat":"repeat","background-position":"center center","background-size":"auto","background-attachment":"scroll","background-type":"","background-media":"","overlay-type":"","overlay-color":"","overlay-opacity":"","overlay-gradient":""},"mobile":{"background-color":"","background-image":"","background-repeat":"repeat","background-position":"center center","background-size":"auto","background-attachment":"scroll","background-type":"","background-media":"","overlay-type":"","overlay-color":"","overlay-opacity":"","overlay-gradient":""}},"ast-content-background-meta":{"desktop":{"background-color":"var(--ast-global-color-4)","background-image":"","background-repeat":"repeat","background-position":"center center","background-size":"auto","background-attachment":"scroll","background-type":"","background-media":"","overlay-type":"","overlay-color":"","overlay-opacity":"","overlay-gradient":""},"tablet":{"background-color":"var(--ast-global-color-4)","background-image":"","background-repeat":"repeat","background-position":"center center","background-size":"auto","background-attachment":"scroll","background-type":"","background-media":"","overlay-type":"","overlay-color":"","overlay-opacity":"","overlay-gradient":""},"mobile":{"background-color":"var(--ast-global-color-4)","background-image":"","background-repeat":"repeat","background-position":"center center","background-size":"auto","background-attachment":"scroll","background-type":"","background-media":"","overlay-type":"","overlay-color":"","overlay-opacity":"","overlay-gradient":""}},"_jetpack_newsletter_access":"","_jetpack_dont_email_post_to_subs":false,"_jetpack_newsletter_tier_id":0,"_jetpack_memberships_contains_paywalled_content":false,"_jetpack_feature_clip_id":0,"_jetpack_memberships_contains_paid_content":false,"footnotes":"","jetpack_publicize_message":"","jetpack_publicize_feature_enabled":true,"jetpack_social_post_already_shared":true,"jetpack_social_options":{"image_generator_settings":{"template":"highway","default_image_id":0,"font":"","enabled":false},"version":2},"jetpack_post_was_ever_published":false},"categories":[30],"tags":[],"class_list":["post-85309","post","type-post","status-publish","format-standard","has-post-thumbnail","hentry","category-estados"],"yoast_head":"<!-- This site is optimized with the Yoast SEO plugin v28.3 - https:\/\/yoast.com\/product\/yoast-seo-wordpress\/ -->\n<title>Estudiantes del Tecnol\u00f3gico de M\u00e9rida usan b\u00falgaros para degradar biopl\u00e1stico y PET - Pol\u00edticos al Desnudo<\/title>\n<meta name=\"robots\" content=\"index, follow, max-snippet:-1, max-image-preview:large, max-video-preview:-1\" \/>\n<link rel=\"canonical\" href=\"https:\/\/politicosaldesnudo.com.mx\/index.php\/2026\/06\/01\/estudiantes-del-tecnologico-de-merida-usan-bulgaros-para-degradar-bioplastico-y-pet\/\" \/>\n<meta property=\"og:locale\" content=\"es_ES\" \/>\n<meta property=\"og:type\" content=\"article\" \/>\n<meta property=\"og:title\" content=\"Estudiantes del Tecnol\u00f3gico de M\u00e9rida usan b\u00falgaros para degradar biopl\u00e1stico y PET - Pol\u00edticos al Desnudo\" \/>\n<meta property=\"og:description\" content=\"Estudiantes del Instituto Tecnol\u00f3gico de M\u00e9rida (ITM), obtuvieron la medalla de oro en el I-Fest 2026, realizado recientemente en T\u00fanez, [&hellip;]\" \/>\n<meta property=\"og:url\" content=\"https:\/\/politicosaldesnudo.com.mx\/index.php\/2026\/06\/01\/estudiantes-del-tecnologico-de-merida-usan-bulgaros-para-degradar-bioplastico-y-pet\/\" \/>\n<meta property=\"og:site_name\" content=\"Pol\u00edticos al Desnudo\" \/>\n<meta property=\"article:publisher\" content=\"https:\/\/www.facebook.com\/PoliticosAD\" \/>\n<meta property=\"article:published_time\" content=\"2026-06-01T06:14:31+00:00\" \/>\n<meta property=\"og:image\" content=\"https:\/\/i0.wp.com\/politicosaldesnudo.com.mx\/wp-content\/uploads\/2026\/05\/CHIN-1.jpg?fit=1200%2C675&ssl=1\" \/>\n\t<meta property=\"og:image:width\" content=\"1200\" \/>\n\t<meta property=\"og:image:height\" content=\"675\" \/>\n\t<meta property=\"og:image:type\" content=\"image\/jpeg\" \/>\n<meta name=\"author\" content=\"Redacci\u00f3n Pol\u00edticos\" \/>\n<meta name=\"twitter:card\" content=\"summary_large_image\" \/>\n<meta name=\"twitter:label1\" content=\"Escrito por\" \/>\n\t<meta name=\"twitter:data1\" content=\"Redacci\u00f3n Pol\u00edticos\" \/>\n\t<meta name=\"twitter:label2\" content=\"Tiempo de lectura\" \/>\n\t<meta name=\"twitter:data2\" content=\"1 minuto\" \/>\n<script type=\"application\/ld+json\" class=\"yoast-schema-graph\">{\"@context\":\"https:\\\/\\\/schema.org\",\"@graph\":[{\"@type\":\"Article\",\"@id\":\"https:\\\/\\\/politicosaldesnudo.com.mx\\\/index.php\\\/2026\\\/06\\\/01\\\/estudiantes-del-tecnologico-de-merida-usan-bulgaros-para-degradar-bioplastico-y-pet\\\/#article\",\"isPartOf\":{\"@id\":\"https:\\\/\\\/politicosaldesnudo.com.mx\\\/index.php\\\/2026\\\/06\\\/01\\\/estudiantes-del-tecnologico-de-merida-usan-bulgaros-para-degradar-bioplastico-y-pet\\\/\"},\"author\":{\"name\":\"Redacci\u00f3n Pol\u00edticos\",\"@id\":\"https:\\\/\\\/politicosaldesnudo.com.mx\\\/#\\\/schema\\\/person\\\/ef3a64e561cc3f3f5dc52fab81adde7e\"},\"headline\":\"Estudiantes del Tecnol\u00f3gico de M\u00e9rida usan b\u00falgaros para degradar biopl\u00e1stico y PET\",\"datePublished\":\"2026-06-01T06:14:31+00:00\",\"mainEntityOfPage\":{\"@id\":\"https:\\\/\\\/politicosaldesnudo.com.mx\\\/index.php\\\/2026\\\/06\\\/01\\\/estudiantes-del-tecnologico-de-merida-usan-bulgaros-para-degradar-bioplastico-y-pet\\\/\"},\"wordCount\":308,\"publisher\":{\"@id\":\"https:\\\/\\\/politicosaldesnudo.com.mx\\\/#organization\"},\"image\":{\"@id\":\"https:\\\/\\\/politicosaldesnudo.com.mx\\\/index.php\\\/2026\\\/06\\\/01\\\/estudiantes-del-tecnologico-de-merida-usan-bulgaros-para-degradar-bioplastico-y-pet\\\/#primaryimage\"},\"thumbnailUrl\":\"https:\\\/\\\/i0.wp.com\\\/politicosaldesnudo.com.mx\\\/wp-content\\\/uploads\\\/2026\\\/05\\\/CHIN-1.jpg?fit=1200%2C675&ssl=1\",\"articleSection\":[\"ESTADOS\"],\"inLanguage\":\"es\"},{\"@type\":\"WebPage\",\"@id\":\"https:\\\/\\\/politicosaldesnudo.com.mx\\\/index.php\\\/2026\\\/06\\\/01\\\/estudiantes-del-tecnologico-de-merida-usan-bulgaros-para-degradar-bioplastico-y-pet\\\/\",\"url\":\"https:\\\/\\\/politicosaldesnudo.com.mx\\\/index.php\\\/2026\\\/06\\\/01\\\/estudiantes-del-tecnologico-de-merida-usan-bulgaros-para-degradar-bioplastico-y-pet\\\/\",\"name\":\"Estudiantes del Tecnol\u00f3gico de M\u00e9rida usan b\u00falgaros para degradar biopl\u00e1stico y PET - Pol\u00edticos al Desnudo\",\"isPartOf\":{\"@id\":\"https:\\\/\\\/politicosaldesnudo.com.mx\\\/#website\"},\"primaryImageOfPage\":{\"@id\":\"https:\\\/\\\/politicosaldesnudo.com.mx\\\/index.php\\\/2026\\\/06\\\/01\\\/estudiantes-del-tecnologico-de-merida-usan-bulgaros-para-degradar-bioplastico-y-pet\\\/#primaryimage\"},\"image\":{\"@id\":\"https:\\\/\\\/politicosaldesnudo.com.mx\\\/index.php\\\/2026\\\/06\\\/01\\\/estudiantes-del-tecnologico-de-merida-usan-bulgaros-para-degradar-bioplastico-y-pet\\\/#primaryimage\"},\"thumbnailUrl\":\"https:\\\/\\\/i0.wp.com\\\/politicosaldesnudo.com.mx\\\/wp-content\\\/uploads\\\/2026\\\/05\\\/CHIN-1.jpg?fit=1200%2C675&ssl=1\",\"datePublished\":\"2026-06-01T06:14:31+00:00\",\"breadcrumb\":{\"@id\":\"https:\\\/\\\/politicosaldesnudo.com.mx\\\/index.php\\\/2026\\\/06\\\/01\\\/estudiantes-del-tecnologico-de-merida-usan-bulgaros-para-degradar-bioplastico-y-pet\\\/#breadcrumb\"},\"inLanguage\":\"es\",\"potentialAction\":[{\"@type\":\"ReadAction\",\"target\":[\"https:\\\/\\\/politicosaldesnudo.com.mx\\\/index.php\\\/2026\\\/06\\\/01\\\/estudiantes-del-tecnologico-de-merida-usan-bulgaros-para-degradar-bioplastico-y-pet\\\/\"]}]},{\"@type\":\"ImageObject\",\"inLanguage\":\"es\",\"@id\":\"https:\\\/\\\/politicosaldesnudo.com.mx\\\/index.php\\\/2026\\\/06\\\/01\\\/estudiantes-del-tecnologico-de-merida-usan-bulgaros-para-degradar-bioplastico-y-pet\\\/#primaryimage\",\"url\":\"https:\\\/\\\/i0.wp.com\\\/politicosaldesnudo.com.mx\\\/wp-content\\\/uploads\\\/2026\\\/05\\\/CHIN-1.jpg?fit=1200%2C675&ssl=1\",\"contentUrl\":\"https:\\\/\\\/i0.wp.com\\\/politicosaldesnudo.com.mx\\\/wp-content\\\/uploads\\\/2026\\\/05\\\/CHIN-1.jpg?fit=1200%2C675&ssl=1\",\"width\":1200,\"height\":675},{\"@type\":\"BreadcrumbList\",\"@id\":\"https:\\\/\\\/politicosaldesnudo.com.mx\\\/index.php\\\/2026\\\/06\\\/01\\\/estudiantes-del-tecnologico-de-merida-usan-bulgaros-para-degradar-bioplastico-y-pet\\\/#breadcrumb\",\"itemListElement\":[{\"@type\":\"ListItem\",\"position\":1,\"name\":\"Portada\",\"item\":\"https:\\\/\\\/politicosaldesnudo.com.mx\\\/\"},{\"@type\":\"ListItem\",\"position\":2,\"name\":\"Estudiantes del Tecnol\u00f3gico de M\u00e9rida usan b\u00falgaros para degradar biopl\u00e1stico y PET\"}]},{\"@type\":\"WebSite\",\"@id\":\"https:\\\/\\\/politicosaldesnudo.com.mx\\\/#website\",\"url\":\"https:\\\/\\\/politicosaldesnudo.com.mx\\\/\",\"name\":\"Pol\u00edticos al Desnudo\",\"description\":\"\",\"publisher\":{\"@id\":\"https:\\\/\\\/politicosaldesnudo.com.mx\\\/#organization\"},\"potentialAction\":[{\"@type\":\"SearchAction\",\"target\":{\"@type\":\"EntryPoint\",\"urlTemplate\":\"https:\\\/\\\/politicosaldesnudo.com.mx\\\/?s={search_term_string}\"},\"query-input\":{\"@type\":\"PropertyValueSpecification\",\"valueRequired\":true,\"valueName\":\"search_term_string\"}}],\"inLanguage\":\"es\"},{\"@type\":\"Organization\",\"@id\":\"https:\\\/\\\/politicosaldesnudo.com.mx\\\/#organization\",\"name\":\"Pol\u00edticos al Desnudo\",\"url\":\"https:\\\/\\\/politicosaldesnudo.com.mx\\\/\",\"logo\":{\"@type\":\"ImageObject\",\"inLanguage\":\"es\",\"@id\":\"https:\\\/\\\/politicosaldesnudo.com.mx\\\/#\\\/schema\\\/logo\\\/image\\\/\",\"url\":\"https:\\\/\\\/i0.wp.com\\\/politicosaldesnudo.com.mx\\\/wp-content\\\/uploads\\\/2026\\\/08\\\/cropped-logo.webp?fit=400%2C126&ssl=1\",\"contentUrl\":\"https:\\\/\\\/i0.wp.com\\\/politicosaldesnudo.com.mx\\\/wp-content\\\/uploads\\\/2026\\\/08\\\/cropped-logo.webp?fit=400%2C126&ssl=1\",\"width\":400,\"height\":126,\"caption\":\"Pol\u00edticos al Desnudo\"},\"image\":{\"@id\":\"https:\\\/\\\/politicosaldesnudo.com.mx\\\/#\\\/schema\\\/logo\\\/image\\\/\"},\"sameAs\":[\"https:\\\/\\\/www.facebook.com\\\/PoliticosAD\"]},{\"@type\":\"Person\",\"@id\":\"https:\\\/\\\/politicosaldesnudo.com.mx\\\/#\\\/schema\\\/person\\\/ef3a64e561cc3f3f5dc52fab81adde7e\",\"name\":\"Redacci\u00f3n Pol\u00edticos\",\"url\":\"https:\\\/\\\/politicosaldesnudo.com.mx\\\/index.php\\\/author\\\/redaccion-politicos\\\/\"}]}<\/script>\n<!-- \/ Yoast SEO plugin. -->","yoast_head_json":{"title":"Estudiantes del Tecnol\u00f3gico de M\u00e9rida usan b\u00falgaros para degradar biopl\u00e1stico y PET - Pol\u00edticos al Desnudo","robots":{"index":"index","follow":"follow","max-snippet":"max-snippet:-1","max-image-preview":"max-image-preview:large","max-video-preview":"max-video-preview:-1"},"canonical":"https:\/\/politicosaldesnudo.com.mx\/index.php\/2026\/06\/01\/estudiantes-del-tecnologico-de-merida-usan-bulgaros-para-degradar-bioplastico-y-pet\/","og_locale":"es_ES","og_type":"article","og_title":"Estudiantes del Tecnol\u00f3gico de M\u00e9rida usan b\u00falgaros para degradar biopl\u00e1stico y PET - Pol\u00edticos al Desnudo","og_description":"Estudiantes del Instituto Tecnol\u00f3gico de M\u00e9rida (ITM), obtuvieron la medalla de oro en el I-Fest 2026, realizado recientemente en T\u00fanez, [&hellip;]","og_url":"https:\/\/politicosaldesnudo.com.mx\/index.php\/2026\/06\/01\/estudiantes-del-tecnologico-de-merida-usan-bulgaros-para-degradar-bioplastico-y-pet\/","og_site_name":"Pol\u00edticos al Desnudo","article_publisher":"https:\/\/www.facebook.com\/PoliticosAD","article_published_time":"2026-06-01T06:14:31+00:00","og_image":[{"width":1200,"height":675,"url":"https:\/\/i0.wp.com\/politicosaldesnudo.com.mx\/wp-content\/uploads\/2026\/05\/CHIN-1.jpg?fit=1200%2C675&ssl=1","type":"image\/jpeg"}],"author":"Redacci\u00f3n Pol\u00edticos","twitter_card":"summary_large_image","twitter_misc":{"Escrito por":"Redacci\u00f3n Pol\u00edticos","Tiempo de lectura":"1 minuto"},"schema":{"@context":"https:\/\/schema.org","@graph":[{"@type":"Article","@id":"https:\/\/politicosaldesnudo.com.mx\/index.php\/2026\/06\/01\/estudiantes-del-tecnologico-de-merida-usan-bulgaros-para-degradar-bioplastico-y-pet\/#article","isPartOf":{"@id":"https:\/\/politicosaldesnudo.com.mx\/index.php\/2026\/06\/01\/estudiantes-del-tecnologico-de-merida-usan-bulgaros-para-degradar-bioplastico-y-pet\/"},"author":{"name":"Redacci\u00f3n Pol\u00edticos","@id":"https:\/\/politicosaldesnudo.com.mx\/#\/schema\/person\/ef3a64e561cc3f3f5dc52fab81adde7e"},"headline":"Estudiantes del Tecnol\u00f3gico de M\u00e9rida usan b\u00falgaros para degradar biopl\u00e1stico y PET","datePublished":"2026-06-01T06:14:31+00:00","mainEntityOfPage":{"@id":"https:\/\/politicosaldesnudo.com.mx\/index.php\/2026\/06\/01\/estudiantes-del-tecnologico-de-merida-usan-bulgaros-para-degradar-bioplastico-y-pet\/"},"wordCount":308,"publisher":{"@id":"https:\/\/politicosaldesnudo.com.mx\/#organization"},"image":{"@id":"https:\/\/politicosaldesnudo.com.mx\/index.php\/2026\/06\/01\/estudiantes-del-tecnologico-de-merida-usan-bulgaros-para-degradar-bioplastico-y-pet\/#primaryimage"},"thumbnailUrl":"https:\/\/i0.wp.com\/politicosaldesnudo.com.mx\/wp-content\/uploads\/2026\/05\/CHIN-1.jpg?fit=1200%2C675&ssl=1","articleSection":["ESTADOS"],"inLanguage":"es"},{"@type":"WebPage","@id":"https:\/\/politicosaldesnudo.com.mx\/index.php\/2026\/06\/01\/estudiantes-del-tecnologico-de-merida-usan-bulgaros-para-degradar-bioplastico-y-pet\/","url":"https:\/\/politicosaldesnudo.com.mx\/index.php\/2026\/06\/01\/estudiantes-del-tecnologico-de-merida-usan-bulgaros-para-degradar-bioplastico-y-pet\/","name":"Estudiantes del Tecnol\u00f3gico de M\u00e9rida usan b\u00falgaros para degradar biopl\u00e1stico y PET - Pol\u00edticos al Desnudo","isPartOf":{"@id":"https:\/\/politicosaldesnudo.com.mx\/#website"},"primaryImageOfPage":{"@id":"https:\/\/politicosaldesnudo.com.mx\/index.php\/2026\/06\/01\/estudiantes-del-tecnologico-de-merida-usan-bulgaros-para-degradar-bioplastico-y-pet\/#primaryimage"},"image":{"@id":"https:\/\/politicosaldesnudo.com.mx\/index.php\/2026\/06\/01\/estudiantes-del-tecnologico-de-merida-usan-bulgaros-para-degradar-bioplastico-y-pet\/#primaryimage"},"thumbnailUrl":"https:\/\/i0.wp.com\/politicosaldesnudo.com.mx\/wp-content\/uploads\/2026\/05\/CHIN-1.jpg?fit=1200%2C675&ssl=1","datePublished":"2026-06-01T06:14:31+00:00","breadcrumb":{"@id":"https:\/\/politicosaldesnudo.com.mx\/index.php\/2026\/06\/01\/estudiantes-del-tecnologico-de-merida-usan-bulgaros-para-degradar-bioplastico-y-pet\/#breadcrumb"},"inLanguage":"es","potentialAction":[{"@type":"ReadAction","target":["https:\/\/politicosaldesnudo.com.mx\/index.php\/2026\/06\/01\/estudiantes-del-tecnologico-de-merida-usan-bulgaros-para-degradar-bioplastico-y-pet\/"]}]},{"@type":"ImageObject","inLanguage":"es","@id":"https:\/\/politicosaldesnudo.com.mx\/index.php\/2026\/06\/01\/estudiantes-del-tecnologico-de-merida-usan-bulgaros-para-degradar-bioplastico-y-pet\/#primaryimage","url":"https:\/\/i0.wp.com\/politicosaldesnudo.com.mx\/wp-content\/uploads\/2026\/05\/CHIN-1.jpg?fit=1200%2C675&ssl=1","contentUrl":"https:\/\/i0.wp.com\/politicosaldesnudo.com.mx\/wp-content\/uploads\/2026\/05\/CHIN-1.jpg?fit=1200%2C675&ssl=1","width":1200,"height":675},{"@type":"BreadcrumbList","@id":"https:\/\/politicosaldesnudo.com.mx\/index.php\/2026\/06\/01\/estudiantes-del-tecnologico-de-merida-usan-bulgaros-para-degradar-bioplastico-y-pet\/#breadcrumb","itemListElement":[{"@type":"ListItem","position":1,"name":"Portada","item":"https:\/\/politicosaldesnudo.com.mx\/"},{"@type":"ListItem","position":2,"name":"Estudiantes del Tecnol\u00f3gico de M\u00e9rida usan b\u00falgaros para degradar biopl\u00e1stico y PET"}]},{"@type":"WebSite","@id":"https:\/\/politicosaldesnudo.com.mx\/#website","url":"https:\/\/politicosaldesnudo.com.mx\/","name":"Pol\u00edticos al Desnudo","description":"","publisher":{"@id":"https:\/\/politicosaldesnudo.com.mx\/#organization"},"potentialAction":[{"@type":"SearchAction","target":{"@type":"EntryPoint","urlTemplate":"https:\/\/politicosaldesnudo.com.mx\/?s={search_term_string}"},"query-input":{"@type":"PropertyValueSpecification","valueRequired":true,"valueName":"search_term_string"}}],"inLanguage":"es"},{"@type":"Organization","@id":"https:\/\/politicosaldesnudo.com.mx\/#organization","name":"Pol\u00edticos al Desnudo","url":"https:\/\/politicosaldesnudo.com.mx\/","logo":{"@type":"ImageObject","inLanguage":"es","@id":"https:\/\/politicosaldesnudo.com.mx\/#\/schema\/logo\/image\/","url":"https:\/\/i0.wp.com\/politicosaldesnudo.com.mx\/wp-content\/uploads\/2026\/08\/cropped-logo.webp?fit=400%2C126&ssl=1","contentUrl":"https:\/\/i0.wp.com\/politicosaldesnudo.com.mx\/wp-content\/uploads\/2026\/08\/cropped-logo.webp?fit=400%2C126&ssl=1","width":400,"height":126,"caption":"Pol\u00edticos al Desnudo"},"image":{"@id":"https:\/\/politicosaldesnudo.com.mx\/#\/schema\/logo\/image\/"},"sameAs":["https:\/\/www.facebook.com\/PoliticosAD"]},{"@type":"Person","@id":"https:\/\/politicosaldesnudo.com.mx\/#\/schema\/person\/ef3a64e561cc3f3f5dc52fab81adde7e","name":"Redacci\u00f3n Pol\u00edticos","url":"https:\/\/politicosaldesnudo.com.mx\/index.php\/author\/redaccion-politicos\/"}]}},"jetpack_publicize_connections":[],"jetpack-related-posts":[{"id":88028,"url":"https:\/\/politicosaldesnudo.com.mx\/index.php\/2026\/08\/24\/se-acabaron-las-novatadas-violentas-en-las-escuelas-normales\/","url_meta":{"origin":85309,"position":0},"title":"Se acabaron las novatadas violentas en las escuelas normales","author":"Redacci\u00f3n Pol\u00edticos","date":"24 de agosto de 2026","format":false,"excerpt":"PRIMICIAS POR VICENTE MART\u00cdNEZ A una semana del regreso a clases, la Secretar\u00eda de Educaci\u00f3n P\u00fablica fij\u00f3 una postura firme frente a las llamadas novatadas en las escuelas normales y orden\u00f3 impedir cualquier pr\u00e1ctica de iniciaci\u00f3n que implique violencia o afecte los derechos de los estudiantes. El secretario de Educaci\u00f3n\u2026","rel":"","context":"En \u00abOPINI\u00d3N\u00bb","block_context":{"text":"OPINI\u00d3N","link":"https:\/\/politicosaldesnudo.com.mx\/index.php\/category\/columnistas\/"},"img":{"alt_text":"","src":"https:\/\/i0.wp.com\/politicosaldesnudo.com.mx\/wp-content\/uploads\/2026\/08\/primicias-2408-scaled.png?fit=1200%2C659&ssl=1&resize=350%2C200","width":350,"height":200,"srcset":"https:\/\/i0.wp.com\/politicosaldesnudo.com.mx\/wp-content\/uploads\/2026\/08\/primicias-2408-scaled.png?fit=1200%2C659&ssl=1&resize=350%2C200 1x, https:\/\/i0.wp.com\/politicosaldesnudo.com.mx\/wp-content\/uploads\/2026\/08\/primicias-2408-scaled.png?fit=1200%2C659&ssl=1&resize=525%2C300 1.5x, https:\/\/i0.wp.com\/politicosaldesnudo.com.mx\/wp-content\/uploads\/2026\/08\/primicias-2408-scaled.png?fit=1200%2C659&ssl=1&resize=700%2C400 2x, https:\/\/i0.wp.com\/politicosaldesnudo.com.mx\/wp-content\/uploads\/2026\/08\/primicias-2408-scaled.png?fit=1200%2C659&ssl=1&resize=1050%2C600 3x"},"classes":[]},{"id":87839,"url":"https:\/\/politicosaldesnudo.com.mx\/index.php\/2026\/08\/17\/exjefe-de-seguridad-de-sinaloa-sale-de-prision-en-eu-su-proceso-por-presuntos-nexos-con-los-chapitos-continua\/","url_meta":{"origin":85309,"position":1},"title":"Exjefe de Seguridad de Sinaloa sale de prisi\u00f3n en EU; su proceso por presuntos nexos con Los Chapitos contin\u00faa","author":"Redacci\u00f3n Pol\u00edticos","date":"17 de agosto de 2026","format":false,"excerpt":"Gerardo M\u00e9rida S\u00e1nchez, exsecretario de Seguridad P\u00fablica de Sinaloa durante el gobierno de Rub\u00e9n Rocha Moya, dej\u00f3 la prisi\u00f3n federal de Brooklyn en la que permanec\u00eda recluido mientras enfrenta un proceso en Estados Unidos por presuntos v\u00ednculos con el C\u00e1rtel de Sinaloa. Registros del Bur\u00f3 Federal de Prisiones (BOP) indican\u2026","rel":"","context":"En \u00abINTERNACIONAL\u00bb","block_context":{"text":"INTERNACIONAL","link":"https:\/\/politicosaldesnudo.com.mx\/index.php\/category\/internacional\/"},"img":{"alt_text":"","src":"https:\/\/i0.wp.com\/politicosaldesnudo.com.mx\/wp-content\/uploads\/2026\/08\/gerardo-merida-sanchez-presento-su-renuncia-como-secretario-de-seguridad-en-sinaloa.jpg?fit=1200%2C680&ssl=1&resize=350%2C200","width":350,"height":200,"srcset":"https:\/\/i0.wp.com\/politicosaldesnudo.com.mx\/wp-content\/uploads\/2026\/08\/gerardo-merida-sanchez-presento-su-renuncia-como-secretario-de-seguridad-en-sinaloa.jpg?fit=1200%2C680&ssl=1&resize=350%2C200 1x, https:\/\/i0.wp.com\/politicosaldesnudo.com.mx\/wp-content\/uploads\/2026\/08\/gerardo-merida-sanchez-presento-su-renuncia-como-secretario-de-seguridad-en-sinaloa.jpg?fit=1200%2C680&ssl=1&resize=525%2C300 1.5x, https:\/\/i0.wp.com\/politicosaldesnudo.com.mx\/wp-content\/uploads\/2026\/08\/gerardo-merida-sanchez-presento-su-renuncia-como-secretario-de-seguridad-en-sinaloa.jpg?fit=1200%2C680&ssl=1&resize=700%2C400 2x, https:\/\/i0.wp.com\/politicosaldesnudo.com.mx\/wp-content\/uploads\/2026\/08\/gerardo-merida-sanchez-presento-su-renuncia-como-secretario-de-seguridad-en-sinaloa.jpg?fit=1200%2C680&ssl=1&resize=1050%2C600 3x"},"classes":[]},{"id":87011,"url":"https:\/\/politicosaldesnudo.com.mx\/index.php\/2026\/07\/20\/crecera-mas-el-pib-si-mexico-diversifica-sus-fuentes-de-energia-electrica-cepal\/","url_meta":{"origin":85309,"position":2},"title":"Crecer\u00e1 m\u00e1s el PIB si M\u00e9xico diversifica sus fuentes de energ\u00eda el\u00e9ctrica: Cepal","author":"Redacci\u00f3n Pol\u00edticos","date":"20 de julio de 2026","format":false,"excerpt":"La transici\u00f3n energ\u00e9tica es una oportunidad para impulsar la econom\u00eda mexicana, revela un an\u00e1lisis de la Comisi\u00f3n Econ\u00f3mica para Am\u00e9rica Latina y el Caribe (Cepal).De acuerdo con el estudio publicado por el organismo, la incorporaci\u00f3n de tecnolog\u00edas renovables consolida los encadenamientos productivos y amplifica los efectos multiplicadores del sector el\u00e9ctrico.\u201cSi\u2026","rel":"","context":"En \u00abECONOM\u00cdA\u00bb","block_context":{"text":"ECONOM\u00cdA","link":"https:\/\/politicosaldesnudo.com.mx\/index.php\/category\/economia\/"},"img":{"alt_text":"","src":"https:\/\/i0.wp.com\/politicosaldesnudo.com.mx\/wp-content\/uploads\/2026\/07\/aventi.webp?fit=1200%2C741&ssl=1&resize=350%2C200","width":350,"height":200,"srcset":"https:\/\/i0.wp.com\/politicosaldesnudo.com.mx\/wp-content\/uploads\/2026\/07\/aventi.webp?fit=1200%2C741&ssl=1&resize=350%2C200 1x, https:\/\/i0.wp.com\/politicosaldesnudo.com.mx\/wp-content\/uploads\/2026\/07\/aventi.webp?fit=1200%2C741&ssl=1&resize=525%2C300 1.5x, https:\/\/i0.wp.com\/politicosaldesnudo.com.mx\/wp-content\/uploads\/2026\/07\/aventi.webp?fit=1200%2C741&ssl=1&resize=700%2C400 2x, https:\/\/i0.wp.com\/politicosaldesnudo.com.mx\/wp-content\/uploads\/2026\/07\/aventi.webp?fit=1200%2C741&ssl=1&resize=1050%2C600 3x"},"classes":[]},{"id":88084,"url":"https:\/\/politicosaldesnudo.com.mx\/index.php\/2026\/08\/26\/veracruz-dara-apoyo-de-transporte-a-20-mil-universitarios-entregaran-hasta-800-pesos\/","url_meta":{"origin":85309,"position":3},"title":"Veracruz dar\u00e1 apoyo de transporte a 20 mil universitarios; entregar\u00e1n hasta 800 pesos","author":"Redacci\u00f3n Pol\u00edticos","date":"26 de agosto de 2026","format":false,"excerpt":"Cerca de 20 mil j\u00f3venes inscritos en instituciones p\u00fablicas de educaci\u00f3n superior podr\u00e1n recibir una ayuda econ\u00f3mica para cubrir parte de sus gastos de traslado en el municipio de Veracruz. La alcaldesa Rosa Mar\u00eda Hern\u00e1ndez Espejo present\u00f3 la Beca Municipal Universitaria \u201cJoven H\u00e9roe Veracruzano Iv\u00e1n G\u00f3mez G\u00f3mez\u201d, un programa dirigido\u2026","rel":"","context":"En \u00abESTADOS\u00bb","block_context":{"text":"ESTADOS","link":"https:\/\/politicosaldesnudo.com.mx\/index.php\/category\/estados\/"},"img":{"alt_text":"","src":"https:\/\/i0.wp.com\/politicosaldesnudo.com.mx\/wp-content\/uploads\/2026\/08\/787342245_1643175124474327_9044534255507489650_n.jpg?fit=1200%2C800&ssl=1&resize=350%2C200","width":350,"height":200,"srcset":"https:\/\/i0.wp.com\/politicosaldesnudo.com.mx\/wp-content\/uploads\/2026\/08\/787342245_1643175124474327_9044534255507489650_n.jpg?fit=1200%2C800&ssl=1&resize=350%2C200 1x, https:\/\/i0.wp.com\/politicosaldesnudo.com.mx\/wp-content\/uploads\/2026\/08\/787342245_1643175124474327_9044534255507489650_n.jpg?fit=1200%2C800&ssl=1&resize=525%2C300 1.5x, https:\/\/i0.wp.com\/politicosaldesnudo.com.mx\/wp-content\/uploads\/2026\/08\/787342245_1643175124474327_9044534255507489650_n.jpg?fit=1200%2C800&ssl=1&resize=700%2C400 2x, https:\/\/i0.wp.com\/politicosaldesnudo.com.mx\/wp-content\/uploads\/2026\/08\/787342245_1643175124474327_9044534255507489650_n.jpg?fit=1200%2C800&ssl=1&resize=1050%2C600 3x"},"classes":[]},{"id":87118,"url":"https:\/\/politicosaldesnudo.com.mx\/index.php\/2026\/07\/22\/la-infancia-digital-entra-a-la-agenda-nacional\/","url_meta":{"origin":85309,"position":4},"title":"La infancia digital entra a la agenda nacional","author":"Redacci\u00f3n Pol\u00edticos","date":"22 de julio de 2026","format":false,"excerpt":"ALMA GRANDE POR \u00c1NGEL \u00c1LVARO PE\u00d1A La decisi\u00f3n de la presidenta Claudia Sheinbaum de dedicar un espacio semanal en \u201cLa ma\u00f1anera del pueblo\u201d para hablar sobre el impacto de las redes sociales en ni\u00f1as, ni\u00f1os y adolescentes coloca en la agenda p\u00fablica un tema que durante a\u00f1os se ha discutido\u2026","rel":"","context":"En \u00abOPINI\u00d3N\u00bb","block_context":{"text":"OPINI\u00d3N","link":"https:\/\/politicosaldesnudo.com.mx\/index.php\/category\/columnistas\/"},"img":{"alt_text":"","src":"https:\/\/i0.wp.com\/politicosaldesnudo.com.mx\/wp-content\/uploads\/2026\/07\/BANNER-LOPEZ-DORIGA-DIGITAL-3.jpg?fit=800%2C445&ssl=1&resize=350%2C200","width":350,"height":200,"srcset":"https:\/\/i0.wp.com\/politicosaldesnudo.com.mx\/wp-content\/uploads\/2026\/07\/BANNER-LOPEZ-DORIGA-DIGITAL-3.jpg?fit=800%2C445&ssl=1&resize=350%2C200 1x, https:\/\/i0.wp.com\/politicosaldesnudo.com.mx\/wp-content\/uploads\/2026\/07\/BANNER-LOPEZ-DORIGA-DIGITAL-3.jpg?fit=800%2C445&ssl=1&resize=525%2C300 1.5x, https:\/\/i0.wp.com\/politicosaldesnudo.com.mx\/wp-content\/uploads\/2026\/07\/BANNER-LOPEZ-DORIGA-DIGITAL-3.jpg?fit=800%2C445&ssl=1&resize=700%2C400 2x"},"classes":[]},{"id":20097,"url":"https:\/\/politicosaldesnudo.com.mx\/index.php\/2023\/05\/22\/inicia-nueva-era-para-egresados-del-ipn\/","url_meta":{"origin":85309,"position":5},"title":"Inicia nueva era para Egresados del Instituto Polit\u00e9cnico Nacional","author":"Redacci\u00f3n Pol\u00edticos","date":"22 de mayo de 2023","format":false,"excerpt":"\u00a0 <<El presidente Marcos Antonio \u00c1vila Cadena hace un llamado: \u201cLas mujeres son primero\u201d desde tribuna invita a sumarse al plan de trabajo Consejo Nacional de Egresados>> \u00a0 CIUDAD DE M\u00c9XICO. Toma protesta Marcos Antonio \u00c1vila Cadena, como presidente del Consejo Nacional de Egresados del Instituto Polit\u00e9cnico Nacional, en el\u2026","rel":"","context":"En \u00abESTADOS\u00bb","block_context":{"text":"ESTADOS","link":"https:\/\/politicosaldesnudo.com.mx\/index.php\/category\/estados\/"},"img":{"alt_text":"","src":"https:\/\/i0.wp.com\/politicosaldesnudo.com.mx\/wp-content\/uploads\/2023\/05\/P-EGRESADOS-TOMA-PROTESTA-1.png?fit=1200%2C671&ssl=1&resize=350%2C200","width":350,"height":200,"srcset":"https:\/\/i0.wp.com\/politicosaldesnudo.com.mx\/wp-content\/uploads\/2023\/05\/P-EGRESADOS-TOMA-PROTESTA-1.png?fit=1200%2C671&ssl=1&resize=350%2C200 1x, https:\/\/i0.wp.com\/politicosaldesnudo.com.mx\/wp-content\/uploads\/2023\/05\/P-EGRESADOS-TOMA-PROTESTA-1.png?fit=1200%2C671&ssl=1&resize=525%2C300 1.5x, https:\/\/i0.wp.com\/politicosaldesnudo.com.mx\/wp-content\/uploads\/2023\/05\/P-EGRESADOS-TOMA-PROTESTA-1.png?fit=1200%2C671&ssl=1&resize=700%2C400 2x, https:\/\/i0.wp.com\/politicosaldesnudo.com.mx\/wp-content\/uploads\/2023\/05\/P-EGRESADOS-TOMA-PROTESTA-1.png?fit=1200%2C671&ssl=1&resize=1050%2C600 3x"},"classes":[]}],"jetpack_sharing_enabled":true,"jetpack_featured_media_url":"https:\/\/i0.wp.com\/politicosaldesnudo.com.mx\/wp-content\/uploads\/2026\/05\/CHIN-1.jpg?fit=1200%2C675&ssl=1","_links":{"self":[{"href":"https:\/\/politicosaldesnudo.com.mx\/index.php\/wp-json\/wp\/v2\/posts\/85309","targetHints":{"allow":["GET"]}}],"collection":[{"href":"https:\/\/politicosaldesnudo.com.mx\/index.php\/wp-json\/wp\/v2\/posts"}],"about":[{"href":"https:\/\/politicosaldesnudo.com.mx\/index.php\/wp-json\/wp\/v2\/types\/post"}],"author":[{"embeddable":true,"href":"https:\/\/politicosaldesnudo.com.mx\/index.php\/wp-json\/wp\/v2\/users\/4"}],"replies":[{"embeddable":true,"href":"https:\/\/politicosaldesnudo.com.mx\/index.php\/wp-json\/wp\/v2\/comments?post=85309"}],"version-history":[{"count":1,"href":"https:\/\/politicosaldesnudo.com.mx\/index.php\/wp-json\/wp\/v2\/posts\/85309\/revisions"}],"predecessor-version":[{"id":85311,"href":"https:\/\/politicosaldesnudo.com.mx\/index.php\/wp-json\/wp\/v2\/posts\/85309\/revisions\/85311"}],"wp:featuredmedia":[{"embeddable":true,"href":"https:\/\/politicosaldesnudo.com.mx\/index.php\/wp-json\/wp\/v2\/media\/85310"}],"wp:attachment":[{"href":"https:\/\/politicosaldesnudo.com.mx\/index.php\/wp-json\/wp\/v2\/media?parent=85309"}],"wp:term":[{"taxonomy":"category","embeddable":true,"href":"https:\/\/politicosaldesnudo.com.mx\/index.php\/wp-json\/wp\/v2\/categories?post=85309"},{"taxonomy":"post_tag","embeddable":true,"href":"https:\/\/politicosaldesnudo.com.mx\/index.php\/wp-json\/wp\/v2\/tags?post=85309"}],"curies":[{"name":"wp","href":"https:\/\/api.w.org\/{rel}","templated":true}]}}