{"id":85321,"date":"2026-06-01T00:18:44","date_gmt":"2026-06-01T06:18:44","guid":{"rendered":"https:\/\/politicosaldesnudo.com.mx\/?p=85321"},"modified":"2026-05-31T20:25:05","modified_gmt":"2026-06-01T02:25:05","slug":"pedro-sanchez-admite-que-el-psoe-puede-tropezarse-pero-avisa-que-gobernara-mas-alla-de-2027","status":"publish","type":"post","link":"https:\/\/politicosaldesnudo.com.mx\/index.php\/2026\/06\/01\/pedro-sanchez-admite-que-el-psoe-puede-tropezarse-pero-avisa-que-gobernara-mas-alla-de-2027\/","title":{"rendered":"Pedro S\u00e1nchez admite que el PSOE \u00abpuede tropezarse\u00bb pero avisa que gobernar\u00e1 m\u00e1s all\u00e1 de 2027"},"content":{"rendered":"<p class=\"nota-justify\">El presidente espa\u00f1ol, Pedro S\u00e1nchez, afirm\u00f3 que el Partido Socialista Obrero Espa\u00f1ol (PSOE) \u00abpuede tropezarse\u00bb al ser un \u00abproyecto humano\u00bb y arremeti\u00f3 contra la derecha y ultraderecha por representar una \u00aboposici\u00f3n marrullera\u00bb que busca \u00abdemoler\u00bb los ocho \u00faltimos a\u00f1os del ejecutivo.<\/p>\n<p class=\"nota-justify\">\u00abYo en muchas ocasiones veo a la derecha y a la ultraderecha, no solamente la pol\u00edtica tambi\u00e9n la medi\u00e1tica, y da la sensaci\u00f3n de que no nos conocen. El socialismo democr\u00e1tico puede tropezarse, somos un proyecto humano y, por tanto, podemos tener esos tropiezos, pero nunca damos una batalla por perdida. Nos levantamos y avanzamos\u00bb, asegur\u00f3 S\u00e1nchez que clausur\u00f3 este domingo el 27\u00ba Congreso de Juventudes Socialistas de Espa\u00f1a (JSE).<\/p>\n<div id=\"article-content-tts\" class=\"nota-contenido mb-5\">\n<div id=\"content_nitf\">\n<p class=\"nota-justify\">En este contexto, reivindica la necesidad de disponer de tiempo para consolidar las transformaciones impulsadas por su Ejecutivo y ha asegurado que la agenda del Gobierno no termina en el actual mandato.<\/p>\n<p class=\"nota-justify\">\u00abVamos a seguir manteniendo la hoja de ruta para seguir avanzando Espa\u00f1a hasta 2027 y m\u00e1s all\u00e1. Lo que quieran los espa\u00f1oles. Tiempo porque nuestra agenda no acaba en 2027\u00bb, proclam\u00f3.<\/p>\n<p class=\"nota-justify\">As\u00ed, defendi\u00f3 la continuidad del proyecto socialista m\u00e1s all\u00e1 de la actual legislatura y ha garantizado que agotar\u00e1 el mandato pese a las presiones de la oposici\u00f3n. \u00abMientras la oposici\u00f3n marrullera puede seguir maniobrando, nosotros seguimos gobernando hasta 2027\u00bb.<\/p>\n<\/div>\n<\/div>\n<div class=\"notas-relacionadas\"><\/div>\n<div class=\"nota-tags\"><\/div>\n","protected":false},"excerpt":{"rendered":"<p>El presidente espa\u00f1ol, Pedro S\u00e1nchez, afirm\u00f3 que el Partido Socialista Obrero Espa\u00f1ol (PSOE) \u00abpuede tropezarse\u00bb al ser un \u00abproyecto humano\u00bb [&hellip;]<\/p>\n","protected":false},"author":4,"featured_media":85322,"comment_status":"closed","ping_status":"closed","sticky":false,"template":"","format":"standard","meta":{"site-sidebar-layout":"default","site-content-layout":"","ast-site-content-layout":"default","site-content-style":"default","site-sidebar-style":"default","ast-global-header-display":"","ast-banner-title-visibility":"","ast-main-header-display":"","ast-hfb-above-header-display":"","ast-hfb-below-header-display":"","ast-hfb-mobile-header-display":"","site-post-title":"","ast-breadcrumbs-content":"","ast-featured-img":"","footer-sml-layout":"","ast-disable-related-posts":"","theme-transparent-header-meta":"","adv-header-id-meta":"","stick-header-meta":"","header-above-stick-meta":"","header-main-stick-meta":"","header-below-stick-meta":"","astra-migrate-meta-layouts":"default","ast-page-background-enabled":"default","ast-page-background-meta":{"desktop":{"background-color":"var(--ast-global-color-5)","background-image":"","background-repeat":"repeat","background-position":"center center","background-size":"auto","background-attachment":"scroll","background-type":"","background-media":"","overlay-type":"","overlay-color":"","overlay-opacity":"","overlay-gradient":""},"tablet":{"background-color":"","background-image":"","background-repeat":"repeat","background-position":"center center","background-size":"auto","background-attachment":"scroll","background-type":"","background-media":"","overlay-type":"","overlay-color":"","overlay-opacity":"","overlay-gradient":""},"mobile":{"background-color":"","background-image":"","background-repeat":"repeat","background-position":"center center","background-size":"auto","background-attachment":"scroll","background-type":"","background-media":"","overlay-type":"","overlay-color":"","overlay-opacity":"","overlay-gradient":""}},"ast-content-background-meta":{"desktop":{"background-color":"var(--ast-global-color-4)","background-image":"","background-repeat":"repeat","background-position":"center center","background-size":"auto","background-attachment":"scroll","background-type":"","background-media":"","overlay-type":"","overlay-color":"","overlay-opacity":"","overlay-gradient":""},"tablet":{"background-color":"var(--ast-global-color-4)","background-image":"","background-repeat":"repeat","background-position":"center center","background-size":"auto","background-attachment":"scroll","background-type":"","background-media":"","overlay-type":"","overlay-color":"","overlay-opacity":"","overlay-gradient":""},"mobile":{"background-color":"var(--ast-global-color-4)","background-image":"","background-repeat":"repeat","background-position":"center center","background-size":"auto","background-attachment":"scroll","background-type":"","background-media":"","overlay-type":"","overlay-color":"","overlay-opacity":"","overlay-gradient":""}},"_jetpack_newsletter_access":"","_jetpack_dont_email_post_to_subs":false,"_jetpack_newsletter_tier_id":0,"_jetpack_memberships_contains_paywalled_content":false,"_jetpack_feature_clip_id":0,"_jetpack_memberships_contains_paid_content":false,"footnotes":"","jetpack_publicize_message":"","jetpack_publicize_feature_enabled":true,"jetpack_social_post_already_shared":true,"jetpack_social_options":{"image_generator_settings":{"template":"highway","default_image_id":0,"font":"","enabled":false},"version":2},"jetpack_post_was_ever_published":false},"categories":[28],"tags":[],"class_list":["post-85321","post","type-post","status-publish","format-standard","has-post-thumbnail","hentry","category-internacional"],"yoast_head":"<!-- This site is optimized with the Yoast SEO plugin v28.3 - https:\/\/yoast.com\/product\/yoast-seo-wordpress\/ -->\n<title>Pedro S\u00e1nchez admite que el PSOE &quot;puede tropezarse&quot; pero avisa que gobernar\u00e1 m\u00e1s all\u00e1 de 2027 - Pol\u00edticos al Desnudo<\/title>\n<meta name=\"robots\" content=\"index, follow, max-snippet:-1, max-image-preview:large, max-video-preview:-1\" \/>\n<link rel=\"canonical\" href=\"https:\/\/politicosaldesnudo.com.mx\/index.php\/2026\/06\/01\/pedro-sanchez-admite-que-el-psoe-puede-tropezarse-pero-avisa-que-gobernara-mas-alla-de-2027\/\" \/>\n<meta property=\"og:locale\" content=\"es_ES\" \/>\n<meta property=\"og:type\" content=\"article\" \/>\n<meta property=\"og:title\" content=\"Pedro S\u00e1nchez admite que el PSOE &quot;puede tropezarse&quot; pero avisa que gobernar\u00e1 m\u00e1s all\u00e1 de 2027 - Pol\u00edticos al Desnudo\" \/>\n<meta property=\"og:description\" content=\"El presidente espa\u00f1ol, Pedro S\u00e1nchez, afirm\u00f3 que el Partido Socialista Obrero Espa\u00f1ol (PSOE) \u00abpuede tropezarse\u00bb al ser un \u00abproyecto humano\u00bb [&hellip;]\" \/>\n<meta property=\"og:url\" content=\"https:\/\/politicosaldesnudo.com.mx\/index.php\/2026\/06\/01\/pedro-sanchez-admite-que-el-psoe-puede-tropezarse-pero-avisa-que-gobernara-mas-alla-de-2027\/\" \/>\n<meta property=\"og:site_name\" content=\"Pol\u00edticos al Desnudo\" \/>\n<meta property=\"article:publisher\" content=\"https:\/\/www.facebook.com\/PoliticosAD\" \/>\n<meta property=\"article:published_time\" content=\"2026-06-01T06:18:44+00:00\" \/>\n<meta property=\"og:image\" content=\"https:\/\/i0.wp.com\/politicosaldesnudo.com.mx\/wp-content\/uploads\/2026\/05\/PEDRO.jpg?fit=1200%2C755&ssl=1\" \/>\n\t<meta property=\"og:image:width\" content=\"1200\" \/>\n\t<meta property=\"og:image:height\" content=\"755\" \/>\n\t<meta property=\"og:image:type\" content=\"image\/jpeg\" \/>\n<meta name=\"author\" content=\"Redacci\u00f3n Pol\u00edticos\" \/>\n<meta name=\"twitter:card\" content=\"summary_large_image\" \/>\n<meta name=\"twitter:label1\" content=\"Escrito por\" \/>\n\t<meta name=\"twitter:data1\" content=\"Redacci\u00f3n Pol\u00edticos\" \/>\n\t<meta name=\"twitter:label2\" content=\"Tiempo de lectura\" \/>\n\t<meta name=\"twitter:data2\" content=\"1 minuto\" \/>\n<script type=\"application\/ld+json\" class=\"yoast-schema-graph\">{\"@context\":\"https:\\\/\\\/schema.org\",\"@graph\":[{\"@type\":\"Article\",\"@id\":\"https:\\\/\\\/politicosaldesnudo.com.mx\\\/index.php\\\/2026\\\/06\\\/01\\\/pedro-sanchez-admite-que-el-psoe-puede-tropezarse-pero-avisa-que-gobernara-mas-alla-de-2027\\\/#article\",\"isPartOf\":{\"@id\":\"https:\\\/\\\/politicosaldesnudo.com.mx\\\/index.php\\\/2026\\\/06\\\/01\\\/pedro-sanchez-admite-que-el-psoe-puede-tropezarse-pero-avisa-que-gobernara-mas-alla-de-2027\\\/\"},\"author\":{\"name\":\"Redacci\u00f3n Pol\u00edticos\",\"@id\":\"https:\\\/\\\/politicosaldesnudo.com.mx\\\/#\\\/schema\\\/person\\\/ef3a64e561cc3f3f5dc52fab81adde7e\"},\"headline\":\"Pedro S\u00e1nchez admite que el PSOE \u00abpuede tropezarse\u00bb pero avisa que gobernar\u00e1 m\u00e1s all\u00e1 de 2027\",\"datePublished\":\"2026-06-01T06:18:44+00:00\",\"mainEntityOfPage\":{\"@id\":\"https:\\\/\\\/politicosaldesnudo.com.mx\\\/index.php\\\/2026\\\/06\\\/01\\\/pedro-sanchez-admite-que-el-psoe-puede-tropezarse-pero-avisa-que-gobernara-mas-alla-de-2027\\\/\"},\"wordCount\":244,\"publisher\":{\"@id\":\"https:\\\/\\\/politicosaldesnudo.com.mx\\\/#organization\"},\"image\":{\"@id\":\"https:\\\/\\\/politicosaldesnudo.com.mx\\\/index.php\\\/2026\\\/06\\\/01\\\/pedro-sanchez-admite-que-el-psoe-puede-tropezarse-pero-avisa-que-gobernara-mas-alla-de-2027\\\/#primaryimage\"},\"thumbnailUrl\":\"https:\\\/\\\/i0.wp.com\\\/politicosaldesnudo.com.mx\\\/wp-content\\\/uploads\\\/2026\\\/05\\\/PEDRO.jpg?fit=1200%2C755&ssl=1\",\"articleSection\":[\"INTERNACIONAL\"],\"inLanguage\":\"es\"},{\"@type\":\"WebPage\",\"@id\":\"https:\\\/\\\/politicosaldesnudo.com.mx\\\/index.php\\\/2026\\\/06\\\/01\\\/pedro-sanchez-admite-que-el-psoe-puede-tropezarse-pero-avisa-que-gobernara-mas-alla-de-2027\\\/\",\"url\":\"https:\\\/\\\/politicosaldesnudo.com.mx\\\/index.php\\\/2026\\\/06\\\/01\\\/pedro-sanchez-admite-que-el-psoe-puede-tropezarse-pero-avisa-que-gobernara-mas-alla-de-2027\\\/\",\"name\":\"Pedro S\u00e1nchez admite que el PSOE \\\"puede tropezarse\\\" pero avisa que gobernar\u00e1 m\u00e1s all\u00e1 de 2027 - Pol\u00edticos al Desnudo\",\"isPartOf\":{\"@id\":\"https:\\\/\\\/politicosaldesnudo.com.mx\\\/#website\"},\"primaryImageOfPage\":{\"@id\":\"https:\\\/\\\/politicosaldesnudo.com.mx\\\/index.php\\\/2026\\\/06\\\/01\\\/pedro-sanchez-admite-que-el-psoe-puede-tropezarse-pero-avisa-que-gobernara-mas-alla-de-2027\\\/#primaryimage\"},\"image\":{\"@id\":\"https:\\\/\\\/politicosaldesnudo.com.mx\\\/index.php\\\/2026\\\/06\\\/01\\\/pedro-sanchez-admite-que-el-psoe-puede-tropezarse-pero-avisa-que-gobernara-mas-alla-de-2027\\\/#primaryimage\"},\"thumbnailUrl\":\"https:\\\/\\\/i0.wp.com\\\/politicosaldesnudo.com.mx\\\/wp-content\\\/uploads\\\/2026\\\/05\\\/PEDRO.jpg?fit=1200%2C755&ssl=1\",\"datePublished\":\"2026-06-01T06:18:44+00:00\",\"breadcrumb\":{\"@id\":\"https:\\\/\\\/politicosaldesnudo.com.mx\\\/index.php\\\/2026\\\/06\\\/01\\\/pedro-sanchez-admite-que-el-psoe-puede-tropezarse-pero-avisa-que-gobernara-mas-alla-de-2027\\\/#breadcrumb\"},\"inLanguage\":\"es\",\"potentialAction\":[{\"@type\":\"ReadAction\",\"target\":[\"https:\\\/\\\/politicosaldesnudo.com.mx\\\/index.php\\\/2026\\\/06\\\/01\\\/pedro-sanchez-admite-que-el-psoe-puede-tropezarse-pero-avisa-que-gobernara-mas-alla-de-2027\\\/\"]}]},{\"@type\":\"ImageObject\",\"inLanguage\":\"es\",\"@id\":\"https:\\\/\\\/politicosaldesnudo.com.mx\\\/index.php\\\/2026\\\/06\\\/01\\\/pedro-sanchez-admite-que-el-psoe-puede-tropezarse-pero-avisa-que-gobernara-mas-alla-de-2027\\\/#primaryimage\",\"url\":\"https:\\\/\\\/i0.wp.com\\\/politicosaldesnudo.com.mx\\\/wp-content\\\/uploads\\\/2026\\\/05\\\/PEDRO.jpg?fit=1200%2C755&ssl=1\",\"contentUrl\":\"https:\\\/\\\/i0.wp.com\\\/politicosaldesnudo.com.mx\\\/wp-content\\\/uploads\\\/2026\\\/05\\\/PEDRO.jpg?fit=1200%2C755&ssl=1\",\"width\":1200,\"height\":755},{\"@type\":\"BreadcrumbList\",\"@id\":\"https:\\\/\\\/politicosaldesnudo.com.mx\\\/index.php\\\/2026\\\/06\\\/01\\\/pedro-sanchez-admite-que-el-psoe-puede-tropezarse-pero-avisa-que-gobernara-mas-alla-de-2027\\\/#breadcrumb\",\"itemListElement\":[{\"@type\":\"ListItem\",\"position\":1,\"name\":\"Portada\",\"item\":\"https:\\\/\\\/politicosaldesnudo.com.mx\\\/\"},{\"@type\":\"ListItem\",\"position\":2,\"name\":\"Pedro S\u00e1nchez admite que el PSOE \u00abpuede tropezarse\u00bb pero avisa que gobernar\u00e1 m\u00e1s all\u00e1 de 2027\"}]},{\"@type\":\"WebSite\",\"@id\":\"https:\\\/\\\/politicosaldesnudo.com.mx\\\/#website\",\"url\":\"https:\\\/\\\/politicosaldesnudo.com.mx\\\/\",\"name\":\"Pol\u00edticos al Desnudo\",\"description\":\"\",\"publisher\":{\"@id\":\"https:\\\/\\\/politicosaldesnudo.com.mx\\\/#organization\"},\"potentialAction\":[{\"@type\":\"SearchAction\",\"target\":{\"@type\":\"EntryPoint\",\"urlTemplate\":\"https:\\\/\\\/politicosaldesnudo.com.mx\\\/?s={search_term_string}\"},\"query-input\":{\"@type\":\"PropertyValueSpecification\",\"valueRequired\":true,\"valueName\":\"search_term_string\"}}],\"inLanguage\":\"es\"},{\"@type\":\"Organization\",\"@id\":\"https:\\\/\\\/politicosaldesnudo.com.mx\\\/#organization\",\"name\":\"Pol\u00edticos al Desnudo\",\"url\":\"https:\\\/\\\/politicosaldesnudo.com.mx\\\/\",\"logo\":{\"@type\":\"ImageObject\",\"inLanguage\":\"es\",\"@id\":\"https:\\\/\\\/politicosaldesnudo.com.mx\\\/#\\\/schema\\\/logo\\\/image\\\/\",\"url\":\"https:\\\/\\\/i0.wp.com\\\/politicosaldesnudo.com.mx\\\/wp-content\\\/uploads\\\/2026\\\/08\\\/cropped-logo.webp?fit=400%2C126&ssl=1\",\"contentUrl\":\"https:\\\/\\\/i0.wp.com\\\/politicosaldesnudo.com.mx\\\/wp-content\\\/uploads\\\/2026\\\/08\\\/cropped-logo.webp?fit=400%2C126&ssl=1\",\"width\":400,\"height\":126,\"caption\":\"Pol\u00edticos al Desnudo\"},\"image\":{\"@id\":\"https:\\\/\\\/politicosaldesnudo.com.mx\\\/#\\\/schema\\\/logo\\\/image\\\/\"},\"sameAs\":[\"https:\\\/\\\/www.facebook.com\\\/PoliticosAD\"]},{\"@type\":\"Person\",\"@id\":\"https:\\\/\\\/politicosaldesnudo.com.mx\\\/#\\\/schema\\\/person\\\/ef3a64e561cc3f3f5dc52fab81adde7e\",\"name\":\"Redacci\u00f3n Pol\u00edticos\",\"url\":\"https:\\\/\\\/politicosaldesnudo.com.mx\\\/index.php\\\/author\\\/redaccion-politicos\\\/\"}]}<\/script>\n<!-- \/ Yoast SEO plugin. -->","yoast_head_json":{"title":"Pedro S\u00e1nchez admite que el PSOE \"puede tropezarse\" pero avisa que gobernar\u00e1 m\u00e1s all\u00e1 de 2027 - Pol\u00edticos al Desnudo","robots":{"index":"index","follow":"follow","max-snippet":"max-snippet:-1","max-image-preview":"max-image-preview:large","max-video-preview":"max-video-preview:-1"},"canonical":"https:\/\/politicosaldesnudo.com.mx\/index.php\/2026\/06\/01\/pedro-sanchez-admite-que-el-psoe-puede-tropezarse-pero-avisa-que-gobernara-mas-alla-de-2027\/","og_locale":"es_ES","og_type":"article","og_title":"Pedro S\u00e1nchez admite que el PSOE \"puede tropezarse\" pero avisa que gobernar\u00e1 m\u00e1s all\u00e1 de 2027 - Pol\u00edticos al Desnudo","og_description":"El presidente espa\u00f1ol, Pedro S\u00e1nchez, afirm\u00f3 que el Partido Socialista Obrero Espa\u00f1ol (PSOE) \u00abpuede tropezarse\u00bb al ser un \u00abproyecto humano\u00bb [&hellip;]","og_url":"https:\/\/politicosaldesnudo.com.mx\/index.php\/2026\/06\/01\/pedro-sanchez-admite-que-el-psoe-puede-tropezarse-pero-avisa-que-gobernara-mas-alla-de-2027\/","og_site_name":"Pol\u00edticos al Desnudo","article_publisher":"https:\/\/www.facebook.com\/PoliticosAD","article_published_time":"2026-06-01T06:18:44+00:00","og_image":[{"width":1200,"height":755,"url":"https:\/\/i0.wp.com\/politicosaldesnudo.com.mx\/wp-content\/uploads\/2026\/05\/PEDRO.jpg?fit=1200%2C755&ssl=1","type":"image\/jpeg"}],"author":"Redacci\u00f3n Pol\u00edticos","twitter_card":"summary_large_image","twitter_misc":{"Escrito por":"Redacci\u00f3n Pol\u00edticos","Tiempo de lectura":"1 minuto"},"schema":{"@context":"https:\/\/schema.org","@graph":[{"@type":"Article","@id":"https:\/\/politicosaldesnudo.com.mx\/index.php\/2026\/06\/01\/pedro-sanchez-admite-que-el-psoe-puede-tropezarse-pero-avisa-que-gobernara-mas-alla-de-2027\/#article","isPartOf":{"@id":"https:\/\/politicosaldesnudo.com.mx\/index.php\/2026\/06\/01\/pedro-sanchez-admite-que-el-psoe-puede-tropezarse-pero-avisa-que-gobernara-mas-alla-de-2027\/"},"author":{"name":"Redacci\u00f3n Pol\u00edticos","@id":"https:\/\/politicosaldesnudo.com.mx\/#\/schema\/person\/ef3a64e561cc3f3f5dc52fab81adde7e"},"headline":"Pedro S\u00e1nchez admite que el PSOE \u00abpuede tropezarse\u00bb pero avisa que gobernar\u00e1 m\u00e1s all\u00e1 de 2027","datePublished":"2026-06-01T06:18:44+00:00","mainEntityOfPage":{"@id":"https:\/\/politicosaldesnudo.com.mx\/index.php\/2026\/06\/01\/pedro-sanchez-admite-que-el-psoe-puede-tropezarse-pero-avisa-que-gobernara-mas-alla-de-2027\/"},"wordCount":244,"publisher":{"@id":"https:\/\/politicosaldesnudo.com.mx\/#organization"},"image":{"@id":"https:\/\/politicosaldesnudo.com.mx\/index.php\/2026\/06\/01\/pedro-sanchez-admite-que-el-psoe-puede-tropezarse-pero-avisa-que-gobernara-mas-alla-de-2027\/#primaryimage"},"thumbnailUrl":"https:\/\/i0.wp.com\/politicosaldesnudo.com.mx\/wp-content\/uploads\/2026\/05\/PEDRO.jpg?fit=1200%2C755&ssl=1","articleSection":["INTERNACIONAL"],"inLanguage":"es"},{"@type":"WebPage","@id":"https:\/\/politicosaldesnudo.com.mx\/index.php\/2026\/06\/01\/pedro-sanchez-admite-que-el-psoe-puede-tropezarse-pero-avisa-que-gobernara-mas-alla-de-2027\/","url":"https:\/\/politicosaldesnudo.com.mx\/index.php\/2026\/06\/01\/pedro-sanchez-admite-que-el-psoe-puede-tropezarse-pero-avisa-que-gobernara-mas-alla-de-2027\/","name":"Pedro S\u00e1nchez admite que el PSOE \"puede tropezarse\" pero avisa que gobernar\u00e1 m\u00e1s all\u00e1 de 2027 - Pol\u00edticos al Desnudo","isPartOf":{"@id":"https:\/\/politicosaldesnudo.com.mx\/#website"},"primaryImageOfPage":{"@id":"https:\/\/politicosaldesnudo.com.mx\/index.php\/2026\/06\/01\/pedro-sanchez-admite-que-el-psoe-puede-tropezarse-pero-avisa-que-gobernara-mas-alla-de-2027\/#primaryimage"},"image":{"@id":"https:\/\/politicosaldesnudo.com.mx\/index.php\/2026\/06\/01\/pedro-sanchez-admite-que-el-psoe-puede-tropezarse-pero-avisa-que-gobernara-mas-alla-de-2027\/#primaryimage"},"thumbnailUrl":"https:\/\/i0.wp.com\/politicosaldesnudo.com.mx\/wp-content\/uploads\/2026\/05\/PEDRO.jpg?fit=1200%2C755&ssl=1","datePublished":"2026-06-01T06:18:44+00:00","breadcrumb":{"@id":"https:\/\/politicosaldesnudo.com.mx\/index.php\/2026\/06\/01\/pedro-sanchez-admite-que-el-psoe-puede-tropezarse-pero-avisa-que-gobernara-mas-alla-de-2027\/#breadcrumb"},"inLanguage":"es","potentialAction":[{"@type":"ReadAction","target":["https:\/\/politicosaldesnudo.com.mx\/index.php\/2026\/06\/01\/pedro-sanchez-admite-que-el-psoe-puede-tropezarse-pero-avisa-que-gobernara-mas-alla-de-2027\/"]}]},{"@type":"ImageObject","inLanguage":"es","@id":"https:\/\/politicosaldesnudo.com.mx\/index.php\/2026\/06\/01\/pedro-sanchez-admite-que-el-psoe-puede-tropezarse-pero-avisa-que-gobernara-mas-alla-de-2027\/#primaryimage","url":"https:\/\/i0.wp.com\/politicosaldesnudo.com.mx\/wp-content\/uploads\/2026\/05\/PEDRO.jpg?fit=1200%2C755&ssl=1","contentUrl":"https:\/\/i0.wp.com\/politicosaldesnudo.com.mx\/wp-content\/uploads\/2026\/05\/PEDRO.jpg?fit=1200%2C755&ssl=1","width":1200,"height":755},{"@type":"BreadcrumbList","@id":"https:\/\/politicosaldesnudo.com.mx\/index.php\/2026\/06\/01\/pedro-sanchez-admite-que-el-psoe-puede-tropezarse-pero-avisa-que-gobernara-mas-alla-de-2027\/#breadcrumb","itemListElement":[{"@type":"ListItem","position":1,"name":"Portada","item":"https:\/\/politicosaldesnudo.com.mx\/"},{"@type":"ListItem","position":2,"name":"Pedro S\u00e1nchez admite que el PSOE \u00abpuede tropezarse\u00bb pero avisa que gobernar\u00e1 m\u00e1s all\u00e1 de 2027"}]},{"@type":"WebSite","@id":"https:\/\/politicosaldesnudo.com.mx\/#website","url":"https:\/\/politicosaldesnudo.com.mx\/","name":"Pol\u00edticos al Desnudo","description":"","publisher":{"@id":"https:\/\/politicosaldesnudo.com.mx\/#organization"},"potentialAction":[{"@type":"SearchAction","target":{"@type":"EntryPoint","urlTemplate":"https:\/\/politicosaldesnudo.com.mx\/?s={search_term_string}"},"query-input":{"@type":"PropertyValueSpecification","valueRequired":true,"valueName":"search_term_string"}}],"inLanguage":"es"},{"@type":"Organization","@id":"https:\/\/politicosaldesnudo.com.mx\/#organization","name":"Pol\u00edticos al Desnudo","url":"https:\/\/politicosaldesnudo.com.mx\/","logo":{"@type":"ImageObject","inLanguage":"es","@id":"https:\/\/politicosaldesnudo.com.mx\/#\/schema\/logo\/image\/","url":"https:\/\/i0.wp.com\/politicosaldesnudo.com.mx\/wp-content\/uploads\/2026\/08\/cropped-logo.webp?fit=400%2C126&ssl=1","contentUrl":"https:\/\/i0.wp.com\/politicosaldesnudo.com.mx\/wp-content\/uploads\/2026\/08\/cropped-logo.webp?fit=400%2C126&ssl=1","width":400,"height":126,"caption":"Pol\u00edticos al Desnudo"},"image":{"@id":"https:\/\/politicosaldesnudo.com.mx\/#\/schema\/logo\/image\/"},"sameAs":["https:\/\/www.facebook.com\/PoliticosAD"]},{"@type":"Person","@id":"https:\/\/politicosaldesnudo.com.mx\/#\/schema\/person\/ef3a64e561cc3f3f5dc52fab81adde7e","name":"Redacci\u00f3n Pol\u00edticos","url":"https:\/\/politicosaldesnudo.com.mx\/index.php\/author\/redaccion-politicos\/"}]}},"jetpack_publicize_connections":[],"jetpack-related-posts":[{"id":54914,"url":"https:\/\/politicosaldesnudo.com.mx\/index.php\/2025\/01\/21\/trump-sienta-a-la-mesa-a-la-ultraderecha\/","url_meta":{"origin":85321,"position":0},"title":"Trump sienta a la mesa a la ultraderecha","author":"Redacci\u00f3n Pol\u00edticos","date":"21 de enero de 2025","format":false,"excerpt":"Trump podr\u00e1 recular sobre sus amenazas de inmigrantes y aranceles, pero donde no podr\u00e1 echarse para atr\u00e1s es en el liderazgo de la ultraderecha mundial que representa una amenaza para el verdadero mundo democr\u00e1tico. Su proyecto no tiene como prioridad elevar el nivel de participaci\u00f3n pol\u00edtica de los estadounidenses para\u2026","rel":"","context":"En \u00abOPINI\u00d3N\u00bb","block_context":{"text":"OPINI\u00d3N","link":"https:\/\/politicosaldesnudo.com.mx\/index.php\/category\/columnistas\/"},"img":{"alt_text":"","src":"https:\/\/i0.wp.com\/politicosaldesnudo.com.mx\/wp-content\/uploads\/2024\/09\/JOSE-GARCIA-SANCHEZ.jpg?fit=760%2C426&ssl=1&resize=350%2C200","width":350,"height":200,"srcset":"https:\/\/i0.wp.com\/politicosaldesnudo.com.mx\/wp-content\/uploads\/2024\/09\/JOSE-GARCIA-SANCHEZ.jpg?fit=760%2C426&ssl=1&resize=350%2C200 1x, https:\/\/i0.wp.com\/politicosaldesnudo.com.mx\/wp-content\/uploads\/2024\/09\/JOSE-GARCIA-SANCHEZ.jpg?fit=760%2C426&ssl=1&resize=525%2C300 1.5x, https:\/\/i0.wp.com\/politicosaldesnudo.com.mx\/wp-content\/uploads\/2024\/09\/JOSE-GARCIA-SANCHEZ.jpg?fit=760%2C426&ssl=1&resize=700%2C400 2x"},"classes":[]},{"id":88097,"url":"https:\/\/politicosaldesnudo.com.mx\/index.php\/2026\/08\/27\/gloria-sanchez-la-izquierda-que-todavia-sabe-servir\/","url_meta":{"origin":85321,"position":1},"title":"Gloria S\u00e1nchez: la izquierda que todav\u00eda sabe servir","author":"Redacci\u00f3n Pol\u00edticos","date":"27 de agosto de 2026","format":false,"excerpt":"BIT\u00c1CORA POL\u00cdTICA Por Miguel \u00c1ngel Cristiani G. Hay reconocimientos que se entregan por protocolo y hay otros que, adem\u00e1s de reconocer una trayectoria, sirven para recordarles a los pol\u00edticos de hoy lo que significa realmente dedicar la vida al servicio p\u00fablico. \u00c9ste \u00faltimo parece ser el caso de Gloria S\u00e1nchez\u2026","rel":"","context":"En \u00abOPINI\u00d3N\u00bb","block_context":{"text":"OPINI\u00d3N","link":"https:\/\/politicosaldesnudo.com.mx\/index.php\/category\/columnistas\/"},"img":{"alt_text":"","src":"https:\/\/i0.wp.com\/politicosaldesnudo.com.mx\/wp-content\/uploads\/2026\/08\/COLUMNISTAS-PAD-5.png?fit=1200%2C659&ssl=1&resize=350%2C200","width":350,"height":200,"srcset":"https:\/\/i0.wp.com\/politicosaldesnudo.com.mx\/wp-content\/uploads\/2026\/08\/COLUMNISTAS-PAD-5.png?fit=1200%2C659&ssl=1&resize=350%2C200 1x, https:\/\/i0.wp.com\/politicosaldesnudo.com.mx\/wp-content\/uploads\/2026\/08\/COLUMNISTAS-PAD-5.png?fit=1200%2C659&ssl=1&resize=525%2C300 1.5x, https:\/\/i0.wp.com\/politicosaldesnudo.com.mx\/wp-content\/uploads\/2026\/08\/COLUMNISTAS-PAD-5.png?fit=1200%2C659&ssl=1&resize=700%2C400 2x, https:\/\/i0.wp.com\/politicosaldesnudo.com.mx\/wp-content\/uploads\/2026\/08\/COLUMNISTAS-PAD-5.png?fit=1200%2C659&ssl=1&resize=1050%2C600 3x"},"classes":[]},{"id":88125,"url":"https:\/\/politicosaldesnudo.com.mx\/index.php\/2026\/08\/28\/cosas-habras-de-ver-en-el-congreso\/","url_meta":{"origin":85321,"position":2},"title":"Cosas habr\u00e1s de ver\u2026 en el Congreso","author":"Redacci\u00f3n Pol\u00edticos","date":"28 de agosto de 2026","format":false,"excerpt":"BIT\u00c1CORA POL\u00cdTICA Por Miguel \u00c1ngel Cristiani G. Como dir\u00eda aquella vieja expresi\u00f3n Cervantina: \u201ccosas habr\u00e1s de ver\u201d. Y vaya que las hubo ayer, minutos antes de comenzar en el Congreso del Estado la sesi\u00f3n solemne para entregar la Medalla y Diploma \u201cHeberto Castillo Mart\u00ednez\u201d 2025 a la maestra Gloria S\u00e1nchez\u2026","rel":"","context":"En \u00abOPINI\u00d3N\u00bb","block_context":{"text":"OPINI\u00d3N","link":"https:\/\/politicosaldesnudo.com.mx\/index.php\/category\/columnistas\/"},"img":{"alt_text":"","src":"https:\/\/i0.wp.com\/politicosaldesnudo.com.mx\/wp-content\/uploads\/2026\/08\/BITACORA-2808.png?fit=1200%2C658&ssl=1&resize=350%2C200","width":350,"height":200,"srcset":"https:\/\/i0.wp.com\/politicosaldesnudo.com.mx\/wp-content\/uploads\/2026\/08\/BITACORA-2808.png?fit=1200%2C658&ssl=1&resize=350%2C200 1x, https:\/\/i0.wp.com\/politicosaldesnudo.com.mx\/wp-content\/uploads\/2026\/08\/BITACORA-2808.png?fit=1200%2C658&ssl=1&resize=525%2C300 1.5x, https:\/\/i0.wp.com\/politicosaldesnudo.com.mx\/wp-content\/uploads\/2026\/08\/BITACORA-2808.png?fit=1200%2C658&ssl=1&resize=700%2C400 2x, https:\/\/i0.wp.com\/politicosaldesnudo.com.mx\/wp-content\/uploads\/2026\/08\/BITACORA-2808.png?fit=1200%2C658&ssl=1&resize=1050%2C600 3x"},"classes":[]},{"id":87874,"url":"https:\/\/politicosaldesnudo.com.mx\/index.php\/2026\/08\/18\/continuan-pendientes-pagos-a-trabajadores-del-ingenio-san-pedro\/","url_meta":{"origin":85321,"position":3},"title":"Contin\u00faan pendientes pagos a trabajadores del Ingenio San Pedro","author":"Redacci\u00f3n Pol\u00edticos","date":"18 de agosto de 2026","format":false,"excerpt":"A casi dos semanas de que se anunciara el cierre del Ingenio San Pedro, ubicado en Lerdo de Tejada, sus trabajadores todav\u00eda no reciben las liquidaciones correspondientes. El secretario de Trabajo, Previsi\u00f3n Social y Productividad de Veracruz, Luis Arturo Santiago Mart\u00ednez, inform\u00f3 que la dependencia mantiene contacto con los empleados\u2026","rel":"","context":"En \u00abESTADOS\u00bb","block_context":{"text":"ESTADOS","link":"https:\/\/politicosaldesnudo.com.mx\/index.php\/category\/estados\/"},"img":{"alt_text":"","src":"https:\/\/i0.wp.com\/politicosaldesnudo.com.mx\/wp-content\/uploads\/2026\/08\/774667794_1640892540732414_6413776533447448678_n.jpg?fit=1200%2C675&ssl=1&resize=350%2C200","width":350,"height":200,"srcset":"https:\/\/i0.wp.com\/politicosaldesnudo.com.mx\/wp-content\/uploads\/2026\/08\/774667794_1640892540732414_6413776533447448678_n.jpg?fit=1200%2C675&ssl=1&resize=350%2C200 1x, https:\/\/i0.wp.com\/politicosaldesnudo.com.mx\/wp-content\/uploads\/2026\/08\/774667794_1640892540732414_6413776533447448678_n.jpg?fit=1200%2C675&ssl=1&resize=525%2C300 1.5x, https:\/\/i0.wp.com\/politicosaldesnudo.com.mx\/wp-content\/uploads\/2026\/08\/774667794_1640892540732414_6413776533447448678_n.jpg?fit=1200%2C675&ssl=1&resize=700%2C400 2x, https:\/\/i0.wp.com\/politicosaldesnudo.com.mx\/wp-content\/uploads\/2026\/08\/774667794_1640892540732414_6413776533447448678_n.jpg?fit=1200%2C675&ssl=1&resize=1050%2C600 3x"},"classes":[]},{"id":49738,"url":"https:\/\/politicosaldesnudo.com.mx\/index.php\/2024\/11\/04\/el-pan-sin-proyecto-ni-rumbo\/","url_meta":{"origin":85321,"position":4},"title":"EL PAN, SIN PROYECTO NI RUMBO","author":"Redacci\u00f3n Pol\u00edticos","date":"4 de noviembre de 2024","format":false,"excerpt":"Por Francisco Blanco Calder\u00f3n En relaci\u00f3n al D\u00eda de Muertos, corresponde, ahora, a los partidos pol\u00edticos que fenecen al desvincularse del pueblo y saquear\u00a0 sus recursos energ\u00e9ticos y naturales en forma c\u00ednica y despiadada, cobijados en una corrupci\u00f3n sin parang\u00f3n \u00edntimamente vinculados al crimen organizado, a los grandes capitales de\u2026","rel":"","context":"En \u00abOPINI\u00d3N\u00bb","block_context":{"text":"OPINI\u00d3N","link":"https:\/\/politicosaldesnudo.com.mx\/index.php\/category\/columnistas\/"},"img":{"alt_text":"","src":"https:\/\/i0.wp.com\/politicosaldesnudo.com.mx\/wp-content\/uploads\/2024\/10\/ESCENARIOS-1.jpg?fit=800%2C448&ssl=1&resize=350%2C200","width":350,"height":200,"srcset":"https:\/\/i0.wp.com\/politicosaldesnudo.com.mx\/wp-content\/uploads\/2024\/10\/ESCENARIOS-1.jpg?fit=800%2C448&ssl=1&resize=350%2C200 1x, https:\/\/i0.wp.com\/politicosaldesnudo.com.mx\/wp-content\/uploads\/2024\/10\/ESCENARIOS-1.jpg?fit=800%2C448&ssl=1&resize=525%2C300 1.5x, https:\/\/i0.wp.com\/politicosaldesnudo.com.mx\/wp-content\/uploads\/2024\/10\/ESCENARIOS-1.jpg?fit=800%2C448&ssl=1&resize=700%2C400 2x"},"classes":[]},{"id":88017,"url":"https:\/\/politicosaldesnudo.com.mx\/index.php\/2026\/08\/24\/peligrosa-estrategia-injerencista-contra-mexico\/","url_meta":{"origin":85321,"position":5},"title":"Peligrosa estrategia injerencista contra M\u00e9xico","author":"Redacci\u00f3n Pol\u00edticos","date":"24 de agosto de 2026","format":false,"excerpt":"LEAD POLITICO\u2026 Por: Ren\u00e9 Mart\u00ednez Torres * Roci\u00f3 Nahle convirti\u00f3 el municipio de Chinameca en sede de entrega de apoyos escolares a 13 municipios.\u00a0\u00a0 El estratega digital y asesor pol\u00edtico argentino, Fernando Cerimedo,\u00a0 due\u00f1o de la Derecha Diario, ex asesor de Javier Gerdo Milei - presidente de Argentina y Jair\u2026","rel":"","context":"En \u00abOPINI\u00d3N\u00bb","block_context":{"text":"OPINI\u00d3N","link":"https:\/\/politicosaldesnudo.com.mx\/index.php\/category\/columnistas\/"},"img":{"alt_text":"","src":"https:\/\/i0.wp.com\/politicosaldesnudo.com.mx\/wp-content\/uploads\/2026\/02\/LEAD-POLITICO-AZUL.jpg?fit=800%2C445&ssl=1&resize=350%2C200","width":350,"height":200,"srcset":"https:\/\/i0.wp.com\/politicosaldesnudo.com.mx\/wp-content\/uploads\/2026\/02\/LEAD-POLITICO-AZUL.jpg?fit=800%2C445&ssl=1&resize=350%2C200 1x, https:\/\/i0.wp.com\/politicosaldesnudo.com.mx\/wp-content\/uploads\/2026\/02\/LEAD-POLITICO-AZUL.jpg?fit=800%2C445&ssl=1&resize=525%2C300 1.5x, https:\/\/i0.wp.com\/politicosaldesnudo.com.mx\/wp-content\/uploads\/2026\/02\/LEAD-POLITICO-AZUL.jpg?fit=800%2C445&ssl=1&resize=700%2C400 2x"},"classes":[]}],"jetpack_sharing_enabled":true,"jetpack_featured_media_url":"https:\/\/i0.wp.com\/politicosaldesnudo.com.mx\/wp-content\/uploads\/2026\/05\/PEDRO.jpg?fit=1200%2C755&ssl=1","_links":{"self":[{"href":"https:\/\/politicosaldesnudo.com.mx\/index.php\/wp-json\/wp\/v2\/posts\/85321","targetHints":{"allow":["GET"]}}],"collection":[{"href":"https:\/\/politicosaldesnudo.com.mx\/index.php\/wp-json\/wp\/v2\/posts"}],"about":[{"href":"https:\/\/politicosaldesnudo.com.mx\/index.php\/wp-json\/wp\/v2\/types\/post"}],"author":[{"embeddable":true,"href":"https:\/\/politicosaldesnudo.com.mx\/index.php\/wp-json\/wp\/v2\/users\/4"}],"replies":[{"embeddable":true,"href":"https:\/\/politicosaldesnudo.com.mx\/index.php\/wp-json\/wp\/v2\/comments?post=85321"}],"version-history":[{"count":1,"href":"https:\/\/politicosaldesnudo.com.mx\/index.php\/wp-json\/wp\/v2\/posts\/85321\/revisions"}],"predecessor-version":[{"id":85323,"href":"https:\/\/politicosaldesnudo.com.mx\/index.php\/wp-json\/wp\/v2\/posts\/85321\/revisions\/85323"}],"wp:featuredmedia":[{"embeddable":true,"href":"https:\/\/politicosaldesnudo.com.mx\/index.php\/wp-json\/wp\/v2\/media\/85322"}],"wp:attachment":[{"href":"https:\/\/politicosaldesnudo.com.mx\/index.php\/wp-json\/wp\/v2\/media?parent=85321"}],"wp:term":[{"taxonomy":"category","embeddable":true,"href":"https:\/\/politicosaldesnudo.com.mx\/index.php\/wp-json\/wp\/v2\/categories?post=85321"},{"taxonomy":"post_tag","embeddable":true,"href":"https:\/\/politicosaldesnudo.com.mx\/index.php\/wp-json\/wp\/v2\/tags?post=85321"}],"curies":[{"name":"wp","href":"https:\/\/api.w.org\/{rel}","templated":true}]}}