{"id":85324,"date":"2026-06-01T00:19:30","date_gmt":"2026-06-01T06:19:30","guid":{"rendered":"https:\/\/politicosaldesnudo.com.mx\/?p=85324"},"modified":"2026-05-31T20:26:54","modified_gmt":"2026-06-01T02:26:54","slug":"cuba-realiza-ejercicios-defensivos-en-varias-provincias-ante-posibles-escenarios-belicos-por-amenazas-de-eu","status":"publish","type":"post","link":"https:\/\/politicosaldesnudo.com.mx\/index.php\/2026\/06\/01\/cuba-realiza-ejercicios-defensivos-en-varias-provincias-ante-posibles-escenarios-belicos-por-amenazas-de-eu\/","title":{"rendered":"Cuba realiza ejercicios defensivos en varias provincias ante posibles escenarios b\u00e9licos por amenazas de EU"},"content":{"rendered":"<p class=\"nota-justify\">Cuba realiz\u00f3 actividades de preparaci\u00f3n combativa y ejercicios territoriales en varias provincias del pa\u00eds durante el D\u00eda Nacional de la Defensa, una jornada destinada a fortalecer la capacidad de respuesta ante situaciones de riesgo, amenazas a la seguridad interior y posibles escenarios de agresi\u00f3n.<\/p>\n<p class=\"nota-justify\">Seg\u00fan un reporte del Sistema Informativo de la Televisi\u00f3n Cubana, las acciones tuvieron lugar en las provincias de Camag\u00fcey, Villa Clara, Holgu\u00edn, Cienfuegos, Matanzas y Las Tunas, en un contexto marcado por las sanciones y amenazas atribuidas por las autoridades cubanas al gobierno de Estados Unidos.<\/p>\n<p>En la provincia de Camag\u00fcey (centro-este), fuerzas conjuntas de componentes armados y sin armas desarrollaron ejercicios en los 13 municipios del territorio con la participaci\u00f3n de medios y personal vinculados a la defensa territorial. Seg\u00fan el reporte, \u00abcada fusil, minas, tanques, cohetes y combatientes reportaron el listo, no para agredir, porque este es un pueblo de paz\u00bb.<\/p>\n","protected":false},"excerpt":{"rendered":"<p>Cuba realiz\u00f3 actividades de preparaci\u00f3n combativa y ejercicios territoriales en varias provincias del pa\u00eds durante el D\u00eda Nacional de la [&hellip;]<\/p>\n","protected":false},"author":4,"featured_media":85325,"comment_status":"closed","ping_status":"closed","sticky":false,"template":"","format":"standard","meta":{"site-sidebar-layout":"default","site-content-layout":"","ast-site-content-layout":"default","site-content-style":"default","site-sidebar-style":"default","ast-global-header-display":"","ast-banner-title-visibility":"","ast-main-header-display":"","ast-hfb-above-header-display":"","ast-hfb-below-header-display":"","ast-hfb-mobile-header-display":"","site-post-title":"","ast-breadcrumbs-content":"","ast-featured-img":"","footer-sml-layout":"","ast-disable-related-posts":"","theme-transparent-header-meta":"","adv-header-id-meta":"","stick-header-meta":"","header-above-stick-meta":"","header-main-stick-meta":"","header-below-stick-meta":"","astra-migrate-meta-layouts":"default","ast-page-background-enabled":"default","ast-page-background-meta":{"desktop":{"background-color":"var(--ast-global-color-5)","background-image":"","background-repeat":"repeat","background-position":"center center","background-size":"auto","background-attachment":"scroll","background-type":"","background-media":"","overlay-type":"","overlay-color":"","overlay-opacity":"","overlay-gradient":""},"tablet":{"background-color":"","background-image":"","background-repeat":"repeat","background-position":"center center","background-size":"auto","background-attachment":"scroll","background-type":"","background-media":"","overlay-type":"","overlay-color":"","overlay-opacity":"","overlay-gradient":""},"mobile":{"background-color":"","background-image":"","background-repeat":"repeat","background-position":"center center","background-size":"auto","background-attachment":"scroll","background-type":"","background-media":"","overlay-type":"","overlay-color":"","overlay-opacity":"","overlay-gradient":""}},"ast-content-background-meta":{"desktop":{"background-color":"var(--ast-global-color-4)","background-image":"","background-repeat":"repeat","background-position":"center center","background-size":"auto","background-attachment":"scroll","background-type":"","background-media":"","overlay-type":"","overlay-color":"","overlay-opacity":"","overlay-gradient":""},"tablet":{"background-color":"var(--ast-global-color-4)","background-image":"","background-repeat":"repeat","background-position":"center center","background-size":"auto","background-attachment":"scroll","background-type":"","background-media":"","overlay-type":"","overlay-color":"","overlay-opacity":"","overlay-gradient":""},"mobile":{"background-color":"var(--ast-global-color-4)","background-image":"","background-repeat":"repeat","background-position":"center center","background-size":"auto","background-attachment":"scroll","background-type":"","background-media":"","overlay-type":"","overlay-color":"","overlay-opacity":"","overlay-gradient":""}},"_jetpack_newsletter_access":"","_jetpack_dont_email_post_to_subs":false,"_jetpack_newsletter_tier_id":0,"_jetpack_memberships_contains_paywalled_content":false,"_jetpack_feature_clip_id":0,"_jetpack_memberships_contains_paid_content":false,"footnotes":"","jetpack_publicize_message":"","jetpack_publicize_feature_enabled":true,"jetpack_social_post_already_shared":true,"jetpack_social_options":{"image_generator_settings":{"template":"highway","default_image_id":0,"font":"","enabled":false},"version":2},"jetpack_post_was_ever_published":false},"categories":[28],"tags":[],"class_list":["post-85324","post","type-post","status-publish","format-standard","has-post-thumbnail","hentry","category-internacional"],"yoast_head":"<!-- This site is optimized with the Yoast SEO plugin v28.3 - https:\/\/yoast.com\/product\/yoast-seo-wordpress\/ -->\n<title>Cuba realiza ejercicios defensivos en varias provincias ante posibles escenarios b\u00e9licos por amenazas de EU - Pol\u00edticos al Desnudo<\/title>\n<meta name=\"robots\" content=\"index, follow, max-snippet:-1, max-image-preview:large, max-video-preview:-1\" \/>\n<link rel=\"canonical\" href=\"https:\/\/politicosaldesnudo.com.mx\/index.php\/2026\/06\/01\/cuba-realiza-ejercicios-defensivos-en-varias-provincias-ante-posibles-escenarios-belicos-por-amenazas-de-eu\/\" \/>\n<meta property=\"og:locale\" content=\"es_ES\" \/>\n<meta property=\"og:type\" content=\"article\" \/>\n<meta property=\"og:title\" content=\"Cuba realiza ejercicios defensivos en varias provincias ante posibles escenarios b\u00e9licos por amenazas de EU - Pol\u00edticos al Desnudo\" \/>\n<meta property=\"og:description\" content=\"Cuba realiz\u00f3 actividades de preparaci\u00f3n combativa y ejercicios territoriales en varias provincias del pa\u00eds durante el D\u00eda Nacional de la [&hellip;]\" \/>\n<meta property=\"og:url\" content=\"https:\/\/politicosaldesnudo.com.mx\/index.php\/2026\/06\/01\/cuba-realiza-ejercicios-defensivos-en-varias-provincias-ante-posibles-escenarios-belicos-por-amenazas-de-eu\/\" \/>\n<meta property=\"og:site_name\" content=\"Pol\u00edticos al Desnudo\" \/>\n<meta property=\"article:publisher\" content=\"https:\/\/www.facebook.com\/PoliticosAD\" \/>\n<meta property=\"article:published_time\" content=\"2026-06-01T06:19:30+00:00\" \/>\n<meta property=\"og:image\" content=\"https:\/\/i0.wp.com\/politicosaldesnudo.com.mx\/wp-content\/uploads\/2026\/05\/CUB.jpg?fit=1200%2C713&ssl=1\" \/>\n\t<meta property=\"og:image:width\" content=\"1200\" \/>\n\t<meta property=\"og:image:height\" content=\"713\" \/>\n\t<meta property=\"og:image:type\" content=\"image\/jpeg\" \/>\n<meta name=\"author\" content=\"Redacci\u00f3n Pol\u00edticos\" \/>\n<meta name=\"twitter:card\" content=\"summary_large_image\" \/>\n<meta name=\"twitter:label1\" content=\"Escrito por\" \/>\n\t<meta name=\"twitter:data1\" content=\"Redacci\u00f3n Pol\u00edticos\" \/>\n\t<meta name=\"twitter:label2\" content=\"Tiempo de lectura\" \/>\n\t<meta name=\"twitter:data2\" content=\"1 minuto\" \/>\n<script type=\"application\/ld+json\" class=\"yoast-schema-graph\">{\"@context\":\"https:\\\/\\\/schema.org\",\"@graph\":[{\"@type\":\"Article\",\"@id\":\"https:\\\/\\\/politicosaldesnudo.com.mx\\\/index.php\\\/2026\\\/06\\\/01\\\/cuba-realiza-ejercicios-defensivos-en-varias-provincias-ante-posibles-escenarios-belicos-por-amenazas-de-eu\\\/#article\",\"isPartOf\":{\"@id\":\"https:\\\/\\\/politicosaldesnudo.com.mx\\\/index.php\\\/2026\\\/06\\\/01\\\/cuba-realiza-ejercicios-defensivos-en-varias-provincias-ante-posibles-escenarios-belicos-por-amenazas-de-eu\\\/\"},\"author\":{\"name\":\"Redacci\u00f3n Pol\u00edticos\",\"@id\":\"https:\\\/\\\/politicosaldesnudo.com.mx\\\/#\\\/schema\\\/person\\\/ef3a64e561cc3f3f5dc52fab81adde7e\"},\"headline\":\"Cuba realiza ejercicios defensivos en varias provincias ante posibles escenarios b\u00e9licos por amenazas de EU\",\"datePublished\":\"2026-06-01T06:19:30+00:00\",\"mainEntityOfPage\":{\"@id\":\"https:\\\/\\\/politicosaldesnudo.com.mx\\\/index.php\\\/2026\\\/06\\\/01\\\/cuba-realiza-ejercicios-defensivos-en-varias-provincias-ante-posibles-escenarios-belicos-por-amenazas-de-eu\\\/\"},\"wordCount\":173,\"publisher\":{\"@id\":\"https:\\\/\\\/politicosaldesnudo.com.mx\\\/#organization\"},\"image\":{\"@id\":\"https:\\\/\\\/politicosaldesnudo.com.mx\\\/index.php\\\/2026\\\/06\\\/01\\\/cuba-realiza-ejercicios-defensivos-en-varias-provincias-ante-posibles-escenarios-belicos-por-amenazas-de-eu\\\/#primaryimage\"},\"thumbnailUrl\":\"https:\\\/\\\/i0.wp.com\\\/politicosaldesnudo.com.mx\\\/wp-content\\\/uploads\\\/2026\\\/05\\\/CUB.jpg?fit=1200%2C713&ssl=1\",\"articleSection\":[\"INTERNACIONAL\"],\"inLanguage\":\"es\"},{\"@type\":\"WebPage\",\"@id\":\"https:\\\/\\\/politicosaldesnudo.com.mx\\\/index.php\\\/2026\\\/06\\\/01\\\/cuba-realiza-ejercicios-defensivos-en-varias-provincias-ante-posibles-escenarios-belicos-por-amenazas-de-eu\\\/\",\"url\":\"https:\\\/\\\/politicosaldesnudo.com.mx\\\/index.php\\\/2026\\\/06\\\/01\\\/cuba-realiza-ejercicios-defensivos-en-varias-provincias-ante-posibles-escenarios-belicos-por-amenazas-de-eu\\\/\",\"name\":\"Cuba realiza ejercicios defensivos en varias provincias ante posibles escenarios b\u00e9licos por amenazas de EU - Pol\u00edticos al Desnudo\",\"isPartOf\":{\"@id\":\"https:\\\/\\\/politicosaldesnudo.com.mx\\\/#website\"},\"primaryImageOfPage\":{\"@id\":\"https:\\\/\\\/politicosaldesnudo.com.mx\\\/index.php\\\/2026\\\/06\\\/01\\\/cuba-realiza-ejercicios-defensivos-en-varias-provincias-ante-posibles-escenarios-belicos-por-amenazas-de-eu\\\/#primaryimage\"},\"image\":{\"@id\":\"https:\\\/\\\/politicosaldesnudo.com.mx\\\/index.php\\\/2026\\\/06\\\/01\\\/cuba-realiza-ejercicios-defensivos-en-varias-provincias-ante-posibles-escenarios-belicos-por-amenazas-de-eu\\\/#primaryimage\"},\"thumbnailUrl\":\"https:\\\/\\\/i0.wp.com\\\/politicosaldesnudo.com.mx\\\/wp-content\\\/uploads\\\/2026\\\/05\\\/CUB.jpg?fit=1200%2C713&ssl=1\",\"datePublished\":\"2026-06-01T06:19:30+00:00\",\"breadcrumb\":{\"@id\":\"https:\\\/\\\/politicosaldesnudo.com.mx\\\/index.php\\\/2026\\\/06\\\/01\\\/cuba-realiza-ejercicios-defensivos-en-varias-provincias-ante-posibles-escenarios-belicos-por-amenazas-de-eu\\\/#breadcrumb\"},\"inLanguage\":\"es\",\"potentialAction\":[{\"@type\":\"ReadAction\",\"target\":[\"https:\\\/\\\/politicosaldesnudo.com.mx\\\/index.php\\\/2026\\\/06\\\/01\\\/cuba-realiza-ejercicios-defensivos-en-varias-provincias-ante-posibles-escenarios-belicos-por-amenazas-de-eu\\\/\"]}]},{\"@type\":\"ImageObject\",\"inLanguage\":\"es\",\"@id\":\"https:\\\/\\\/politicosaldesnudo.com.mx\\\/index.php\\\/2026\\\/06\\\/01\\\/cuba-realiza-ejercicios-defensivos-en-varias-provincias-ante-posibles-escenarios-belicos-por-amenazas-de-eu\\\/#primaryimage\",\"url\":\"https:\\\/\\\/i0.wp.com\\\/politicosaldesnudo.com.mx\\\/wp-content\\\/uploads\\\/2026\\\/05\\\/CUB.jpg?fit=1200%2C713&ssl=1\",\"contentUrl\":\"https:\\\/\\\/i0.wp.com\\\/politicosaldesnudo.com.mx\\\/wp-content\\\/uploads\\\/2026\\\/05\\\/CUB.jpg?fit=1200%2C713&ssl=1\",\"width\":1200,\"height\":713},{\"@type\":\"BreadcrumbList\",\"@id\":\"https:\\\/\\\/politicosaldesnudo.com.mx\\\/index.php\\\/2026\\\/06\\\/01\\\/cuba-realiza-ejercicios-defensivos-en-varias-provincias-ante-posibles-escenarios-belicos-por-amenazas-de-eu\\\/#breadcrumb\",\"itemListElement\":[{\"@type\":\"ListItem\",\"position\":1,\"name\":\"Portada\",\"item\":\"https:\\\/\\\/politicosaldesnudo.com.mx\\\/\"},{\"@type\":\"ListItem\",\"position\":2,\"name\":\"Cuba realiza ejercicios defensivos en varias provincias ante posibles escenarios b\u00e9licos por amenazas de EU\"}]},{\"@type\":\"WebSite\",\"@id\":\"https:\\\/\\\/politicosaldesnudo.com.mx\\\/#website\",\"url\":\"https:\\\/\\\/politicosaldesnudo.com.mx\\\/\",\"name\":\"Pol\u00edticos al Desnudo\",\"description\":\"\",\"publisher\":{\"@id\":\"https:\\\/\\\/politicosaldesnudo.com.mx\\\/#organization\"},\"potentialAction\":[{\"@type\":\"SearchAction\",\"target\":{\"@type\":\"EntryPoint\",\"urlTemplate\":\"https:\\\/\\\/politicosaldesnudo.com.mx\\\/?s={search_term_string}\"},\"query-input\":{\"@type\":\"PropertyValueSpecification\",\"valueRequired\":true,\"valueName\":\"search_term_string\"}}],\"inLanguage\":\"es\"},{\"@type\":\"Organization\",\"@id\":\"https:\\\/\\\/politicosaldesnudo.com.mx\\\/#organization\",\"name\":\"Pol\u00edticos al Desnudo\",\"url\":\"https:\\\/\\\/politicosaldesnudo.com.mx\\\/\",\"logo\":{\"@type\":\"ImageObject\",\"inLanguage\":\"es\",\"@id\":\"https:\\\/\\\/politicosaldesnudo.com.mx\\\/#\\\/schema\\\/logo\\\/image\\\/\",\"url\":\"https:\\\/\\\/i0.wp.com\\\/politicosaldesnudo.com.mx\\\/wp-content\\\/uploads\\\/2026\\\/08\\\/cropped-logo.webp?fit=400%2C126&ssl=1\",\"contentUrl\":\"https:\\\/\\\/i0.wp.com\\\/politicosaldesnudo.com.mx\\\/wp-content\\\/uploads\\\/2026\\\/08\\\/cropped-logo.webp?fit=400%2C126&ssl=1\",\"width\":400,\"height\":126,\"caption\":\"Pol\u00edticos al Desnudo\"},\"image\":{\"@id\":\"https:\\\/\\\/politicosaldesnudo.com.mx\\\/#\\\/schema\\\/logo\\\/image\\\/\"},\"sameAs\":[\"https:\\\/\\\/www.facebook.com\\\/PoliticosAD\"]},{\"@type\":\"Person\",\"@id\":\"https:\\\/\\\/politicosaldesnudo.com.mx\\\/#\\\/schema\\\/person\\\/ef3a64e561cc3f3f5dc52fab81adde7e\",\"name\":\"Redacci\u00f3n Pol\u00edticos\",\"url\":\"https:\\\/\\\/politicosaldesnudo.com.mx\\\/index.php\\\/author\\\/redaccion-politicos\\\/\"}]}<\/script>\n<!-- \/ Yoast SEO plugin. -->","yoast_head_json":{"title":"Cuba realiza ejercicios defensivos en varias provincias ante posibles escenarios b\u00e9licos por amenazas de EU - Pol\u00edticos al Desnudo","robots":{"index":"index","follow":"follow","max-snippet":"max-snippet:-1","max-image-preview":"max-image-preview:large","max-video-preview":"max-video-preview:-1"},"canonical":"https:\/\/politicosaldesnudo.com.mx\/index.php\/2026\/06\/01\/cuba-realiza-ejercicios-defensivos-en-varias-provincias-ante-posibles-escenarios-belicos-por-amenazas-de-eu\/","og_locale":"es_ES","og_type":"article","og_title":"Cuba realiza ejercicios defensivos en varias provincias ante posibles escenarios b\u00e9licos por amenazas de EU - Pol\u00edticos al Desnudo","og_description":"Cuba realiz\u00f3 actividades de preparaci\u00f3n combativa y ejercicios territoriales en varias provincias del pa\u00eds durante el D\u00eda Nacional de la [&hellip;]","og_url":"https:\/\/politicosaldesnudo.com.mx\/index.php\/2026\/06\/01\/cuba-realiza-ejercicios-defensivos-en-varias-provincias-ante-posibles-escenarios-belicos-por-amenazas-de-eu\/","og_site_name":"Pol\u00edticos al Desnudo","article_publisher":"https:\/\/www.facebook.com\/PoliticosAD","article_published_time":"2026-06-01T06:19:30+00:00","og_image":[{"width":1200,"height":713,"url":"https:\/\/i0.wp.com\/politicosaldesnudo.com.mx\/wp-content\/uploads\/2026\/05\/CUB.jpg?fit=1200%2C713&ssl=1","type":"image\/jpeg"}],"author":"Redacci\u00f3n Pol\u00edticos","twitter_card":"summary_large_image","twitter_misc":{"Escrito por":"Redacci\u00f3n Pol\u00edticos","Tiempo de lectura":"1 minuto"},"schema":{"@context":"https:\/\/schema.org","@graph":[{"@type":"Article","@id":"https:\/\/politicosaldesnudo.com.mx\/index.php\/2026\/06\/01\/cuba-realiza-ejercicios-defensivos-en-varias-provincias-ante-posibles-escenarios-belicos-por-amenazas-de-eu\/#article","isPartOf":{"@id":"https:\/\/politicosaldesnudo.com.mx\/index.php\/2026\/06\/01\/cuba-realiza-ejercicios-defensivos-en-varias-provincias-ante-posibles-escenarios-belicos-por-amenazas-de-eu\/"},"author":{"name":"Redacci\u00f3n Pol\u00edticos","@id":"https:\/\/politicosaldesnudo.com.mx\/#\/schema\/person\/ef3a64e561cc3f3f5dc52fab81adde7e"},"headline":"Cuba realiza ejercicios defensivos en varias provincias ante posibles escenarios b\u00e9licos por amenazas de EU","datePublished":"2026-06-01T06:19:30+00:00","mainEntityOfPage":{"@id":"https:\/\/politicosaldesnudo.com.mx\/index.php\/2026\/06\/01\/cuba-realiza-ejercicios-defensivos-en-varias-provincias-ante-posibles-escenarios-belicos-por-amenazas-de-eu\/"},"wordCount":173,"publisher":{"@id":"https:\/\/politicosaldesnudo.com.mx\/#organization"},"image":{"@id":"https:\/\/politicosaldesnudo.com.mx\/index.php\/2026\/06\/01\/cuba-realiza-ejercicios-defensivos-en-varias-provincias-ante-posibles-escenarios-belicos-por-amenazas-de-eu\/#primaryimage"},"thumbnailUrl":"https:\/\/i0.wp.com\/politicosaldesnudo.com.mx\/wp-content\/uploads\/2026\/05\/CUB.jpg?fit=1200%2C713&ssl=1","articleSection":["INTERNACIONAL"],"inLanguage":"es"},{"@type":"WebPage","@id":"https:\/\/politicosaldesnudo.com.mx\/index.php\/2026\/06\/01\/cuba-realiza-ejercicios-defensivos-en-varias-provincias-ante-posibles-escenarios-belicos-por-amenazas-de-eu\/","url":"https:\/\/politicosaldesnudo.com.mx\/index.php\/2026\/06\/01\/cuba-realiza-ejercicios-defensivos-en-varias-provincias-ante-posibles-escenarios-belicos-por-amenazas-de-eu\/","name":"Cuba realiza ejercicios defensivos en varias provincias ante posibles escenarios b\u00e9licos por amenazas de EU - Pol\u00edticos al Desnudo","isPartOf":{"@id":"https:\/\/politicosaldesnudo.com.mx\/#website"},"primaryImageOfPage":{"@id":"https:\/\/politicosaldesnudo.com.mx\/index.php\/2026\/06\/01\/cuba-realiza-ejercicios-defensivos-en-varias-provincias-ante-posibles-escenarios-belicos-por-amenazas-de-eu\/#primaryimage"},"image":{"@id":"https:\/\/politicosaldesnudo.com.mx\/index.php\/2026\/06\/01\/cuba-realiza-ejercicios-defensivos-en-varias-provincias-ante-posibles-escenarios-belicos-por-amenazas-de-eu\/#primaryimage"},"thumbnailUrl":"https:\/\/i0.wp.com\/politicosaldesnudo.com.mx\/wp-content\/uploads\/2026\/05\/CUB.jpg?fit=1200%2C713&ssl=1","datePublished":"2026-06-01T06:19:30+00:00","breadcrumb":{"@id":"https:\/\/politicosaldesnudo.com.mx\/index.php\/2026\/06\/01\/cuba-realiza-ejercicios-defensivos-en-varias-provincias-ante-posibles-escenarios-belicos-por-amenazas-de-eu\/#breadcrumb"},"inLanguage":"es","potentialAction":[{"@type":"ReadAction","target":["https:\/\/politicosaldesnudo.com.mx\/index.php\/2026\/06\/01\/cuba-realiza-ejercicios-defensivos-en-varias-provincias-ante-posibles-escenarios-belicos-por-amenazas-de-eu\/"]}]},{"@type":"ImageObject","inLanguage":"es","@id":"https:\/\/politicosaldesnudo.com.mx\/index.php\/2026\/06\/01\/cuba-realiza-ejercicios-defensivos-en-varias-provincias-ante-posibles-escenarios-belicos-por-amenazas-de-eu\/#primaryimage","url":"https:\/\/i0.wp.com\/politicosaldesnudo.com.mx\/wp-content\/uploads\/2026\/05\/CUB.jpg?fit=1200%2C713&ssl=1","contentUrl":"https:\/\/i0.wp.com\/politicosaldesnudo.com.mx\/wp-content\/uploads\/2026\/05\/CUB.jpg?fit=1200%2C713&ssl=1","width":1200,"height":713},{"@type":"BreadcrumbList","@id":"https:\/\/politicosaldesnudo.com.mx\/index.php\/2026\/06\/01\/cuba-realiza-ejercicios-defensivos-en-varias-provincias-ante-posibles-escenarios-belicos-por-amenazas-de-eu\/#breadcrumb","itemListElement":[{"@type":"ListItem","position":1,"name":"Portada","item":"https:\/\/politicosaldesnudo.com.mx\/"},{"@type":"ListItem","position":2,"name":"Cuba realiza ejercicios defensivos en varias provincias ante posibles escenarios b\u00e9licos por amenazas de EU"}]},{"@type":"WebSite","@id":"https:\/\/politicosaldesnudo.com.mx\/#website","url":"https:\/\/politicosaldesnudo.com.mx\/","name":"Pol\u00edticos al Desnudo","description":"","publisher":{"@id":"https:\/\/politicosaldesnudo.com.mx\/#organization"},"potentialAction":[{"@type":"SearchAction","target":{"@type":"EntryPoint","urlTemplate":"https:\/\/politicosaldesnudo.com.mx\/?s={search_term_string}"},"query-input":{"@type":"PropertyValueSpecification","valueRequired":true,"valueName":"search_term_string"}}],"inLanguage":"es"},{"@type":"Organization","@id":"https:\/\/politicosaldesnudo.com.mx\/#organization","name":"Pol\u00edticos al Desnudo","url":"https:\/\/politicosaldesnudo.com.mx\/","logo":{"@type":"ImageObject","inLanguage":"es","@id":"https:\/\/politicosaldesnudo.com.mx\/#\/schema\/logo\/image\/","url":"https:\/\/i0.wp.com\/politicosaldesnudo.com.mx\/wp-content\/uploads\/2026\/08\/cropped-logo.webp?fit=400%2C126&ssl=1","contentUrl":"https:\/\/i0.wp.com\/politicosaldesnudo.com.mx\/wp-content\/uploads\/2026\/08\/cropped-logo.webp?fit=400%2C126&ssl=1","width":400,"height":126,"caption":"Pol\u00edticos al Desnudo"},"image":{"@id":"https:\/\/politicosaldesnudo.com.mx\/#\/schema\/logo\/image\/"},"sameAs":["https:\/\/www.facebook.com\/PoliticosAD"]},{"@type":"Person","@id":"https:\/\/politicosaldesnudo.com.mx\/#\/schema\/person\/ef3a64e561cc3f3f5dc52fab81adde7e","name":"Redacci\u00f3n Pol\u00edticos","url":"https:\/\/politicosaldesnudo.com.mx\/index.php\/author\/redaccion-politicos\/"}]}},"jetpack_publicize_connections":[],"jetpack-related-posts":[{"id":87864,"url":"https:\/\/politicosaldesnudo.com.mx\/index.php\/2026\/08\/17\/trump-estalla-contra-reportera-de-cnn-por-pregunta-sobre-kim-jong-un-silencio\/","url_meta":{"origin":85324,"position":0},"title":"Trump estalla contra reportera de CNN por pregunta sobre Kim Jong-un: \u201c\u00a1Silencio!\u201d","author":"Redacci\u00f3n Pol\u00edticos","date":"17 de agosto de 2026","format":false,"excerpt":"Una pregunta sobre Kim Jong-un termin\u00f3 en un tenso enfrentamiento entre Donald Trump y una periodista de CNN en plena Casa Blanca. El presidente estadounidense interrumpi\u00f3 repetidamente a la reportera Kristen Holmes y la acus\u00f3 de ser \u201cirrespetuosa\u201d y difundir noticias falsas. El episodio ocurri\u00f3 este lunes 17 de agosto,\u2026","rel":"","context":"En \u00abINTERNACIONAL\u00bb","block_context":{"text":"INTERNACIONAL","link":"https:\/\/politicosaldesnudo.com.mx\/index.php\/category\/internacional\/"},"img":{"alt_text":"","src":"https:\/\/i0.wp.com\/politicosaldesnudo.com.mx\/wp-content\/uploads\/2026\/08\/trump-1.jpg?fit=1200%2C800&ssl=1&resize=350%2C200","width":350,"height":200,"srcset":"https:\/\/i0.wp.com\/politicosaldesnudo.com.mx\/wp-content\/uploads\/2026\/08\/trump-1.jpg?fit=1200%2C800&ssl=1&resize=350%2C200 1x, https:\/\/i0.wp.com\/politicosaldesnudo.com.mx\/wp-content\/uploads\/2026\/08\/trump-1.jpg?fit=1200%2C800&ssl=1&resize=525%2C300 1.5x, https:\/\/i0.wp.com\/politicosaldesnudo.com.mx\/wp-content\/uploads\/2026\/08\/trump-1.jpg?fit=1200%2C800&ssl=1&resize=700%2C400 2x, https:\/\/i0.wp.com\/politicosaldesnudo.com.mx\/wp-content\/uploads\/2026\/08\/trump-1.jpg?fit=1200%2C800&ssl=1&resize=1050%2C600 3x"},"classes":[]},{"id":49429,"url":"https:\/\/politicosaldesnudo.com.mx\/index.php\/2024\/10\/30\/petroleo-de-veracruz-a-cuba\/","url_meta":{"origin":85324,"position":1},"title":"Petr\u00f3leo de Veracruz a Cuba","author":"Redacci\u00f3n Pol\u00edticos","date":"30 de octubre de 2024","format":false,"excerpt":"\u00b7\u00a0\u00a0\u00a0\u00a0\u00a0 \u00a0400 mil barriles de crudo a Cuba para mitigar crisis energ\u00e9tica \u00b7\u00a0\u00a0\u00a0\u00a0\u00a0 \u00a0El env\u00edo es una \u201cdonaci\u00f3n\u201d del Estado mexicano \u00b7\u00a0\u00a0\u00a0\u00a0\u00a0 \u00a0El tanquero petrolero cubano Vilma parti\u00f3 del puerto de Pajaritos Por Miguel \u00c1ngel Cristiani G. El tanquero Vilma zarp\u00f3 del puerto de Pajaritos, Veracruz, con 400 mil barriles\u2026","rel":"","context":"En \u00abOPINI\u00d3N\u00bb","block_context":{"text":"OPINI\u00d3N","link":"https:\/\/politicosaldesnudo.com.mx\/index.php\/category\/columnistas\/"},"img":{"alt_text":"","src":"https:\/\/i0.wp.com\/politicosaldesnudo.com.mx\/wp-content\/uploads\/2024\/09\/CRISTIANI-2.jpg?fit=800%2C445&ssl=1&resize=350%2C200","width":350,"height":200,"srcset":"https:\/\/i0.wp.com\/politicosaldesnudo.com.mx\/wp-content\/uploads\/2024\/09\/CRISTIANI-2.jpg?fit=800%2C445&ssl=1&resize=350%2C200 1x, https:\/\/i0.wp.com\/politicosaldesnudo.com.mx\/wp-content\/uploads\/2024\/09\/CRISTIANI-2.jpg?fit=800%2C445&ssl=1&resize=525%2C300 1.5x, https:\/\/i0.wp.com\/politicosaldesnudo.com.mx\/wp-content\/uploads\/2024\/09\/CRISTIANI-2.jpg?fit=800%2C445&ssl=1&resize=700%2C400 2x"},"classes":[]},{"id":87594,"url":"https:\/\/politicosaldesnudo.com.mx\/index.php\/2026\/08\/10\/la-prision-de-aguirre-puede-alcanzar-a-pena-nieto-y-a-calderon\/","url_meta":{"origin":85324,"position":2},"title":"La prisi\u00f3n de Aguirre puede alcanzar a Pe\u00f1a Nieto y a Calder\u00f3n","author":"Redacci\u00f3n Pol\u00edticos","date":"10 de agosto de 2026","format":false,"excerpt":"Por: Jos\u00e9 Lima Cobos En tanto el \u201cgusano\u201d mayor de Cuba en EEUU, Marco Rubio, secretario de Estado de ese pa\u00eds, amenaza con apretar cada d\u00eda m\u00e1s la soga que tiene desde hace m\u00e1s de sesenta a\u00f1os el pueblo cubano en su cuello, a efecto de hacer que se arrodille\u2026","rel":"","context":"En \u00abOPINI\u00d3N\u00bb","block_context":{"text":"OPINI\u00d3N","link":"https:\/\/politicosaldesnudo.com.mx\/index.php\/category\/columnistas\/"},"img":{"alt_text":"","src":"https:\/\/i0.wp.com\/politicosaldesnudo.com.mx\/wp-content\/uploads\/2026\/01\/BANNER-LIMA-COBOS.jpg?fit=533%2C297&ssl=1&resize=350%2C200","width":350,"height":200,"srcset":"https:\/\/i0.wp.com\/politicosaldesnudo.com.mx\/wp-content\/uploads\/2026\/01\/BANNER-LIMA-COBOS.jpg?fit=533%2C297&ssl=1&resize=350%2C200 1x, https:\/\/i0.wp.com\/politicosaldesnudo.com.mx\/wp-content\/uploads\/2026\/01\/BANNER-LIMA-COBOS.jpg?fit=533%2C297&ssl=1&resize=525%2C300 1.5x"},"classes":[]},{"id":87918,"url":"https:\/\/politicosaldesnudo.com.mx\/index.php\/2026\/08\/20\/fuerte-sismo-de-magnitud-7-2-sacude-el-sur-de-peru-descartan-alerta-de-tsunami\/","url_meta":{"origin":85324,"position":3},"title":"Fuerte sismo de magnitud 7.2 sacude el sur de Per\u00fa; descartan alerta de tsunami","author":"Redacci\u00f3n Pol\u00edticos","date":"20 de agosto de 2026","format":false,"excerpt":"Un fuerte movimiento tel\u00farico sorprendi\u00f3 este jueves a los habitantes del sur de Per\u00fa. El sismo tuvo su epicentro en la regi\u00f3n de Ayacucho y fue percibido en distintas zonas del pa\u00eds, incluida la capital, Lima. De acuerdo con el Instituto Geof\u00edsico del Per\u00fa (IGP), el temblor ocurri\u00f3 a las\u2026","rel":"","context":"En \u00abINTERNACIONAL\u00bb","block_context":{"text":"INTERNACIONAL","link":"https:\/\/politicosaldesnudo.com.mx\/index.php\/category\/internacional\/"},"img":{"alt_text":"","src":"https:\/\/i0.wp.com\/politicosaldesnudo.com.mx\/wp-content\/uploads\/2026\/08\/SISMO-1.jpg?fit=768%2C576&ssl=1&resize=350%2C200","width":350,"height":200,"srcset":"https:\/\/i0.wp.com\/politicosaldesnudo.com.mx\/wp-content\/uploads\/2026\/08\/SISMO-1.jpg?fit=768%2C576&ssl=1&resize=350%2C200 1x, https:\/\/i0.wp.com\/politicosaldesnudo.com.mx\/wp-content\/uploads\/2026\/08\/SISMO-1.jpg?fit=768%2C576&ssl=1&resize=525%2C300 1.5x, https:\/\/i0.wp.com\/politicosaldesnudo.com.mx\/wp-content\/uploads\/2026\/08\/SISMO-1.jpg?fit=768%2C576&ssl=1&resize=700%2C400 2x"},"classes":[]},{"id":87986,"url":"https:\/\/politicosaldesnudo.com.mx\/index.php\/2026\/08\/22\/macron-desafia-a-putin-francia-enviara-mas-misiles-para-proteger-a-ucrania\/","url_meta":{"origin":85324,"position":4},"title":"Macron desaf\u00eda a Putin: Francia enviar\u00e1 m\u00e1s misiles para proteger a Ucrania","author":"Redacci\u00f3n Pol\u00edticos","date":"22 de agosto de 2026","format":false,"excerpt":"Francia enviar\u00e1 nuevos misiles interceptores y acelerar\u00e1 la entrega de equipos militares a Ucrania, en respuesta a la reciente intensificaci\u00f3n de los ataques rusos contra ciudades e infraestructura civil. El presidente Emmanuel Macron confirm\u00f3 el apoyo despu\u00e9s de mantener una conversaci\u00f3n telef\u00f3nica de casi dos horas con su hom\u00f3logo ucraniano,\u2026","rel":"","context":"En \u00abINTERNACIONAL\u00bb","block_context":{"text":"INTERNACIONAL","link":"https:\/\/politicosaldesnudo.com.mx\/index.php\/category\/internacional\/"},"img":{"alt_text":"","src":"https:\/\/politicosaldesnudo.com.mx\/wp-content\/uploads\/2026\/08\/UZGCVPJBNJDS3O7ZRFP6WVEPYI.avif","width":350,"height":200,"srcset":"https:\/\/politicosaldesnudo.com.mx\/wp-content\/uploads\/2026\/08\/UZGCVPJBNJDS3O7ZRFP6WVEPYI.avif 1x, https:\/\/politicosaldesnudo.com.mx\/wp-content\/uploads\/2026\/08\/UZGCVPJBNJDS3O7ZRFP6WVEPYI.avif 1.5x, https:\/\/politicosaldesnudo.com.mx\/wp-content\/uploads\/2026\/08\/UZGCVPJBNJDS3O7ZRFP6WVEPYI.avif 2x"},"classes":[]},{"id":88160,"url":"https:\/\/politicosaldesnudo.com.mx\/index.php\/2026\/08\/29\/que-se-sabe-de-los-tres-drones-derribados-por-eu-en-la-frontera-con-mexico\/","url_meta":{"origin":85324,"position":5},"title":"\u00bfQu\u00e9 se sabe de los tres drones derribados por EU en la frontera con M\u00e9xico?","author":"Redacci\u00f3n Pol\u00edticos","date":"29 de agosto de 2026","format":false,"excerpt":"El Gobierno de M\u00e9xico confirm\u00f3 que fuerzas estadounidenses dejaron fuera de operaci\u00f3n tres drones que presuntamente eran utilizados por traficantes de personas para seguir los movimientos de las autoridades en la zona fronteriza. La Secretar\u00eda de la Defensa Nacional inform\u00f3 que los aparatos fueron detectados durante las noches del 25\u2026","rel":"","context":"En \u00abNACIONAL\u00bb","block_context":{"text":"NACIONAL","link":"https:\/\/politicosaldesnudo.com.mx\/index.php\/category\/nacional\/"},"img":{"alt_text":"","src":"https:\/\/i0.wp.com\/politicosaldesnudo.com.mx\/wp-content\/uploads\/2026\/08\/derribo-de-drones-con-laser-en-la-frontera-de-eeuu-con-mexico.jpg?fit=1200%2C740&ssl=1&resize=350%2C200","width":350,"height":200,"srcset":"https:\/\/i0.wp.com\/politicosaldesnudo.com.mx\/wp-content\/uploads\/2026\/08\/derribo-de-drones-con-laser-en-la-frontera-de-eeuu-con-mexico.jpg?fit=1200%2C740&ssl=1&resize=350%2C200 1x, https:\/\/i0.wp.com\/politicosaldesnudo.com.mx\/wp-content\/uploads\/2026\/08\/derribo-de-drones-con-laser-en-la-frontera-de-eeuu-con-mexico.jpg?fit=1200%2C740&ssl=1&resize=525%2C300 1.5x, https:\/\/i0.wp.com\/politicosaldesnudo.com.mx\/wp-content\/uploads\/2026\/08\/derribo-de-drones-con-laser-en-la-frontera-de-eeuu-con-mexico.jpg?fit=1200%2C740&ssl=1&resize=700%2C400 2x, https:\/\/i0.wp.com\/politicosaldesnudo.com.mx\/wp-content\/uploads\/2026\/08\/derribo-de-drones-con-laser-en-la-frontera-de-eeuu-con-mexico.jpg?fit=1200%2C740&ssl=1&resize=1050%2C600 3x"},"classes":[]}],"jetpack_sharing_enabled":true,"jetpack_featured_media_url":"https:\/\/i0.wp.com\/politicosaldesnudo.com.mx\/wp-content\/uploads\/2026\/05\/CUB.jpg?fit=1200%2C713&ssl=1","_links":{"self":[{"href":"https:\/\/politicosaldesnudo.com.mx\/index.php\/wp-json\/wp\/v2\/posts\/85324","targetHints":{"allow":["GET"]}}],"collection":[{"href":"https:\/\/politicosaldesnudo.com.mx\/index.php\/wp-json\/wp\/v2\/posts"}],"about":[{"href":"https:\/\/politicosaldesnudo.com.mx\/index.php\/wp-json\/wp\/v2\/types\/post"}],"author":[{"embeddable":true,"href":"https:\/\/politicosaldesnudo.com.mx\/index.php\/wp-json\/wp\/v2\/users\/4"}],"replies":[{"embeddable":true,"href":"https:\/\/politicosaldesnudo.com.mx\/index.php\/wp-json\/wp\/v2\/comments?post=85324"}],"version-history":[{"count":1,"href":"https:\/\/politicosaldesnudo.com.mx\/index.php\/wp-json\/wp\/v2\/posts\/85324\/revisions"}],"predecessor-version":[{"id":85326,"href":"https:\/\/politicosaldesnudo.com.mx\/index.php\/wp-json\/wp\/v2\/posts\/85324\/revisions\/85326"}],"wp:featuredmedia":[{"embeddable":true,"href":"https:\/\/politicosaldesnudo.com.mx\/index.php\/wp-json\/wp\/v2\/media\/85325"}],"wp:attachment":[{"href":"https:\/\/politicosaldesnudo.com.mx\/index.php\/wp-json\/wp\/v2\/media?parent=85324"}],"wp:term":[{"taxonomy":"category","embeddable":true,"href":"https:\/\/politicosaldesnudo.com.mx\/index.php\/wp-json\/wp\/v2\/categories?post=85324"},{"taxonomy":"post_tag","embeddable":true,"href":"https:\/\/politicosaldesnudo.com.mx\/index.php\/wp-json\/wp\/v2\/tags?post=85324"}],"curies":[{"name":"wp","href":"https:\/\/api.w.org\/{rel}","templated":true}]}}