{"id":85342,"date":"2026-06-01T00:22:51","date_gmt":"2026-06-01T06:22:51","guid":{"rendered":"https:\/\/politicosaldesnudo.com.mx\/?p=85342"},"modified":"2026-05-31T23:23:48","modified_gmt":"2026-06-01T05:23:48","slug":"el-talante-politico-de-la-presidenta-c-s-p","status":"publish","type":"post","link":"https:\/\/politicosaldesnudo.com.mx\/index.php\/2026\/06\/01\/el-talante-politico-de-la-presidenta-c-s-p\/","title":{"rendered":"El talante pol\u00edtico\u2026 de la presidenta C.S.P."},"content":{"rendered":"<p>-EJE RECTOR DE UN BUEN GOBERNANTE.<\/p>\n<p>El Talante Pol\u00edtico es la disposici\u00f3n de \u00e1nimo, la actitud y el temple frente a la realidad\u2026 Sin embargo, no es el \u00fanico EJE RECTOR PARA SER UN BUEN GOBERNANTE; debe complementarse con capacidad y reciedumbre pol\u00edtica, disposici\u00f3n al di\u00e1logo y el entendimiento frente a las diferentes fuerzas pol\u00edticas y sectores sociales, evitando la polarizaci\u00f3n\u2026 El verdadero liderazgo en el TALANTE de un gobernante, exige actuar con rectitud moral de cara a la ciudadan\u00eda\u2026 Rodearse de equipos y asesores competentes que le orienten a tomar decisiones estrat\u00e9gicas y garanticen un gobierno integral\u2026 Reconocer que la simulaci\u00f3n entendida como el acto de fingir, falsear la realidad o simular consensos y resultados, erosiona profundamente el TALANTE DEMOCRATICO, convirtiendo a la pol\u00edtica en una obra de teatro (\u00bfLas Ma\u00f1aneras de C.S.P., acaso?).<\/p>\n<p>En el sentido com\u00fan de la gente hay coincidencia en que el panorama para MORENA en 2027 est\u00e1 lejos de ser un cheque en blanco\u2026 Aunque el MOVIMIENTO mantiene una base electoral s\u00f3lida (CLASE POBRE) ya existen grietas en ella; riesgos latentes que habr\u00e1n de generar un escenario adverso en la posibilidad de no alcanzar, ni asociado, la Mayor\u00eda Calificada (2\/3as partes) en la C\u00e1mara de Diputados Federales, lo que frenar\u00eda por completo Reformas Constitucionales, a menos que negocie con la Oposici\u00f3n\u2026 Los conflictos internos ah\u00ed vienen y vislumbran una implosi\u00f3n pol\u00edtica en la unidad de MORENA\u2026 Si bien la Reforma Constitucional para no permitir la reelecci\u00f3n consecutiva y nepotismo que entrar\u00e1n en vigor hasta el 2030, en las elecciones concurrentes de Presidente de la Rep\u00fablica y el total de la composici\u00f3n del Congreso de la Uni\u00f3n, la Presidenta Claudia Sheinbaum se sostiene en que dichas circunstancias sean aplicables en el MOVIMIENTO 4T a partir de las elecciones 2027, lo que ha reafirmado de la misma manera la Dirigencia de MORENA: \u201c\u2026DEL DICHO AL HECHO HAY MUCHO TRECHO\u201d \u2026 Hay una gran diferencia entre decir algo y realmente llevarlo a cabo\u2026 Hay alerta m\u00e1xima del grupo poderoso central de MORENA, 100% af\u00edn a AMLO, pues de concretarse semejante advertencia, algunos, quiz\u00e1 muchos quedar\u00e1n relegados para no tener Curul Parlamentaria 2027-2030\u2026 Sin el TALANTE POL\u00cdTICO de la Presidenta Claudia Sheinbaum, fundamental para frenar\u00a0 el f\u00e9rreo control del Partido por parte de AMLO, es muy dudoso que se cumpla con tal advertencia a los 253 Diputados de MORENA\u2026 Les anticipa una ESQUELA; metaf\u00f3ricamente es el acto de defunci\u00f3n en su andar en la pol\u00edtica\u2026 Una declaraci\u00f3n p\u00fablica MA\u00d1ANERA que les DECRETA para muchos la forma anticipada del fin de su ambici\u00f3n pol\u00edtica\u2026 LA PRUEBA DE FUEGO EN EL TALANTE POL\u00cdTICO en cuesti\u00f3n, ser\u00e1 en las elecciones intermedias 2027, sin la figura de su predecesor AMLO\u2026 Las candidaturas y los mismos comicios medir\u00e1n su TALANTE para mantener la hegemon\u00eda de MORENA, calmar las tensiones y consolidar su propio estilo de liderazgo\u2026 Las elecciones 2027 revelar\u00e1n si la Presidenta tiene el control total sobre el MOVIMIENTO y mantener alineados a sus asociado PT\/PVEM\u2026\u00a0 La falta de apoyo, a su intensi\u00f3n, de MORENA a la Presidenta, ciertamente no la hace \u201cPOCO MANDATARIA\u201d, sin embargo, ante la opini\u00f3n p\u00fablica su autoridad pol\u00edtica real S\u00cd SE HA VISTO DISMINUIDA\u2026 Las candidaturas morenistas pueden ser un JUEGO DE PODER o de DISCIPLINA dogm\u00e1tica\u2026 Todo al tiempo, que para el caso no hay plazo \u201cque no se cumpla, ni fecha que no se llegue\u201d.<\/p>\n<p>En a\u00f1o y ocho meses de gobernanza de la Presidenta, lo que hemos podido observar son \u201cpocos claros y muchos obscuros\u201d \u2026 Esto es, m\u00e1s aspectos opacos que transparentes\u2026 M\u00e1s all\u00e1 de reconocerle su valent\u00eda para desmantelar m\u00e1s de 2500 laboratorios de FENTANILO; por cierto, realidades negadas por AMLO que lo tipifican como un MINT\u00d3MANO que se crey\u00f3 sus propias mentiras, muestras profundas de delirios de grandeza, el PREMIO MAYOR que se ocultar\u00e1 en las Ma\u00f1aneras; algunas deportaciones de \u201cnarcoterroristas\u201d, que no por voluntad de pol\u00edticas p\u00fablicas de seguridad y paz social, sino m\u00e1s bien por esa tremenda presi\u00f3n que ha venido ejerciendo el Presidente de EEUU sobre el tema de M\u00e9xico, y su estridente defensa de la Soberan\u00eda\u2026 M\u00e1s all\u00e1 de eso, no hay nada que la distinga como una Estadista, segura y dotada de un discurso elocuente, inteligente y convincente, prudente y sagaz\u2026 Entonces \u00bfSU TALANTE NO DA PARA TANTO EN LA RESPONSABILIDAD Y LIDERAZGO QUE EXIGE ALCANZAR LA PRIMERA MAGISTRATURA DE LA NACI\u00d3N?, porque una y otra y otra vez transmite una imagen de CONFRONTACI\u00d3N en lugar de capacidad de di\u00e1logo y altura de miras\u2026 El TALANTE es vital para gobernar eficazmente, pues determina si el l\u00edder, ll\u00e1mase ahora Claudia Sheinabum Pardo, puede construir consensos, mantener la estabilidad\u00a0 y generar gobernabilidad\u2026 Sin un TALANTE ADECUADO al Dirigir y conducir al pa\u00eds, las pol\u00edticas p\u00fablicas mejor dise\u00f1adas pueden fracasar debido a la polarizaci\u00f3n, el conflicto y la inconformidad social\u2026 En raz\u00f3n de gobernabilidad y legitimidad, un gobernante est\u00e1 obligado (no es a voluntad) a mostrar disposici\u00f3n al di\u00e1logo, pues con ello se fomenta la confianza p\u00fablica y se reduce la conflictividad\u2026 La legitimidad no solo se obtiene en las urnas, sino al mantener una ACTITUD ABIERTA e incluyente durante el Mandato\u2026 Las Ma\u00f1aneras de la Presidenta Sheinbaum son todo lo contrario\u2026 Un teatro con un mon\u00f3logo discurso para exculpaci\u00f3n de errores propios (4T) en la insistencia en que a ELLA le asisten todas las razones contestatarias\u2026 En la construcci\u00f3n de los acuerdos se requiere la disposici\u00f3n de la L\u00cdDER NACIONAL y la capacidad de negociar con la Oposici\u00f3n Pol\u00edtica, los Empresarios y la Sociedad Civil (Colectivos Ciudadanos, Madres Buscadoras, etc) escenarios indispensables para aprobar Leyes y Reformas estructurales, evitando la imposici\u00f3n autoritaria (Legislativa)\u2026\u00a0 El TALANTE POL\u00cdTICO requiere de la Presidenta, la empat\u00eda, la tolerancia y coherencia, las cuales constituyen un Capital Pol\u00edtico invaluable\u2026 Si la ciudadan\u00eda percibe de su Presidenta, en su TALANTE POL\u00cdTICO habilidad para gobernar solo para quienes comparten su misma visi\u00f3n ideol\u00f3gica, su proyecto de naci\u00f3n est\u00e1 destinado al fracaso\u2026 De ah\u00ed que \u201cel pueblo que manda\u201d tiene el derecho de exigir rendici\u00f3n de cuentas ciertas y transparentes, en tiempo y forma, evaluar su desempe\u00f1o y cambiar el rumbo\u2026 La Constituci\u00f3n Pol\u00edtica de la Naci\u00f3n establece y da facultades a la ciudadan\u00eda para presionar por cambios en la realidad pol\u00edtica, ajustar las cosas como deben ser, no como le gustar\u00eda a la Presidenta Claudia Sheinbaum\u2026 Finalmente, hasta ahora el TALANTE ADECUADO, \u00e9se, no da muestras en CLAUDIA SHEINBAUM PARDO como PRESIDENTA DE LA REP\u00daBLICA\u2026 \u00bfSer\u00e1 que sus conocimientos como cient\u00edfica no alcanza para el TALANTE POL\u00cdTICO?<\/p>\n<p><img data-recalc-dims=\"1\" loading=\"lazy\" decoding=\"async\" class=\"aligncenter size-full wp-image-85331\" src=\"https:\/\/i0.wp.com\/politicosaldesnudo.com.mx\/wp-content\/uploads\/2026\/05\/FIRMA-EDITORIAL-PD-5.jpg?resize=1024%2C125&#038;ssl=1\" alt=\"\" width=\"1024\" height=\"125\" srcset=\"https:\/\/i0.wp.com\/politicosaldesnudo.com.mx\/wp-content\/uploads\/2026\/05\/FIRMA-EDITORIAL-PD-5.jpg?w=1024&amp;ssl=1 1024w, https:\/\/i0.wp.com\/politicosaldesnudo.com.mx\/wp-content\/uploads\/2026\/05\/FIRMA-EDITORIAL-PD-5.jpg?resize=300%2C37&amp;ssl=1 300w, https:\/\/i0.wp.com\/politicosaldesnudo.com.mx\/wp-content\/uploads\/2026\/05\/FIRMA-EDITORIAL-PD-5.jpg?resize=768%2C94&amp;ssl=1 768w\" sizes=\"auto, (max-width: 1000px) 100vw, 1000px\" \/><\/p>\n","protected":false},"excerpt":{"rendered":"<p>-EJE RECTOR DE UN BUEN GOBERNANTE. El Talante Pol\u00edtico es la disposici\u00f3n de \u00e1nimo, la actitud y el temple frente [&hellip;]<\/p>\n","protected":false},"author":4,"featured_media":80030,"comment_status":"closed","ping_status":"closed","sticky":false,"template":"","format":"standard","meta":{"site-sidebar-layout":"default","site-content-layout":"","ast-site-content-layout":"default","site-content-style":"default","site-sidebar-style":"default","ast-global-header-display":"","ast-banner-title-visibility":"","ast-main-header-display":"","ast-hfb-above-header-display":"","ast-hfb-below-header-display":"","ast-hfb-mobile-header-display":"","site-post-title":"","ast-breadcrumbs-content":"","ast-featured-img":"","footer-sml-layout":"","ast-disable-related-posts":"","theme-transparent-header-meta":"","adv-header-id-meta":"","stick-header-meta":"","header-above-stick-meta":"","header-main-stick-meta":"","header-below-stick-meta":"","astra-migrate-meta-layouts":"default","ast-page-background-enabled":"default","ast-page-background-meta":{"desktop":{"background-color":"var(--ast-global-color-5)","background-image":"","background-repeat":"repeat","background-position":"center center","background-size":"auto","background-attachment":"scroll","background-type":"","background-media":"","overlay-type":"","overlay-color":"","overlay-opacity":"","overlay-gradient":""},"tablet":{"background-color":"","background-image":"","background-repeat":"repeat","background-position":"center center","background-size":"auto","background-attachment":"scroll","background-type":"","background-media":"","overlay-type":"","overlay-color":"","overlay-opacity":"","overlay-gradient":""},"mobile":{"background-color":"","background-image":"","background-repeat":"repeat","background-position":"center center","background-size":"auto","background-attachment":"scroll","background-type":"","background-media":"","overlay-type":"","overlay-color":"","overlay-opacity":"","overlay-gradient":""}},"ast-content-background-meta":{"desktop":{"background-color":"var(--ast-global-color-4)","background-image":"","background-repeat":"repeat","background-position":"center center","background-size":"auto","background-attachment":"scroll","background-type":"","background-media":"","overlay-type":"","overlay-color":"","overlay-opacity":"","overlay-gradient":""},"tablet":{"background-color":"var(--ast-global-color-4)","background-image":"","background-repeat":"repeat","background-position":"center center","background-size":"auto","background-attachment":"scroll","background-type":"","background-media":"","overlay-type":"","overlay-color":"","overlay-opacity":"","overlay-gradient":""},"mobile":{"background-color":"var(--ast-global-color-4)","background-image":"","background-repeat":"repeat","background-position":"center center","background-size":"auto","background-attachment":"scroll","background-type":"","background-media":"","overlay-type":"","overlay-color":"","overlay-opacity":"","overlay-gradient":""}},"_jetpack_newsletter_access":"","_jetpack_dont_email_post_to_subs":false,"_jetpack_newsletter_tier_id":0,"_jetpack_memberships_contains_paywalled_content":false,"_jetpack_feature_clip_id":0,"_jetpack_memberships_contains_paid_content":false,"footnotes":"","jetpack_publicize_message":"","jetpack_publicize_feature_enabled":true,"jetpack_social_post_already_shared":true,"jetpack_social_options":{"image_generator_settings":{"template":"highway","default_image_id":0,"font":"","enabled":false},"version":2},"jetpack_post_was_ever_published":false},"categories":[26],"tags":[],"class_list":["post-85342","post","type-post","status-publish","format-standard","has-post-thumbnail","hentry","category-columnistas"],"yoast_head":"<!-- This site is optimized with the Yoast SEO plugin v28.3 - https:\/\/yoast.com\/product\/yoast-seo-wordpress\/ -->\n<title>El talante pol\u00edtico\u2026 de la presidenta C.S.P. - Pol\u00edticos al Desnudo<\/title>\n<meta name=\"robots\" content=\"index, follow, max-snippet:-1, max-image-preview:large, max-video-preview:-1\" \/>\n<link rel=\"canonical\" href=\"https:\/\/politicosaldesnudo.com.mx\/index.php\/2026\/06\/01\/el-talante-politico-de-la-presidenta-c-s-p\/\" \/>\n<meta property=\"og:locale\" content=\"es_ES\" \/>\n<meta property=\"og:type\" content=\"article\" \/>\n<meta property=\"og:title\" content=\"El talante pol\u00edtico\u2026 de la presidenta C.S.P. - Pol\u00edticos al Desnudo\" \/>\n<meta property=\"og:description\" content=\"-EJE RECTOR DE UN BUEN GOBERNANTE. El Talante Pol\u00edtico es la disposici\u00f3n de \u00e1nimo, la actitud y el temple frente [&hellip;]\" \/>\n<meta property=\"og:url\" content=\"https:\/\/politicosaldesnudo.com.mx\/index.php\/2026\/06\/01\/el-talante-politico-de-la-presidenta-c-s-p\/\" \/>\n<meta property=\"og:site_name\" content=\"Pol\u00edticos al Desnudo\" \/>\n<meta property=\"article:publisher\" content=\"https:\/\/www.facebook.com\/PoliticosAD\" \/>\n<meta property=\"article:published_time\" content=\"2026-06-01T06:22:51+00:00\" \/>\n<meta property=\"og:image\" content=\"https:\/\/i0.wp.com\/politicosaldesnudo.com.mx\/wp-content\/uploads\/2026\/02\/CARLOS-SILVA-1.jpg?fit=800%2C445&ssl=1\" \/>\n\t<meta property=\"og:image:width\" content=\"800\" \/>\n\t<meta property=\"og:image:height\" content=\"445\" \/>\n\t<meta property=\"og:image:type\" content=\"image\/jpeg\" \/>\n<meta name=\"author\" content=\"Redacci\u00f3n Pol\u00edticos\" \/>\n<meta name=\"twitter:card\" content=\"summary_large_image\" \/>\n<meta name=\"twitter:label1\" content=\"Escrito por\" \/>\n\t<meta name=\"twitter:data1\" content=\"Redacci\u00f3n Pol\u00edticos\" \/>\n\t<meta name=\"twitter:label2\" content=\"Tiempo de lectura\" \/>\n\t<meta name=\"twitter:data2\" content=\"6 minutos\" \/>\n<script type=\"application\/ld+json\" class=\"yoast-schema-graph\">{\"@context\":\"https:\\\/\\\/schema.org\",\"@graph\":[{\"@type\":\"Article\",\"@id\":\"https:\\\/\\\/politicosaldesnudo.com.mx\\\/index.php\\\/2026\\\/06\\\/01\\\/el-talante-politico-de-la-presidenta-c-s-p\\\/#article\",\"isPartOf\":{\"@id\":\"https:\\\/\\\/politicosaldesnudo.com.mx\\\/index.php\\\/2026\\\/06\\\/01\\\/el-talante-politico-de-la-presidenta-c-s-p\\\/\"},\"author\":{\"name\":\"Redacci\u00f3n Pol\u00edticos\",\"@id\":\"https:\\\/\\\/politicosaldesnudo.com.mx\\\/#\\\/schema\\\/person\\\/ef3a64e561cc3f3f5dc52fab81adde7e\"},\"headline\":\"El talante pol\u00edtico\u2026 de la presidenta C.S.P.\",\"datePublished\":\"2026-06-01T06:22:51+00:00\",\"mainEntityOfPage\":{\"@id\":\"https:\\\/\\\/politicosaldesnudo.com.mx\\\/index.php\\\/2026\\\/06\\\/01\\\/el-talante-politico-de-la-presidenta-c-s-p\\\/\"},\"wordCount\":1189,\"publisher\":{\"@id\":\"https:\\\/\\\/politicosaldesnudo.com.mx\\\/#organization\"},\"image\":{\"@id\":\"https:\\\/\\\/politicosaldesnudo.com.mx\\\/index.php\\\/2026\\\/06\\\/01\\\/el-talante-politico-de-la-presidenta-c-s-p\\\/#primaryimage\"},\"thumbnailUrl\":\"https:\\\/\\\/i0.wp.com\\\/politicosaldesnudo.com.mx\\\/wp-content\\\/uploads\\\/2026\\\/02\\\/CARLOS-SILVA-1.jpg?fit=800%2C445&ssl=1\",\"articleSection\":[\"OPINI\u00d3N\"],\"inLanguage\":\"es\"},{\"@type\":\"WebPage\",\"@id\":\"https:\\\/\\\/politicosaldesnudo.com.mx\\\/index.php\\\/2026\\\/06\\\/01\\\/el-talante-politico-de-la-presidenta-c-s-p\\\/\",\"url\":\"https:\\\/\\\/politicosaldesnudo.com.mx\\\/index.php\\\/2026\\\/06\\\/01\\\/el-talante-politico-de-la-presidenta-c-s-p\\\/\",\"name\":\"El talante pol\u00edtico\u2026 de la presidenta C.S.P. - Pol\u00edticos al Desnudo\",\"isPartOf\":{\"@id\":\"https:\\\/\\\/politicosaldesnudo.com.mx\\\/#website\"},\"primaryImageOfPage\":{\"@id\":\"https:\\\/\\\/politicosaldesnudo.com.mx\\\/index.php\\\/2026\\\/06\\\/01\\\/el-talante-politico-de-la-presidenta-c-s-p\\\/#primaryimage\"},\"image\":{\"@id\":\"https:\\\/\\\/politicosaldesnudo.com.mx\\\/index.php\\\/2026\\\/06\\\/01\\\/el-talante-politico-de-la-presidenta-c-s-p\\\/#primaryimage\"},\"thumbnailUrl\":\"https:\\\/\\\/i0.wp.com\\\/politicosaldesnudo.com.mx\\\/wp-content\\\/uploads\\\/2026\\\/02\\\/CARLOS-SILVA-1.jpg?fit=800%2C445&ssl=1\",\"datePublished\":\"2026-06-01T06:22:51+00:00\",\"breadcrumb\":{\"@id\":\"https:\\\/\\\/politicosaldesnudo.com.mx\\\/index.php\\\/2026\\\/06\\\/01\\\/el-talante-politico-de-la-presidenta-c-s-p\\\/#breadcrumb\"},\"inLanguage\":\"es\",\"potentialAction\":[{\"@type\":\"ReadAction\",\"target\":[\"https:\\\/\\\/politicosaldesnudo.com.mx\\\/index.php\\\/2026\\\/06\\\/01\\\/el-talante-politico-de-la-presidenta-c-s-p\\\/\"]}]},{\"@type\":\"ImageObject\",\"inLanguage\":\"es\",\"@id\":\"https:\\\/\\\/politicosaldesnudo.com.mx\\\/index.php\\\/2026\\\/06\\\/01\\\/el-talante-politico-de-la-presidenta-c-s-p\\\/#primaryimage\",\"url\":\"https:\\\/\\\/i0.wp.com\\\/politicosaldesnudo.com.mx\\\/wp-content\\\/uploads\\\/2026\\\/02\\\/CARLOS-SILVA-1.jpg?fit=800%2C445&ssl=1\",\"contentUrl\":\"https:\\\/\\\/i0.wp.com\\\/politicosaldesnudo.com.mx\\\/wp-content\\\/uploads\\\/2026\\\/02\\\/CARLOS-SILVA-1.jpg?fit=800%2C445&ssl=1\",\"width\":800,\"height\":445},{\"@type\":\"BreadcrumbList\",\"@id\":\"https:\\\/\\\/politicosaldesnudo.com.mx\\\/index.php\\\/2026\\\/06\\\/01\\\/el-talante-politico-de-la-presidenta-c-s-p\\\/#breadcrumb\",\"itemListElement\":[{\"@type\":\"ListItem\",\"position\":1,\"name\":\"Portada\",\"item\":\"https:\\\/\\\/politicosaldesnudo.com.mx\\\/\"},{\"@type\":\"ListItem\",\"position\":2,\"name\":\"El talante pol\u00edtico\u2026 de la presidenta C.S.P.\"}]},{\"@type\":\"WebSite\",\"@id\":\"https:\\\/\\\/politicosaldesnudo.com.mx\\\/#website\",\"url\":\"https:\\\/\\\/politicosaldesnudo.com.mx\\\/\",\"name\":\"Pol\u00edticos al Desnudo\",\"description\":\"\",\"publisher\":{\"@id\":\"https:\\\/\\\/politicosaldesnudo.com.mx\\\/#organization\"},\"potentialAction\":[{\"@type\":\"SearchAction\",\"target\":{\"@type\":\"EntryPoint\",\"urlTemplate\":\"https:\\\/\\\/politicosaldesnudo.com.mx\\\/?s={search_term_string}\"},\"query-input\":{\"@type\":\"PropertyValueSpecification\",\"valueRequired\":true,\"valueName\":\"search_term_string\"}}],\"inLanguage\":\"es\"},{\"@type\":\"Organization\",\"@id\":\"https:\\\/\\\/politicosaldesnudo.com.mx\\\/#organization\",\"name\":\"Pol\u00edticos al Desnudo\",\"url\":\"https:\\\/\\\/politicosaldesnudo.com.mx\\\/\",\"logo\":{\"@type\":\"ImageObject\",\"inLanguage\":\"es\",\"@id\":\"https:\\\/\\\/politicosaldesnudo.com.mx\\\/#\\\/schema\\\/logo\\\/image\\\/\",\"url\":\"https:\\\/\\\/i0.wp.com\\\/politicosaldesnudo.com.mx\\\/wp-content\\\/uploads\\\/2026\\\/08\\\/cropped-logo.webp?fit=400%2C126&ssl=1\",\"contentUrl\":\"https:\\\/\\\/i0.wp.com\\\/politicosaldesnudo.com.mx\\\/wp-content\\\/uploads\\\/2026\\\/08\\\/cropped-logo.webp?fit=400%2C126&ssl=1\",\"width\":400,\"height\":126,\"caption\":\"Pol\u00edticos al Desnudo\"},\"image\":{\"@id\":\"https:\\\/\\\/politicosaldesnudo.com.mx\\\/#\\\/schema\\\/logo\\\/image\\\/\"},\"sameAs\":[\"https:\\\/\\\/www.facebook.com\\\/PoliticosAD\"]},{\"@type\":\"Person\",\"@id\":\"https:\\\/\\\/politicosaldesnudo.com.mx\\\/#\\\/schema\\\/person\\\/ef3a64e561cc3f3f5dc52fab81adde7e\",\"name\":\"Redacci\u00f3n Pol\u00edticos\",\"url\":\"https:\\\/\\\/politicosaldesnudo.com.mx\\\/index.php\\\/author\\\/redaccion-politicos\\\/\"}]}<\/script>\n<!-- \/ Yoast SEO plugin. -->","yoast_head_json":{"title":"El talante pol\u00edtico\u2026 de la presidenta C.S.P. - Pol\u00edticos al Desnudo","robots":{"index":"index","follow":"follow","max-snippet":"max-snippet:-1","max-image-preview":"max-image-preview:large","max-video-preview":"max-video-preview:-1"},"canonical":"https:\/\/politicosaldesnudo.com.mx\/index.php\/2026\/06\/01\/el-talante-politico-de-la-presidenta-c-s-p\/","og_locale":"es_ES","og_type":"article","og_title":"El talante pol\u00edtico\u2026 de la presidenta C.S.P. - Pol\u00edticos al Desnudo","og_description":"-EJE RECTOR DE UN BUEN GOBERNANTE. El Talante Pol\u00edtico es la disposici\u00f3n de \u00e1nimo, la actitud y el temple frente [&hellip;]","og_url":"https:\/\/politicosaldesnudo.com.mx\/index.php\/2026\/06\/01\/el-talante-politico-de-la-presidenta-c-s-p\/","og_site_name":"Pol\u00edticos al Desnudo","article_publisher":"https:\/\/www.facebook.com\/PoliticosAD","article_published_time":"2026-06-01T06:22:51+00:00","og_image":[{"width":800,"height":445,"url":"https:\/\/i0.wp.com\/politicosaldesnudo.com.mx\/wp-content\/uploads\/2026\/02\/CARLOS-SILVA-1.jpg?fit=800%2C445&ssl=1","type":"image\/jpeg"}],"author":"Redacci\u00f3n Pol\u00edticos","twitter_card":"summary_large_image","twitter_misc":{"Escrito por":"Redacci\u00f3n Pol\u00edticos","Tiempo de lectura":"6 minutos"},"schema":{"@context":"https:\/\/schema.org","@graph":[{"@type":"Article","@id":"https:\/\/politicosaldesnudo.com.mx\/index.php\/2026\/06\/01\/el-talante-politico-de-la-presidenta-c-s-p\/#article","isPartOf":{"@id":"https:\/\/politicosaldesnudo.com.mx\/index.php\/2026\/06\/01\/el-talante-politico-de-la-presidenta-c-s-p\/"},"author":{"name":"Redacci\u00f3n Pol\u00edticos","@id":"https:\/\/politicosaldesnudo.com.mx\/#\/schema\/person\/ef3a64e561cc3f3f5dc52fab81adde7e"},"headline":"El talante pol\u00edtico\u2026 de la presidenta C.S.P.","datePublished":"2026-06-01T06:22:51+00:00","mainEntityOfPage":{"@id":"https:\/\/politicosaldesnudo.com.mx\/index.php\/2026\/06\/01\/el-talante-politico-de-la-presidenta-c-s-p\/"},"wordCount":1189,"publisher":{"@id":"https:\/\/politicosaldesnudo.com.mx\/#organization"},"image":{"@id":"https:\/\/politicosaldesnudo.com.mx\/index.php\/2026\/06\/01\/el-talante-politico-de-la-presidenta-c-s-p\/#primaryimage"},"thumbnailUrl":"https:\/\/i0.wp.com\/politicosaldesnudo.com.mx\/wp-content\/uploads\/2026\/02\/CARLOS-SILVA-1.jpg?fit=800%2C445&ssl=1","articleSection":["OPINI\u00d3N"],"inLanguage":"es"},{"@type":"WebPage","@id":"https:\/\/politicosaldesnudo.com.mx\/index.php\/2026\/06\/01\/el-talante-politico-de-la-presidenta-c-s-p\/","url":"https:\/\/politicosaldesnudo.com.mx\/index.php\/2026\/06\/01\/el-talante-politico-de-la-presidenta-c-s-p\/","name":"El talante pol\u00edtico\u2026 de la presidenta C.S.P. - Pol\u00edticos al Desnudo","isPartOf":{"@id":"https:\/\/politicosaldesnudo.com.mx\/#website"},"primaryImageOfPage":{"@id":"https:\/\/politicosaldesnudo.com.mx\/index.php\/2026\/06\/01\/el-talante-politico-de-la-presidenta-c-s-p\/#primaryimage"},"image":{"@id":"https:\/\/politicosaldesnudo.com.mx\/index.php\/2026\/06\/01\/el-talante-politico-de-la-presidenta-c-s-p\/#primaryimage"},"thumbnailUrl":"https:\/\/i0.wp.com\/politicosaldesnudo.com.mx\/wp-content\/uploads\/2026\/02\/CARLOS-SILVA-1.jpg?fit=800%2C445&ssl=1","datePublished":"2026-06-01T06:22:51+00:00","breadcrumb":{"@id":"https:\/\/politicosaldesnudo.com.mx\/index.php\/2026\/06\/01\/el-talante-politico-de-la-presidenta-c-s-p\/#breadcrumb"},"inLanguage":"es","potentialAction":[{"@type":"ReadAction","target":["https:\/\/politicosaldesnudo.com.mx\/index.php\/2026\/06\/01\/el-talante-politico-de-la-presidenta-c-s-p\/"]}]},{"@type":"ImageObject","inLanguage":"es","@id":"https:\/\/politicosaldesnudo.com.mx\/index.php\/2026\/06\/01\/el-talante-politico-de-la-presidenta-c-s-p\/#primaryimage","url":"https:\/\/i0.wp.com\/politicosaldesnudo.com.mx\/wp-content\/uploads\/2026\/02\/CARLOS-SILVA-1.jpg?fit=800%2C445&ssl=1","contentUrl":"https:\/\/i0.wp.com\/politicosaldesnudo.com.mx\/wp-content\/uploads\/2026\/02\/CARLOS-SILVA-1.jpg?fit=800%2C445&ssl=1","width":800,"height":445},{"@type":"BreadcrumbList","@id":"https:\/\/politicosaldesnudo.com.mx\/index.php\/2026\/06\/01\/el-talante-politico-de-la-presidenta-c-s-p\/#breadcrumb","itemListElement":[{"@type":"ListItem","position":1,"name":"Portada","item":"https:\/\/politicosaldesnudo.com.mx\/"},{"@type":"ListItem","position":2,"name":"El talante pol\u00edtico\u2026 de la presidenta C.S.P."}]},{"@type":"WebSite","@id":"https:\/\/politicosaldesnudo.com.mx\/#website","url":"https:\/\/politicosaldesnudo.com.mx\/","name":"Pol\u00edticos al Desnudo","description":"","publisher":{"@id":"https:\/\/politicosaldesnudo.com.mx\/#organization"},"potentialAction":[{"@type":"SearchAction","target":{"@type":"EntryPoint","urlTemplate":"https:\/\/politicosaldesnudo.com.mx\/?s={search_term_string}"},"query-input":{"@type":"PropertyValueSpecification","valueRequired":true,"valueName":"search_term_string"}}],"inLanguage":"es"},{"@type":"Organization","@id":"https:\/\/politicosaldesnudo.com.mx\/#organization","name":"Pol\u00edticos al Desnudo","url":"https:\/\/politicosaldesnudo.com.mx\/","logo":{"@type":"ImageObject","inLanguage":"es","@id":"https:\/\/politicosaldesnudo.com.mx\/#\/schema\/logo\/image\/","url":"https:\/\/i0.wp.com\/politicosaldesnudo.com.mx\/wp-content\/uploads\/2026\/08\/cropped-logo.webp?fit=400%2C126&ssl=1","contentUrl":"https:\/\/i0.wp.com\/politicosaldesnudo.com.mx\/wp-content\/uploads\/2026\/08\/cropped-logo.webp?fit=400%2C126&ssl=1","width":400,"height":126,"caption":"Pol\u00edticos al Desnudo"},"image":{"@id":"https:\/\/politicosaldesnudo.com.mx\/#\/schema\/logo\/image\/"},"sameAs":["https:\/\/www.facebook.com\/PoliticosAD"]},{"@type":"Person","@id":"https:\/\/politicosaldesnudo.com.mx\/#\/schema\/person\/ef3a64e561cc3f3f5dc52fab81adde7e","name":"Redacci\u00f3n Pol\u00edticos","url":"https:\/\/politicosaldesnudo.com.mx\/index.php\/author\/redaccion-politicos\/"}]}},"jetpack_publicize_connections":[],"jetpack-related-posts":[{"id":87957,"url":"https:\/\/politicosaldesnudo.com.mx\/index.php\/2026\/08\/21\/morena-rompe-filas-con-rocha-moya-y-respalda-a-sheinbaum\/","url_meta":{"origin":85342,"position":0},"title":"Morena rompe filas con Rocha Moya y respalda a Sheinbaum","author":"Redacci\u00f3n Pol\u00edticos","date":"21 de agosto de 2026","format":false,"excerpt":"Rub\u00e9n Rocha Moya regres\u00f3 a la gubernatura de Sinaloa, pero la bienvenida estuvo lejos de ser c\u00e1lida. Apenas unas horas despu\u00e9s de anunciar su reincorporaci\u00f3n, 23 gobernadoras y gobernadores vinculados a la Cuarta Transformaci\u00f3n marcaron distancia de su decisi\u00f3n y cerraron filas con la presidenta Claudia Sheinbaum. En un pronunciamiento\u2026","rel":"","context":"En \u00abNACIONAL\u00bb","block_context":{"text":"NACIONAL","link":"https:\/\/politicosaldesnudo.com.mx\/index.php\/category\/nacional\/"},"img":{"alt_text":"","src":"https:\/\/i0.wp.com\/politicosaldesnudo.com.mx\/wp-content\/uploads\/2026\/08\/whatsapp-image-2026-02-27-at-74507-am-bcb617ec-focus-0-0-966-544.webp?fit=966%2C544&ssl=1&resize=350%2C200","width":350,"height":200,"srcset":"https:\/\/i0.wp.com\/politicosaldesnudo.com.mx\/wp-content\/uploads\/2026\/08\/whatsapp-image-2026-02-27-at-74507-am-bcb617ec-focus-0-0-966-544.webp?fit=966%2C544&ssl=1&resize=350%2C200 1x, https:\/\/i0.wp.com\/politicosaldesnudo.com.mx\/wp-content\/uploads\/2026\/08\/whatsapp-image-2026-02-27-at-74507-am-bcb617ec-focus-0-0-966-544.webp?fit=966%2C544&ssl=1&resize=525%2C300 1.5x, https:\/\/i0.wp.com\/politicosaldesnudo.com.mx\/wp-content\/uploads\/2026\/08\/whatsapp-image-2026-02-27-at-74507-am-bcb617ec-focus-0-0-966-544.webp?fit=966%2C544&ssl=1&resize=700%2C400 2x"},"classes":[]},{"id":88094,"url":"https:\/\/politicosaldesnudo.com.mx\/index.php\/2026\/08\/27\/mexico-vs-la-narco-politica\/","url_meta":{"origin":85342,"position":1},"title":"M\u00e9xico Vs. la narco-pol\u00edtica","author":"Redacci\u00f3n Pol\u00edticos","date":"27 de agosto de 2026","format":false,"excerpt":"Por: Lic. Alberto Woolrich Ortiz Unas cuantas semanas m\u00e1s y habr\u00e1 concluido la historia de la impunidad concedida a la narco-pol\u00edtica, toda vez que ya se sabe qui\u00e9n es el verdadero responsable de la creaci\u00f3n de ese fen\u00f3meno que enturbi\u00f3 los destinos de M\u00e9xico y que s\u00f3lo arroj\u00f3 confusi\u00f3n, descr\u00e9dito\u2026","rel":"","context":"En \u00abOPINI\u00d3N\u00bb","block_context":{"text":"OPINI\u00d3N","link":"https:\/\/politicosaldesnudo.com.mx\/index.php\/category\/columnistas\/"},"img":{"alt_text":"","src":"https:\/\/i0.wp.com\/politicosaldesnudo.com.mx\/wp-content\/uploads\/2026\/08\/woolrich-2708-scaled.png?fit=1200%2C659&ssl=1&resize=350%2C200","width":350,"height":200,"srcset":"https:\/\/i0.wp.com\/politicosaldesnudo.com.mx\/wp-content\/uploads\/2026\/08\/woolrich-2708-scaled.png?fit=1200%2C659&ssl=1&resize=350%2C200 1x, https:\/\/i0.wp.com\/politicosaldesnudo.com.mx\/wp-content\/uploads\/2026\/08\/woolrich-2708-scaled.png?fit=1200%2C659&ssl=1&resize=525%2C300 1.5x, https:\/\/i0.wp.com\/politicosaldesnudo.com.mx\/wp-content\/uploads\/2026\/08\/woolrich-2708-scaled.png?fit=1200%2C659&ssl=1&resize=700%2C400 2x, https:\/\/i0.wp.com\/politicosaldesnudo.com.mx\/wp-content\/uploads\/2026\/08\/woolrich-2708-scaled.png?fit=1200%2C659&ssl=1&resize=1050%2C600 3x"},"classes":[]},{"id":88035,"url":"https:\/\/politicosaldesnudo.com.mx\/index.php\/2026\/08\/24\/rocha-moya-recula-ante-sheinbaum\/","url_meta":{"origin":85342,"position":2},"title":"Rocha Moya recula ante Sheinbaum","author":"Redacci\u00f3n Pol\u00edticos","date":"24 de agosto de 2026","format":false,"excerpt":"ALMA GRANDE POR \u00c1NGEL \u00c1LVARO PE\u00d1A Sinaloa vuelve a colocarse en el centro de la discusi\u00f3n pol\u00edtica nacional luego de que Rub\u00e9n Rocha Moya solicitara nuevamente licencia al cargo de gobernador, ahora por tiempo indefinido, apenas un d\u00eda despu\u00e9s de haber retomado sus funciones. La decisi\u00f3n ocurre despu\u00e9s del llamado\u2026","rel":"","context":"En \u00abOPINI\u00d3N\u00bb","block_context":{"text":"OPINI\u00d3N","link":"https:\/\/politicosaldesnudo.com.mx\/index.php\/category\/columnistas\/"},"img":{"alt_text":"","src":"https:\/\/i0.wp.com\/politicosaldesnudo.com.mx\/wp-content\/uploads\/2026\/08\/AG-2408-scaled.png?fit=1200%2C659&ssl=1&resize=350%2C200","width":350,"height":200,"srcset":"https:\/\/i0.wp.com\/politicosaldesnudo.com.mx\/wp-content\/uploads\/2026\/08\/AG-2408-scaled.png?fit=1200%2C659&ssl=1&resize=350%2C200 1x, https:\/\/i0.wp.com\/politicosaldesnudo.com.mx\/wp-content\/uploads\/2026\/08\/AG-2408-scaled.png?fit=1200%2C659&ssl=1&resize=525%2C300 1.5x, https:\/\/i0.wp.com\/politicosaldesnudo.com.mx\/wp-content\/uploads\/2026\/08\/AG-2408-scaled.png?fit=1200%2C659&ssl=1&resize=700%2C400 2x, https:\/\/i0.wp.com\/politicosaldesnudo.com.mx\/wp-content\/uploads\/2026\/08\/AG-2408-scaled.png?fit=1200%2C659&ssl=1&resize=1050%2C600 3x"},"classes":[]},{"id":88010,"url":"https:\/\/politicosaldesnudo.com.mx\/index.php\/2026\/08\/24\/la-soberbia-institucional-como-antesala-del-castigo-electoral\/","url_meta":{"origin":85342,"position":3},"title":"La soberbia institucional como antesala del castigo electoral","author":"Redacci\u00f3n Pol\u00edticos","date":"24 de agosto de 2026","format":false,"excerpt":"Una Opini\u00f3n Alternativa. Un an\u00e1lisis de la Antipat\u00eda pol\u00edtica de la Presidenta Claudia Sheinbaum ante la Clase Media. Por. Carlos O. Silva Bandala. DESGASTE EN LA CIMA\u2026 APROVACION DE LA PRESIDENTA SHEINBAUM: 2025-80%... 2026\u201359%... 21% MENOS. MORENA: PREFERENCIA EN INTENCION DE VOTO 34%-2026. En Psicolog\u00eda, la ANTIPAT\u00cdA no es simplemente\u2026","rel":"","context":"En \u00abOPINI\u00d3N\u00bb","block_context":{"text":"OPINI\u00d3N","link":"https:\/\/politicosaldesnudo.com.mx\/index.php\/category\/columnistas\/"},"img":{"alt_text":"","src":"https:\/\/i0.wp.com\/politicosaldesnudo.com.mx\/wp-content\/uploads\/2026\/08\/silva-2408-scaled.png?fit=1200%2C659&ssl=1&resize=350%2C200","width":350,"height":200,"srcset":"https:\/\/i0.wp.com\/politicosaldesnudo.com.mx\/wp-content\/uploads\/2026\/08\/silva-2408-scaled.png?fit=1200%2C659&ssl=1&resize=350%2C200 1x, https:\/\/i0.wp.com\/politicosaldesnudo.com.mx\/wp-content\/uploads\/2026\/08\/silva-2408-scaled.png?fit=1200%2C659&ssl=1&resize=525%2C300 1.5x, https:\/\/i0.wp.com\/politicosaldesnudo.com.mx\/wp-content\/uploads\/2026\/08\/silva-2408-scaled.png?fit=1200%2C659&ssl=1&resize=700%2C400 2x, https:\/\/i0.wp.com\/politicosaldesnudo.com.mx\/wp-content\/uploads\/2026\/08\/silva-2408-scaled.png?fit=1200%2C659&ssl=1&resize=1050%2C600 3x"},"classes":[]},{"id":88112,"url":"https:\/\/politicosaldesnudo.com.mx\/index.php\/2026\/08\/27\/veracruz-los-numeros-que-incomodan-a-la-oposicion\/","url_meta":{"origin":85342,"position":4},"title":"Veracruz: los n\u00fameros que incomodan a la oposici\u00f3n","author":"Redacci\u00f3n Pol\u00edticos","date":"27 de agosto de 2026","format":false,"excerpt":"Astrolabio Pol\u00edtico Por: Luis Ram\u00edrez Baqueiro \u201cEl genio comienza las grandes obras, pero s\u00f3lo el trabajo las acaba\u201d. \u2013 Joseph Joubert. Hay cifras que deber\u00edan obligar a cualquier oposici\u00f3n seria a replantear su discurso. No porque los n\u00fameros oficiales sean inmunes al an\u00e1lisis o porque todo indicador positivo deba convertirse\u2026","rel":"","context":"En \u00abOPINI\u00d3N\u00bb","block_context":{"text":"OPINI\u00d3N","link":"https:\/\/politicosaldesnudo.com.mx\/index.php\/category\/columnistas\/"},"img":{"alt_text":"","src":"https:\/\/i0.wp.com\/politicosaldesnudo.com.mx\/wp-content\/uploads\/2026\/08\/BAQUE-2708.png?fit=1200%2C658&ssl=1&resize=350%2C200","width":350,"height":200,"srcset":"https:\/\/i0.wp.com\/politicosaldesnudo.com.mx\/wp-content\/uploads\/2026\/08\/BAQUE-2708.png?fit=1200%2C658&ssl=1&resize=350%2C200 1x, https:\/\/i0.wp.com\/politicosaldesnudo.com.mx\/wp-content\/uploads\/2026\/08\/BAQUE-2708.png?fit=1200%2C658&ssl=1&resize=525%2C300 1.5x, https:\/\/i0.wp.com\/politicosaldesnudo.com.mx\/wp-content\/uploads\/2026\/08\/BAQUE-2708.png?fit=1200%2C658&ssl=1&resize=700%2C400 2x, https:\/\/i0.wp.com\/politicosaldesnudo.com.mx\/wp-content\/uploads\/2026\/08\/BAQUE-2708.png?fit=1200%2C658&ssl=1&resize=1050%2C600 3x"},"classes":[]},{"id":87686,"url":"https:\/\/politicosaldesnudo.com.mx\/index.php\/2026\/08\/12\/notas-al-viento\/","url_meta":{"origin":85342,"position":5},"title":"Notas al viento","author":"Redacci\u00f3n Pol\u00edticos","date":"12 de agosto de 2026","format":false,"excerpt":"Por: Lic. Alberto Woolrich Ortiz. Son muchos los que piensan y dicen que el Movimiento de Regeneraci\u00f3n Nacional en la actualidad se encuentra relacionado con las malas pr\u00e1cticas de la ciencia pol\u00edtica y, a menudo a los seguidores se les considera ingenuos, cuando menos, por ser c\u00e1ndidos al considerar que\u2026","rel":"","context":"En \u00abOPINI\u00d3N\u00bb","block_context":{"text":"OPINI\u00d3N","link":"https:\/\/politicosaldesnudo.com.mx\/index.php\/category\/columnistas\/"},"img":{"alt_text":"","src":"https:\/\/i0.wp.com\/politicosaldesnudo.com.mx\/wp-content\/uploads\/2026\/08\/WOOLRICH-120826.png?fit=1200%2C658&ssl=1&resize=350%2C200","width":350,"height":200,"srcset":"https:\/\/i0.wp.com\/politicosaldesnudo.com.mx\/wp-content\/uploads\/2026\/08\/WOOLRICH-120826.png?fit=1200%2C658&ssl=1&resize=350%2C200 1x, https:\/\/i0.wp.com\/politicosaldesnudo.com.mx\/wp-content\/uploads\/2026\/08\/WOOLRICH-120826.png?fit=1200%2C658&ssl=1&resize=525%2C300 1.5x, https:\/\/i0.wp.com\/politicosaldesnudo.com.mx\/wp-content\/uploads\/2026\/08\/WOOLRICH-120826.png?fit=1200%2C658&ssl=1&resize=700%2C400 2x, https:\/\/i0.wp.com\/politicosaldesnudo.com.mx\/wp-content\/uploads\/2026\/08\/WOOLRICH-120826.png?fit=1200%2C658&ssl=1&resize=1050%2C600 3x"},"classes":[]}],"jetpack_sharing_enabled":true,"jetpack_featured_media_url":"https:\/\/i0.wp.com\/politicosaldesnudo.com.mx\/wp-content\/uploads\/2026\/02\/CARLOS-SILVA-1.jpg?fit=800%2C445&ssl=1","_links":{"self":[{"href":"https:\/\/politicosaldesnudo.com.mx\/index.php\/wp-json\/wp\/v2\/posts\/85342","targetHints":{"allow":["GET"]}}],"collection":[{"href":"https:\/\/politicosaldesnudo.com.mx\/index.php\/wp-json\/wp\/v2\/posts"}],"about":[{"href":"https:\/\/politicosaldesnudo.com.mx\/index.php\/wp-json\/wp\/v2\/types\/post"}],"author":[{"embeddable":true,"href":"https:\/\/politicosaldesnudo.com.mx\/index.php\/wp-json\/wp\/v2\/users\/4"}],"replies":[{"embeddable":true,"href":"https:\/\/politicosaldesnudo.com.mx\/index.php\/wp-json\/wp\/v2\/comments?post=85342"}],"version-history":[{"count":1,"href":"https:\/\/politicosaldesnudo.com.mx\/index.php\/wp-json\/wp\/v2\/posts\/85342\/revisions"}],"predecessor-version":[{"id":85343,"href":"https:\/\/politicosaldesnudo.com.mx\/index.php\/wp-json\/wp\/v2\/posts\/85342\/revisions\/85343"}],"wp:featuredmedia":[{"embeddable":true,"href":"https:\/\/politicosaldesnudo.com.mx\/index.php\/wp-json\/wp\/v2\/media\/80030"}],"wp:attachment":[{"href":"https:\/\/politicosaldesnudo.com.mx\/index.php\/wp-json\/wp\/v2\/media?parent=85342"}],"wp:term":[{"taxonomy":"category","embeddable":true,"href":"https:\/\/politicosaldesnudo.com.mx\/index.php\/wp-json\/wp\/v2\/categories?post=85342"},{"taxonomy":"post_tag","embeddable":true,"href":"https:\/\/politicosaldesnudo.com.mx\/index.php\/wp-json\/wp\/v2\/tags?post=85342"}],"curies":[{"name":"wp","href":"https:\/\/api.w.org\/{rel}","templated":true}]}}