{"id":85347,"date":"2026-06-01T00:24:51","date_gmt":"2026-06-01T06:24:51","guid":{"rendered":"https:\/\/politicosaldesnudo.com.mx\/?p=85347"},"modified":"2026-05-31T23:28:03","modified_gmt":"2026-06-01T05:28:03","slug":"el-ataud-de-la-democracia","status":"publish","type":"post","link":"https:\/\/politicosaldesnudo.com.mx\/index.php\/2026\/06\/01\/el-ataud-de-la-democracia\/","title":{"rendered":"El ata\u00fad de la democracia"},"content":{"rendered":"<p>Las reformas legales y constitucionales recientemente aprobadas en la C\u00e1mara de Diputados \u2014y que tendr\u00e1n el mismo derrotero en el Senado\u2014 son parte de una pinza cuidadosamente dise\u00f1ada para cerrar e incluso clausurar cualquier margen de acci\u00f3n ciudadana independiente y devolver al r\u00e9gimen la capacidad de manipular, anular y controlar elecciones a su antojo, como anta\u00f1o, en las \u00e9pocas \u201cdoradas\u201d del PRI.<\/p>\n<p>El primer filo de esta pinza es la facultad pr\u00e1cticamente discrecional para anular elecciones. Bajo el discurso de \u201ccombatir la injerencia extranjera\u201d o \u201cgarantizar la limpieza democr\u00e1tica\u201d, se introducen mecanismos que permiten a las autoridades electorales \u2014ahora colonizadas por consejeros y magistrados afines al morenato\u2014 invalidar procesos completos con criterios vagos y subjetivos. La consecuencia es devastadora: cualquier resultado inc\u00f3modo para el r\u00e9gimen puede borrarse de un plumazo, reconfigurando la l\u00f3gica del \u201csi no gano, arrebato\u201d que caracteriz\u00f3 al viejo priismo y que se reinstal\u00f3 de manera pedestre desde el arribo del obradorato al poder.<\/p>\n<p>Aunque en el transcurso de este jueves el autor de esta trampa, el diputado morenista Ricardo Monreal, termin\u00f3 retirando la enmienda de nulidad electoral por \u201cinjerencia extranjera\u201d para que no fuese enviada al Senado, no lo hizo como un acto de contrici\u00f3n y mucho menos de convicci\u00f3n democr\u00e1tica, sino por un asunto m\u00e1s mundano: ya no les da tiempo de aprobar la legislaci\u00f3n secundaria, por lo que, al menos para el proceso electoral de 2027, no se aplicar\u00eda tal cual. Aunque eso tampoco es del todo cierto.<\/p>\n<p>De acuerdo con la abogada Mariana Calder\u00f3n, integrante del Consejo Nacional de Litigio Estrat\u00e9gico, no es necesario aprobar la iniciativa de reforma legal, ya que \u201cnada va a detener al Tribunal Electoral de aplicar la causal directamente. Los alcances de lo que se entiende por \u2018intervenci\u00f3n extranjera\u2019 ser\u00e1n definidos por los magistrados a los que les acaban de permitir poder extender su cargo hasta 17 a\u00f1os (as\u00ed que todo controlado)\u201d.<\/p>\n<p>Es ese, precisamente, el otro filo de la pinza: el control absoluto del aparato electoral. El Instituto Nacional Electoral ya hab\u00eda sido capturado mediante el nombramiento de consejeros burdamente alineados con el oficialismo, que con sus decisiones recientes solo han confirmado su sumisi\u00f3n.<\/p>\n<p>La operaci\u00f3n se completa con la subordinaci\u00f3n absoluta del Tribunal Electoral del Poder Judicial de la Federaci\u00f3n (TEPJF), convertido en un ap\u00e9ndice del Ejecutivo, y cuya mansedumbre fue recompensada con la posibilidad de extender su gesti\u00f3n hasta 2033, m\u00e1s all\u00e1 del actual sexenio. Obviamente, no es gratis.<\/p>\n<p>No hay que olvidar que la decadencia y entrega del TEPJF comenz\u00f3 luego de aquella reuni\u00f3n en lo \u201coscurito\u201d entre la magistrada M\u00f3nica Soto y el diputado federal plurinominal de Morena Sergio Guti\u00e9rrez Luna, tras de lo cual ella y otros dos magistrados le dieron un golpe y se apoderaron del \u00f3rgano jurisdiccional, desde donde, entre muchas otras tropel\u00edas, le concedieron a Morena la ilegal mayor\u00eda calificada en la C\u00e1mara de Diputados con la que han logrado destruir a las instituciones de la alternancia democr\u00e1tica del pa\u00eds.<\/p>\n<p>No es dif\u00edcil de creer que haya sido el mismo Guti\u00e9rrez Luna \u2013probablemente uno de los legisladores m\u00e1s grotescos y corruptos de M\u00e9xico, y vaya que hay competencia- el que introdujo, de \u00faltima hora, la reserva que permite la reelecci\u00f3n de los magistrados electorales cuyo periodo concluye en 2027, con dedicatoria especial para M\u00f3nica Soto, Felipe Fuentes Barrera y Felipe de la Mata. Este \u00faltimo, el mismo sinverg\u00fcenza que se atrevi\u00f3 a corregirle la plana al eminente jurista Luigi Ferrajoli, trat\u00e1ndolo con vulgar condescendencia porque seg\u00fan el displicente juzgador a modo, el italiano \u201cno entiende\u201d las \u201cvirtudes\u201d de la reforma judicial.<\/p>\n<p>El c\u00edrculo se cierra. Quien controla las reglas, los \u00e1rbitros y las sanciones, controlar\u00e1 consecuentemente el resultado. La legitimidad ya no proviene de las urnas, sino de la voluntad pol\u00edtica de quienes controlan el aparato y as\u00ed, la democracia se convierte en un pat\u00e9tico simulacro.<\/p>\n<p>Estas reformas constituyen la consumaci\u00f3n de una regresi\u00f3n antidemocr\u00e1tica que entierra el periodo de transici\u00f3n iniciado en los a\u00f1os 90, desmantelado en nombre de una \u201ctransformaci\u00f3n\u201d que, lo que en realidad significa, es restauraci\u00f3n autoritaria.<\/p>\n<p>Es el \u00faltimo clavo en el ata\u00fad de la democracia.<\/p>\n<p><img data-recalc-dims=\"1\" loading=\"lazy\" decoding=\"async\" class=\"aligncenter size-full wp-image-85331\" src=\"https:\/\/i0.wp.com\/politicosaldesnudo.com.mx\/wp-content\/uploads\/2026\/05\/FIRMA-EDITORIAL-PD-5.jpg?resize=1024%2C125&#038;ssl=1\" alt=\"\" width=\"1024\" height=\"125\" srcset=\"https:\/\/i0.wp.com\/politicosaldesnudo.com.mx\/wp-content\/uploads\/2026\/05\/FIRMA-EDITORIAL-PD-5.jpg?w=1024&amp;ssl=1 1024w, https:\/\/i0.wp.com\/politicosaldesnudo.com.mx\/wp-content\/uploads\/2026\/05\/FIRMA-EDITORIAL-PD-5.jpg?resize=300%2C37&amp;ssl=1 300w, https:\/\/i0.wp.com\/politicosaldesnudo.com.mx\/wp-content\/uploads\/2026\/05\/FIRMA-EDITORIAL-PD-5.jpg?resize=768%2C94&amp;ssl=1 768w\" sizes=\"auto, (max-width: 1000px) 100vw, 1000px\" \/><\/p>\n","protected":false},"excerpt":{"rendered":"<p>Las reformas legales y constitucionales recientemente aprobadas en la C\u00e1mara de Diputados \u2014y que tendr\u00e1n el mismo derrotero en el [&hellip;]<\/p>\n","protected":false},"author":4,"featured_media":78325,"comment_status":"closed","ping_status":"closed","sticky":false,"template":"","format":"standard","meta":{"site-sidebar-layout":"default","site-content-layout":"","ast-site-content-layout":"default","site-content-style":"default","site-sidebar-style":"default","ast-global-header-display":"","ast-banner-title-visibility":"","ast-main-header-display":"","ast-hfb-above-header-display":"","ast-hfb-below-header-display":"","ast-hfb-mobile-header-display":"","site-post-title":"","ast-breadcrumbs-content":"","ast-featured-img":"","footer-sml-layout":"","ast-disable-related-posts":"","theme-transparent-header-meta":"","adv-header-id-meta":"","stick-header-meta":"","header-above-stick-meta":"","header-main-stick-meta":"","header-below-stick-meta":"","astra-migrate-meta-layouts":"default","ast-page-background-enabled":"default","ast-page-background-meta":{"desktop":{"background-color":"var(--ast-global-color-5)","background-image":"","background-repeat":"repeat","background-position":"center center","background-size":"auto","background-attachment":"scroll","background-type":"","background-media":"","overlay-type":"","overlay-color":"","overlay-opacity":"","overlay-gradient":""},"tablet":{"background-color":"","background-image":"","background-repeat":"repeat","background-position":"center center","background-size":"auto","background-attachment":"scroll","background-type":"","background-media":"","overlay-type":"","overlay-color":"","overlay-opacity":"","overlay-gradient":""},"mobile":{"background-color":"","background-image":"","background-repeat":"repeat","background-position":"center center","background-size":"auto","background-attachment":"scroll","background-type":"","background-media":"","overlay-type":"","overlay-color":"","overlay-opacity":"","overlay-gradient":""}},"ast-content-background-meta":{"desktop":{"background-color":"var(--ast-global-color-4)","background-image":"","background-repeat":"repeat","background-position":"center center","background-size":"auto","background-attachment":"scroll","background-type":"","background-media":"","overlay-type":"","overlay-color":"","overlay-opacity":"","overlay-gradient":""},"tablet":{"background-color":"var(--ast-global-color-4)","background-image":"","background-repeat":"repeat","background-position":"center center","background-size":"auto","background-attachment":"scroll","background-type":"","background-media":"","overlay-type":"","overlay-color":"","overlay-opacity":"","overlay-gradient":""},"mobile":{"background-color":"var(--ast-global-color-4)","background-image":"","background-repeat":"repeat","background-position":"center center","background-size":"auto","background-attachment":"scroll","background-type":"","background-media":"","overlay-type":"","overlay-color":"","overlay-opacity":"","overlay-gradient":""}},"_jetpack_newsletter_access":"","_jetpack_dont_email_post_to_subs":false,"_jetpack_newsletter_tier_id":0,"_jetpack_memberships_contains_paywalled_content":false,"_jetpack_feature_clip_id":0,"_jetpack_memberships_contains_paid_content":false,"footnotes":"","jetpack_publicize_message":"","jetpack_publicize_feature_enabled":true,"jetpack_social_post_already_shared":true,"jetpack_social_options":{"image_generator_settings":{"template":"highway","default_image_id":0,"font":"","enabled":false},"version":2},"jetpack_post_was_ever_published":false},"categories":[26],"tags":[],"class_list":["post-85347","post","type-post","status-publish","format-standard","has-post-thumbnail","hentry","category-columnistas"],"yoast_head":"<!-- This site is optimized with the Yoast SEO plugin v28.3 - https:\/\/yoast.com\/product\/yoast-seo-wordpress\/ -->\n<title>El ata\u00fad de la democracia - Pol\u00edticos al Desnudo<\/title>\n<meta name=\"robots\" content=\"index, follow, max-snippet:-1, max-image-preview:large, max-video-preview:-1\" \/>\n<link rel=\"canonical\" href=\"https:\/\/politicosaldesnudo.com.mx\/index.php\/2026\/06\/01\/el-ataud-de-la-democracia\/\" \/>\n<meta property=\"og:locale\" content=\"es_ES\" \/>\n<meta property=\"og:type\" content=\"article\" \/>\n<meta property=\"og:title\" content=\"El ata\u00fad de la democracia - Pol\u00edticos al Desnudo\" \/>\n<meta property=\"og:description\" content=\"Las reformas legales y constitucionales recientemente aprobadas en la C\u00e1mara de Diputados \u2014y que tendr\u00e1n el mismo derrotero en el [&hellip;]\" \/>\n<meta property=\"og:url\" content=\"https:\/\/politicosaldesnudo.com.mx\/index.php\/2026\/06\/01\/el-ataud-de-la-democracia\/\" \/>\n<meta property=\"og:site_name\" content=\"Pol\u00edticos al Desnudo\" \/>\n<meta property=\"article:publisher\" content=\"https:\/\/www.facebook.com\/PoliticosAD\" \/>\n<meta property=\"article:published_time\" content=\"2026-06-01T06:24:51+00:00\" \/>\n<meta property=\"og:image\" content=\"https:\/\/i0.wp.com\/politicosaldesnudo.com.mx\/wp-content\/uploads\/2026\/01\/AURELIO-CONTRERAS.jpg?fit=800%2C445&ssl=1\" \/>\n\t<meta property=\"og:image:width\" content=\"800\" \/>\n\t<meta property=\"og:image:height\" content=\"445\" \/>\n\t<meta property=\"og:image:type\" content=\"image\/jpeg\" \/>\n<meta name=\"author\" content=\"Redacci\u00f3n Pol\u00edticos\" \/>\n<meta name=\"twitter:card\" content=\"summary_large_image\" \/>\n<meta name=\"twitter:label1\" content=\"Escrito por\" \/>\n\t<meta name=\"twitter:data1\" content=\"Redacci\u00f3n Pol\u00edticos\" \/>\n\t<meta name=\"twitter:label2\" content=\"Tiempo de lectura\" \/>\n\t<meta name=\"twitter:data2\" content=\"4 minutos\" \/>\n<script type=\"application\/ld+json\" class=\"yoast-schema-graph\">{\"@context\":\"https:\\\/\\\/schema.org\",\"@graph\":[{\"@type\":\"Article\",\"@id\":\"https:\\\/\\\/politicosaldesnudo.com.mx\\\/index.php\\\/2026\\\/06\\\/01\\\/el-ataud-de-la-democracia\\\/#article\",\"isPartOf\":{\"@id\":\"https:\\\/\\\/politicosaldesnudo.com.mx\\\/index.php\\\/2026\\\/06\\\/01\\\/el-ataud-de-la-democracia\\\/\"},\"author\":{\"name\":\"Redacci\u00f3n Pol\u00edticos\",\"@id\":\"https:\\\/\\\/politicosaldesnudo.com.mx\\\/#\\\/schema\\\/person\\\/ef3a64e561cc3f3f5dc52fab81adde7e\"},\"headline\":\"El ata\u00fad de la democracia\",\"datePublished\":\"2026-06-01T06:24:51+00:00\",\"mainEntityOfPage\":{\"@id\":\"https:\\\/\\\/politicosaldesnudo.com.mx\\\/index.php\\\/2026\\\/06\\\/01\\\/el-ataud-de-la-democracia\\\/\"},\"wordCount\":741,\"publisher\":{\"@id\":\"https:\\\/\\\/politicosaldesnudo.com.mx\\\/#organization\"},\"image\":{\"@id\":\"https:\\\/\\\/politicosaldesnudo.com.mx\\\/index.php\\\/2026\\\/06\\\/01\\\/el-ataud-de-la-democracia\\\/#primaryimage\"},\"thumbnailUrl\":\"https:\\\/\\\/i0.wp.com\\\/politicosaldesnudo.com.mx\\\/wp-content\\\/uploads\\\/2026\\\/01\\\/AURELIO-CONTRERAS.jpg?fit=800%2C445&ssl=1\",\"articleSection\":[\"OPINI\u00d3N\"],\"inLanguage\":\"es\"},{\"@type\":\"WebPage\",\"@id\":\"https:\\\/\\\/politicosaldesnudo.com.mx\\\/index.php\\\/2026\\\/06\\\/01\\\/el-ataud-de-la-democracia\\\/\",\"url\":\"https:\\\/\\\/politicosaldesnudo.com.mx\\\/index.php\\\/2026\\\/06\\\/01\\\/el-ataud-de-la-democracia\\\/\",\"name\":\"El ata\u00fad de la democracia - Pol\u00edticos al Desnudo\",\"isPartOf\":{\"@id\":\"https:\\\/\\\/politicosaldesnudo.com.mx\\\/#website\"},\"primaryImageOfPage\":{\"@id\":\"https:\\\/\\\/politicosaldesnudo.com.mx\\\/index.php\\\/2026\\\/06\\\/01\\\/el-ataud-de-la-democracia\\\/#primaryimage\"},\"image\":{\"@id\":\"https:\\\/\\\/politicosaldesnudo.com.mx\\\/index.php\\\/2026\\\/06\\\/01\\\/el-ataud-de-la-democracia\\\/#primaryimage\"},\"thumbnailUrl\":\"https:\\\/\\\/i0.wp.com\\\/politicosaldesnudo.com.mx\\\/wp-content\\\/uploads\\\/2026\\\/01\\\/AURELIO-CONTRERAS.jpg?fit=800%2C445&ssl=1\",\"datePublished\":\"2026-06-01T06:24:51+00:00\",\"breadcrumb\":{\"@id\":\"https:\\\/\\\/politicosaldesnudo.com.mx\\\/index.php\\\/2026\\\/06\\\/01\\\/el-ataud-de-la-democracia\\\/#breadcrumb\"},\"inLanguage\":\"es\",\"potentialAction\":[{\"@type\":\"ReadAction\",\"target\":[\"https:\\\/\\\/politicosaldesnudo.com.mx\\\/index.php\\\/2026\\\/06\\\/01\\\/el-ataud-de-la-democracia\\\/\"]}]},{\"@type\":\"ImageObject\",\"inLanguage\":\"es\",\"@id\":\"https:\\\/\\\/politicosaldesnudo.com.mx\\\/index.php\\\/2026\\\/06\\\/01\\\/el-ataud-de-la-democracia\\\/#primaryimage\",\"url\":\"https:\\\/\\\/i0.wp.com\\\/politicosaldesnudo.com.mx\\\/wp-content\\\/uploads\\\/2026\\\/01\\\/AURELIO-CONTRERAS.jpg?fit=800%2C445&ssl=1\",\"contentUrl\":\"https:\\\/\\\/i0.wp.com\\\/politicosaldesnudo.com.mx\\\/wp-content\\\/uploads\\\/2026\\\/01\\\/AURELIO-CONTRERAS.jpg?fit=800%2C445&ssl=1\",\"width\":800,\"height\":445},{\"@type\":\"BreadcrumbList\",\"@id\":\"https:\\\/\\\/politicosaldesnudo.com.mx\\\/index.php\\\/2026\\\/06\\\/01\\\/el-ataud-de-la-democracia\\\/#breadcrumb\",\"itemListElement\":[{\"@type\":\"ListItem\",\"position\":1,\"name\":\"Portada\",\"item\":\"https:\\\/\\\/politicosaldesnudo.com.mx\\\/\"},{\"@type\":\"ListItem\",\"position\":2,\"name\":\"El ata\u00fad de la democracia\"}]},{\"@type\":\"WebSite\",\"@id\":\"https:\\\/\\\/politicosaldesnudo.com.mx\\\/#website\",\"url\":\"https:\\\/\\\/politicosaldesnudo.com.mx\\\/\",\"name\":\"Pol\u00edticos al Desnudo\",\"description\":\"\",\"publisher\":{\"@id\":\"https:\\\/\\\/politicosaldesnudo.com.mx\\\/#organization\"},\"potentialAction\":[{\"@type\":\"SearchAction\",\"target\":{\"@type\":\"EntryPoint\",\"urlTemplate\":\"https:\\\/\\\/politicosaldesnudo.com.mx\\\/?s={search_term_string}\"},\"query-input\":{\"@type\":\"PropertyValueSpecification\",\"valueRequired\":true,\"valueName\":\"search_term_string\"}}],\"inLanguage\":\"es\"},{\"@type\":\"Organization\",\"@id\":\"https:\\\/\\\/politicosaldesnudo.com.mx\\\/#organization\",\"name\":\"Pol\u00edticos al Desnudo\",\"url\":\"https:\\\/\\\/politicosaldesnudo.com.mx\\\/\",\"logo\":{\"@type\":\"ImageObject\",\"inLanguage\":\"es\",\"@id\":\"https:\\\/\\\/politicosaldesnudo.com.mx\\\/#\\\/schema\\\/logo\\\/image\\\/\",\"url\":\"https:\\\/\\\/i0.wp.com\\\/politicosaldesnudo.com.mx\\\/wp-content\\\/uploads\\\/2026\\\/08\\\/cropped-logo.webp?fit=400%2C126&ssl=1\",\"contentUrl\":\"https:\\\/\\\/i0.wp.com\\\/politicosaldesnudo.com.mx\\\/wp-content\\\/uploads\\\/2026\\\/08\\\/cropped-logo.webp?fit=400%2C126&ssl=1\",\"width\":400,\"height\":126,\"caption\":\"Pol\u00edticos al Desnudo\"},\"image\":{\"@id\":\"https:\\\/\\\/politicosaldesnudo.com.mx\\\/#\\\/schema\\\/logo\\\/image\\\/\"},\"sameAs\":[\"https:\\\/\\\/www.facebook.com\\\/PoliticosAD\"]},{\"@type\":\"Person\",\"@id\":\"https:\\\/\\\/politicosaldesnudo.com.mx\\\/#\\\/schema\\\/person\\\/ef3a64e561cc3f3f5dc52fab81adde7e\",\"name\":\"Redacci\u00f3n Pol\u00edticos\",\"url\":\"https:\\\/\\\/politicosaldesnudo.com.mx\\\/index.php\\\/author\\\/redaccion-politicos\\\/\"}]}<\/script>\n<!-- \/ Yoast SEO plugin. -->","yoast_head_json":{"title":"El ata\u00fad de la democracia - Pol\u00edticos al Desnudo","robots":{"index":"index","follow":"follow","max-snippet":"max-snippet:-1","max-image-preview":"max-image-preview:large","max-video-preview":"max-video-preview:-1"},"canonical":"https:\/\/politicosaldesnudo.com.mx\/index.php\/2026\/06\/01\/el-ataud-de-la-democracia\/","og_locale":"es_ES","og_type":"article","og_title":"El ata\u00fad de la democracia - Pol\u00edticos al Desnudo","og_description":"Las reformas legales y constitucionales recientemente aprobadas en la C\u00e1mara de Diputados \u2014y que tendr\u00e1n el mismo derrotero en el [&hellip;]","og_url":"https:\/\/politicosaldesnudo.com.mx\/index.php\/2026\/06\/01\/el-ataud-de-la-democracia\/","og_site_name":"Pol\u00edticos al Desnudo","article_publisher":"https:\/\/www.facebook.com\/PoliticosAD","article_published_time":"2026-06-01T06:24:51+00:00","og_image":[{"width":800,"height":445,"url":"https:\/\/i0.wp.com\/politicosaldesnudo.com.mx\/wp-content\/uploads\/2026\/01\/AURELIO-CONTRERAS.jpg?fit=800%2C445&ssl=1","type":"image\/jpeg"}],"author":"Redacci\u00f3n Pol\u00edticos","twitter_card":"summary_large_image","twitter_misc":{"Escrito por":"Redacci\u00f3n Pol\u00edticos","Tiempo de lectura":"4 minutos"},"schema":{"@context":"https:\/\/schema.org","@graph":[{"@type":"Article","@id":"https:\/\/politicosaldesnudo.com.mx\/index.php\/2026\/06\/01\/el-ataud-de-la-democracia\/#article","isPartOf":{"@id":"https:\/\/politicosaldesnudo.com.mx\/index.php\/2026\/06\/01\/el-ataud-de-la-democracia\/"},"author":{"name":"Redacci\u00f3n Pol\u00edticos","@id":"https:\/\/politicosaldesnudo.com.mx\/#\/schema\/person\/ef3a64e561cc3f3f5dc52fab81adde7e"},"headline":"El ata\u00fad de la democracia","datePublished":"2026-06-01T06:24:51+00:00","mainEntityOfPage":{"@id":"https:\/\/politicosaldesnudo.com.mx\/index.php\/2026\/06\/01\/el-ataud-de-la-democracia\/"},"wordCount":741,"publisher":{"@id":"https:\/\/politicosaldesnudo.com.mx\/#organization"},"image":{"@id":"https:\/\/politicosaldesnudo.com.mx\/index.php\/2026\/06\/01\/el-ataud-de-la-democracia\/#primaryimage"},"thumbnailUrl":"https:\/\/i0.wp.com\/politicosaldesnudo.com.mx\/wp-content\/uploads\/2026\/01\/AURELIO-CONTRERAS.jpg?fit=800%2C445&ssl=1","articleSection":["OPINI\u00d3N"],"inLanguage":"es"},{"@type":"WebPage","@id":"https:\/\/politicosaldesnudo.com.mx\/index.php\/2026\/06\/01\/el-ataud-de-la-democracia\/","url":"https:\/\/politicosaldesnudo.com.mx\/index.php\/2026\/06\/01\/el-ataud-de-la-democracia\/","name":"El ata\u00fad de la democracia - Pol\u00edticos al Desnudo","isPartOf":{"@id":"https:\/\/politicosaldesnudo.com.mx\/#website"},"primaryImageOfPage":{"@id":"https:\/\/politicosaldesnudo.com.mx\/index.php\/2026\/06\/01\/el-ataud-de-la-democracia\/#primaryimage"},"image":{"@id":"https:\/\/politicosaldesnudo.com.mx\/index.php\/2026\/06\/01\/el-ataud-de-la-democracia\/#primaryimage"},"thumbnailUrl":"https:\/\/i0.wp.com\/politicosaldesnudo.com.mx\/wp-content\/uploads\/2026\/01\/AURELIO-CONTRERAS.jpg?fit=800%2C445&ssl=1","datePublished":"2026-06-01T06:24:51+00:00","breadcrumb":{"@id":"https:\/\/politicosaldesnudo.com.mx\/index.php\/2026\/06\/01\/el-ataud-de-la-democracia\/#breadcrumb"},"inLanguage":"es","potentialAction":[{"@type":"ReadAction","target":["https:\/\/politicosaldesnudo.com.mx\/index.php\/2026\/06\/01\/el-ataud-de-la-democracia\/"]}]},{"@type":"ImageObject","inLanguage":"es","@id":"https:\/\/politicosaldesnudo.com.mx\/index.php\/2026\/06\/01\/el-ataud-de-la-democracia\/#primaryimage","url":"https:\/\/i0.wp.com\/politicosaldesnudo.com.mx\/wp-content\/uploads\/2026\/01\/AURELIO-CONTRERAS.jpg?fit=800%2C445&ssl=1","contentUrl":"https:\/\/i0.wp.com\/politicosaldesnudo.com.mx\/wp-content\/uploads\/2026\/01\/AURELIO-CONTRERAS.jpg?fit=800%2C445&ssl=1","width":800,"height":445},{"@type":"BreadcrumbList","@id":"https:\/\/politicosaldesnudo.com.mx\/index.php\/2026\/06\/01\/el-ataud-de-la-democracia\/#breadcrumb","itemListElement":[{"@type":"ListItem","position":1,"name":"Portada","item":"https:\/\/politicosaldesnudo.com.mx\/"},{"@type":"ListItem","position":2,"name":"El ata\u00fad de la democracia"}]},{"@type":"WebSite","@id":"https:\/\/politicosaldesnudo.com.mx\/#website","url":"https:\/\/politicosaldesnudo.com.mx\/","name":"Pol\u00edticos al Desnudo","description":"","publisher":{"@id":"https:\/\/politicosaldesnudo.com.mx\/#organization"},"potentialAction":[{"@type":"SearchAction","target":{"@type":"EntryPoint","urlTemplate":"https:\/\/politicosaldesnudo.com.mx\/?s={search_term_string}"},"query-input":{"@type":"PropertyValueSpecification","valueRequired":true,"valueName":"search_term_string"}}],"inLanguage":"es"},{"@type":"Organization","@id":"https:\/\/politicosaldesnudo.com.mx\/#organization","name":"Pol\u00edticos al Desnudo","url":"https:\/\/politicosaldesnudo.com.mx\/","logo":{"@type":"ImageObject","inLanguage":"es","@id":"https:\/\/politicosaldesnudo.com.mx\/#\/schema\/logo\/image\/","url":"https:\/\/i0.wp.com\/politicosaldesnudo.com.mx\/wp-content\/uploads\/2026\/08\/cropped-logo.webp?fit=400%2C126&ssl=1","contentUrl":"https:\/\/i0.wp.com\/politicosaldesnudo.com.mx\/wp-content\/uploads\/2026\/08\/cropped-logo.webp?fit=400%2C126&ssl=1","width":400,"height":126,"caption":"Pol\u00edticos al Desnudo"},"image":{"@id":"https:\/\/politicosaldesnudo.com.mx\/#\/schema\/logo\/image\/"},"sameAs":["https:\/\/www.facebook.com\/PoliticosAD"]},{"@type":"Person","@id":"https:\/\/politicosaldesnudo.com.mx\/#\/schema\/person\/ef3a64e561cc3f3f5dc52fab81adde7e","name":"Redacci\u00f3n Pol\u00edticos","url":"https:\/\/politicosaldesnudo.com.mx\/index.php\/author\/redaccion-politicos\/"}]}},"jetpack_publicize_connections":[],"jetpack-related-posts":[{"id":86999,"url":"https:\/\/politicosaldesnudo.com.mx\/index.php\/2026\/07\/20\/elecciones-2027-seran-de-una-complejidad-sin-precedente-advierten-expertos\/","url_meta":{"origin":85347,"position":0},"title":"Elecciones 2027 ser\u00e1n de una complejidad sin precedente, advierten expertos","author":"Redacci\u00f3n Pol\u00edticos","date":"20 de julio de 2026","format":false,"excerpt":"El a\u00f1o pr\u00f3ximo, la concurrencia de elecciones locales con una federal no tendr\u00e1 precedente, ya que junto con la renovaci\u00f3n de la C\u00e1mara de Diputados y 17 gubernaturas estar\u00e1n en las boletas los candidatos a mil 802 presidencias municipales. Los primeros c\u00e1lculos al respecto, como el del ex consejero y\u2026","rel":"","context":"En \u00abNACIONAL\u00bb","block_context":{"text":"NACIONAL","link":"https:\/\/politicosaldesnudo.com.mx\/index.php\/category\/nacional\/"},"img":{"alt_text":"","src":"https:\/\/i0.wp.com\/politicosaldesnudo.com.mx\/wp-content\/uploads\/2026\/07\/MAMEL.jpg?fit=1200%2C741&ssl=1&resize=350%2C200","width":350,"height":200,"srcset":"https:\/\/i0.wp.com\/politicosaldesnudo.com.mx\/wp-content\/uploads\/2026\/07\/MAMEL.jpg?fit=1200%2C741&ssl=1&resize=350%2C200 1x, https:\/\/i0.wp.com\/politicosaldesnudo.com.mx\/wp-content\/uploads\/2026\/07\/MAMEL.jpg?fit=1200%2C741&ssl=1&resize=525%2C300 1.5x, https:\/\/i0.wp.com\/politicosaldesnudo.com.mx\/wp-content\/uploads\/2026\/07\/MAMEL.jpg?fit=1200%2C741&ssl=1&resize=700%2C400 2x, https:\/\/i0.wp.com\/politicosaldesnudo.com.mx\/wp-content\/uploads\/2026\/07\/MAMEL.jpg?fit=1200%2C741&ssl=1&resize=1050%2C600 3x"},"classes":[]},{"id":87227,"url":"https:\/\/politicosaldesnudo.com.mx\/index.php\/2026\/07\/24\/vacaciones-si-abandono-no\/","url_meta":{"origin":85347,"position":1},"title":"Vacaciones s\u00ed, abandono no","author":"Redacci\u00f3n Pol\u00edticos","date":"24 de julio de 2026","format":false,"excerpt":"ALMA GRANDE POR \u00c1NGEL \u00c1LVARO PE\u00d1A El periodo vacacional representa un respiro necesario para cualquier trabajador, incluidos quienes desempe\u00f1an un cargo p\u00fablico. Nadie puede cuestionar el derecho al descanso. Lo que s\u00ed debe cuestionarse es la costumbre de algunos pol\u00edticos de asumir que, con el inicio de las vacaciones, tambi\u00e9n\u2026","rel":"","context":"En \u00abOPINI\u00d3N\u00bb","block_context":{"text":"OPINI\u00d3N","link":"https:\/\/politicosaldesnudo.com.mx\/index.php\/category\/columnistas\/"},"img":{"alt_text":"","src":"https:\/\/i0.wp.com\/politicosaldesnudo.com.mx\/wp-content\/uploads\/2026\/07\/BANNER-LOPEZ-DORIGA-DIGITAL-3.jpg?fit=800%2C445&ssl=1&resize=350%2C200","width":350,"height":200,"srcset":"https:\/\/i0.wp.com\/politicosaldesnudo.com.mx\/wp-content\/uploads\/2026\/07\/BANNER-LOPEZ-DORIGA-DIGITAL-3.jpg?fit=800%2C445&ssl=1&resize=350%2C200 1x, https:\/\/i0.wp.com\/politicosaldesnudo.com.mx\/wp-content\/uploads\/2026\/07\/BANNER-LOPEZ-DORIGA-DIGITAL-3.jpg?fit=800%2C445&ssl=1&resize=525%2C300 1.5x, https:\/\/i0.wp.com\/politicosaldesnudo.com.mx\/wp-content\/uploads\/2026\/07\/BANNER-LOPEZ-DORIGA-DIGITAL-3.jpg?fit=800%2C445&ssl=1&resize=700%2C400 2x"},"classes":[]},{"id":88122,"url":"https:\/\/politicosaldesnudo.com.mx\/index.php\/2026\/08\/28\/asi-cambiara-el-poder-judicial-de-veracruz\/","url_meta":{"origin":85347,"position":2},"title":"As\u00ed cambiar\u00e1 el Poder Judicial de Veracruz","author":"Redacci\u00f3n Pol\u00edticos","date":"28 de agosto de 2026","format":false,"excerpt":"ALMA GRANDE POR: \u00c1NGEL \u00c1LVARO PE\u00d1A El Poder Judicial de Veracruz est\u00e1 a punto de cambiar de manera profunda. El Congreso del Estado aprob\u00f3 una reforma a su Ley Org\u00e1nica que establece las reglas para magistraturas y judicaturas electas por voto popular, adem\u00e1s de modificar la integraci\u00f3n de las presidencias\u2026","rel":"","context":"En \u00abOPINI\u00d3N\u00bb","block_context":{"text":"OPINI\u00d3N","link":"https:\/\/politicosaldesnudo.com.mx\/index.php\/category\/columnistas\/"},"img":{"alt_text":"","src":"https:\/\/i0.wp.com\/politicosaldesnudo.com.mx\/wp-content\/uploads\/2026\/08\/AG-2808.png?fit=1200%2C658&ssl=1&resize=350%2C200","width":350,"height":200,"srcset":"https:\/\/i0.wp.com\/politicosaldesnudo.com.mx\/wp-content\/uploads\/2026\/08\/AG-2808.png?fit=1200%2C658&ssl=1&resize=350%2C200 1x, https:\/\/i0.wp.com\/politicosaldesnudo.com.mx\/wp-content\/uploads\/2026\/08\/AG-2808.png?fit=1200%2C658&ssl=1&resize=525%2C300 1.5x, https:\/\/i0.wp.com\/politicosaldesnudo.com.mx\/wp-content\/uploads\/2026\/08\/AG-2808.png?fit=1200%2C658&ssl=1&resize=700%2C400 2x, https:\/\/i0.wp.com\/politicosaldesnudo.com.mx\/wp-content\/uploads\/2026\/08\/AG-2808.png?fit=1200%2C658&ssl=1&resize=1050%2C600 3x"},"classes":[]},{"id":87471,"url":"https:\/\/politicosaldesnudo.com.mx\/index.php\/2026\/08\/03\/las-elecciones-del-2027-seran-el-termometro-politico-y-social-de-la-presidenta-claudia-sheinbaum\/","url_meta":{"origin":85347,"position":3},"title":"Las elecciones del 2027 ser\u00e1n el term\u00f3metro pol\u00edtico y social de la presidenta Claudia Sheinbaum","author":"Redacci\u00f3n Pol\u00edticos","date":"3 de agosto de 2026","format":false,"excerpt":"LEAD POL\u00cdTICO\u2026 Por: Ren\u00e9 Mart\u00ednez Torres Los procesos electorales federales del 2027, la renovaci\u00f3n del Senado de la Rep\u00fablica, el Congreso Federal, 17 estados renovar\u00e1n sus gubernaturas, en algunas entidades solo habr\u00e1 elecci\u00f3n de diputados locales y federales como el caso de Veracruz, ser\u00e1 el term\u00f3metro pol\u00edtico y social de\u2026","rel":"","context":"En \u00abOPINI\u00d3N\u00bb","block_context":{"text":"OPINI\u00d3N","link":"https:\/\/politicosaldesnudo.com.mx\/index.php\/category\/columnistas\/"},"img":{"alt_text":"","src":"https:\/\/i0.wp.com\/politicosaldesnudo.com.mx\/wp-content\/uploads\/2026\/02\/LEAD-POLITICO-AZUL.jpg?fit=800%2C445&ssl=1&resize=350%2C200","width":350,"height":200,"srcset":"https:\/\/i0.wp.com\/politicosaldesnudo.com.mx\/wp-content\/uploads\/2026\/02\/LEAD-POLITICO-AZUL.jpg?fit=800%2C445&ssl=1&resize=350%2C200 1x, https:\/\/i0.wp.com\/politicosaldesnudo.com.mx\/wp-content\/uploads\/2026\/02\/LEAD-POLITICO-AZUL.jpg?fit=800%2C445&ssl=1&resize=525%2C300 1.5x, https:\/\/i0.wp.com\/politicosaldesnudo.com.mx\/wp-content\/uploads\/2026\/02\/LEAD-POLITICO-AZUL.jpg?fit=800%2C445&ssl=1&resize=700%2C400 2x"},"classes":[]},{"id":53553,"url":"https:\/\/politicosaldesnudo.com.mx\/index.php\/2025\/01\/03\/la-encuestitis-por-veracruz\/","url_meta":{"origin":85347,"position":4},"title":"La encuestitis por Veracruz","author":"Redacci\u00f3n Pol\u00edticos","date":"3 de enero de 2025","format":false,"excerpt":"Por: Luis Ram\u00edrez Baqueiro \u201cEl valor, al igual que el amor, necesita alimentarse de esperanza.\u201d \u2013 Napole\u00f3n Bonaparte. \u00a0 Un instrumento infalible para determinar y medir el posicionamiento p\u00fablico de los actores pol\u00edticos que aspiran por un posible cargo de elecci\u00f3n popular es la encuesta. Pero en pol\u00edtica como ciencia,\u2026","rel":"","context":"En \u00abOPINI\u00d3N\u00bb","block_context":{"text":"OPINI\u00d3N","link":"https:\/\/politicosaldesnudo.com.mx\/index.php\/category\/columnistas\/"},"img":{"alt_text":"","src":"https:\/\/i0.wp.com\/politicosaldesnudo.com.mx\/wp-content\/uploads\/2024\/05\/LUIS-RAMIREZ-BAQUEIRO.jpg?fit=800%2C445&ssl=1&resize=350%2C200","width":350,"height":200,"srcset":"https:\/\/i0.wp.com\/politicosaldesnudo.com.mx\/wp-content\/uploads\/2024\/05\/LUIS-RAMIREZ-BAQUEIRO.jpg?fit=800%2C445&ssl=1&resize=350%2C200 1x, https:\/\/i0.wp.com\/politicosaldesnudo.com.mx\/wp-content\/uploads\/2024\/05\/LUIS-RAMIREZ-BAQUEIRO.jpg?fit=800%2C445&ssl=1&resize=525%2C300 1.5x, https:\/\/i0.wp.com\/politicosaldesnudo.com.mx\/wp-content\/uploads\/2024\/05\/LUIS-RAMIREZ-BAQUEIRO.jpg?fit=800%2C445&ssl=1&resize=700%2C400 2x"},"classes":[]},{"id":88013,"url":"https:\/\/politicosaldesnudo.com.mx\/index.php\/2026\/08\/24\/la-batalla-por-xalapa\/","url_meta":{"origin":85347,"position":5},"title":"La batalla por Xalapa","author":"Redacci\u00f3n Pol\u00edticos","date":"24 de agosto de 2026","format":false,"excerpt":"Astrolabio Pol\u00edtico Por: Luis Ram\u00edrez Baqueiro \u201cBuscando el bien de nuestros semejantes, encontramos el nuestro\u201d. \u2013 Plat\u00f3n. La disputa por las diputaciones locales y federales de Xalapa comenz\u00f3 mucho antes del calendario electoral. En Morena proliferan recorridos, reuniones, fotograf\u00edas y estrategias de posicionamiento, pero todav\u00eda no aparece con claridad el\u2026","rel":"","context":"En \u00abOPINI\u00d3N\u00bb","block_context":{"text":"OPINI\u00d3N","link":"https:\/\/politicosaldesnudo.com.mx\/index.php\/category\/columnistas\/"},"img":{"alt_text":"","src":"https:\/\/i0.wp.com\/politicosaldesnudo.com.mx\/wp-content\/uploads\/2026\/08\/baq-2408-scaled.png?fit=1200%2C659&ssl=1&resize=350%2C200","width":350,"height":200,"srcset":"https:\/\/i0.wp.com\/politicosaldesnudo.com.mx\/wp-content\/uploads\/2026\/08\/baq-2408-scaled.png?fit=1200%2C659&ssl=1&resize=350%2C200 1x, https:\/\/i0.wp.com\/politicosaldesnudo.com.mx\/wp-content\/uploads\/2026\/08\/baq-2408-scaled.png?fit=1200%2C659&ssl=1&resize=525%2C300 1.5x, https:\/\/i0.wp.com\/politicosaldesnudo.com.mx\/wp-content\/uploads\/2026\/08\/baq-2408-scaled.png?fit=1200%2C659&ssl=1&resize=700%2C400 2x, https:\/\/i0.wp.com\/politicosaldesnudo.com.mx\/wp-content\/uploads\/2026\/08\/baq-2408-scaled.png?fit=1200%2C659&ssl=1&resize=1050%2C600 3x"},"classes":[]}],"jetpack_sharing_enabled":true,"jetpack_featured_media_url":"https:\/\/i0.wp.com\/politicosaldesnudo.com.mx\/wp-content\/uploads\/2026\/01\/AURELIO-CONTRERAS.jpg?fit=800%2C445&ssl=1","_links":{"self":[{"href":"https:\/\/politicosaldesnudo.com.mx\/index.php\/wp-json\/wp\/v2\/posts\/85347","targetHints":{"allow":["GET"]}}],"collection":[{"href":"https:\/\/politicosaldesnudo.com.mx\/index.php\/wp-json\/wp\/v2\/posts"}],"about":[{"href":"https:\/\/politicosaldesnudo.com.mx\/index.php\/wp-json\/wp\/v2\/types\/post"}],"author":[{"embeddable":true,"href":"https:\/\/politicosaldesnudo.com.mx\/index.php\/wp-json\/wp\/v2\/users\/4"}],"replies":[{"embeddable":true,"href":"https:\/\/politicosaldesnudo.com.mx\/index.php\/wp-json\/wp\/v2\/comments?post=85347"}],"version-history":[{"count":1,"href":"https:\/\/politicosaldesnudo.com.mx\/index.php\/wp-json\/wp\/v2\/posts\/85347\/revisions"}],"predecessor-version":[{"id":85348,"href":"https:\/\/politicosaldesnudo.com.mx\/index.php\/wp-json\/wp\/v2\/posts\/85347\/revisions\/85348"}],"wp:featuredmedia":[{"embeddable":true,"href":"https:\/\/politicosaldesnudo.com.mx\/index.php\/wp-json\/wp\/v2\/media\/78325"}],"wp:attachment":[{"href":"https:\/\/politicosaldesnudo.com.mx\/index.php\/wp-json\/wp\/v2\/media?parent=85347"}],"wp:term":[{"taxonomy":"category","embeddable":true,"href":"https:\/\/politicosaldesnudo.com.mx\/index.php\/wp-json\/wp\/v2\/categories?post=85347"},{"taxonomy":"post_tag","embeddable":true,"href":"https:\/\/politicosaldesnudo.com.mx\/index.php\/wp-json\/wp\/v2\/tags?post=85347"}],"curies":[{"name":"wp","href":"https:\/\/api.w.org\/{rel}","templated":true}]}}