{"id":862,"date":"2021-12-22T17:46:52","date_gmt":"2021-12-22T23:46:52","guid":{"rendered":"https:\/\/politicosaldesnudo.com.mx\/?p=862"},"modified":"2023-03-08T23:05:13","modified_gmt":"2023-03-09T05:05:13","slug":"argentina-paga-al-fmi-parte-de-deuda-contraida-por-macri","status":"publish","type":"post","link":"https:\/\/politicosaldesnudo.com.mx\/index.php\/2021\/12\/22\/argentina-paga-al-fmi-parte-de-deuda-contraida-por-macri\/","title":{"rendered":"Argentina paga al FMI parte de deuda contra\u00edda por Macri"},"content":{"rendered":"<p class=\"p1\"><strong>BUENOS AIRES.<\/strong> El Gobierno de <strong>Alberto Fern\u00e1ndez le pag\u00f3 al Fondo Monetario Internacional (FMI) 1,892 millones de d\u00f3lares<\/strong>, correspondientes al<strong> pr\u00e9stamo de casi 45,000 millones concretado bajo la administraci\u00f3n de Mauricio Macri<\/strong>, mientras el pa\u00eds sudamericano y la entidad financiera negocian nuevas condiciones para el acuerdo.<\/p>\n<p class=\"p1\"><strong>Este desembolso se produjo luego de que la Justicia local rechazara\u00a0una medida cautelar solicitada por el titular del Banco Naci\u00f3n<\/strong>, Claudio Lozano. En concreto, a horas del vencimiento, el dirigente pidi\u00f3 que <strong>\u00abel Estado nacional suspenda todo pago de deuda\u00bb con el FMI<\/strong>, \u00abhasta que\u00a0el Congreso analice la legalidad\u00a0y constitucionalidad de dicho endeudamiento y trate nuevos acuerdos\u201d.<\/p>\n<p class=\"p1\">Aquel pedido se sustenta en que <strong>Macri solicit\u00f3 el financiamiento sin\u00a0presentar su debido debate en el Poder Legislativo, como lo determina la Constituci\u00f3n.<\/strong> \u00abMientras el Fondo no reconozca su corresponsabilidad en la crisis argentina,\u00a0nuestro pa\u00eds debe suspender los pagos y seguir conversando\u00bb, enfatiz\u00f3 Lozano. Sin embargo,\u00a0el Juzgado Criminal y Correccional Federal N\u00b0 5 desestim\u00f3 su planteo.<\/p>\n<p><strong>MERCADO EN EL MEJOR MOMENTO<\/strong><\/p>\n<p class=\"p1\">As\u00ed, la jornada inici\u00f3 con mejoras en las acciones argentinas: el \u00edndice S&amp;P Merval, el m\u00e1s usado del mercado accionario local, comenz\u00f3 este mi\u00e9rcoles <strong>con una crecida del 0,87 %. En la sesi\u00f3n previa, ya hab\u00eda subido un 2,72 %.\u00a0<\/strong><\/p>\n<p class=\"p1\">Igualmente, el pago al Fondo,\u00a0<strong>que se produce mientras\u00a0el pa\u00eds\u00a0registra\u00a0un\u00a040,6 % de pobreza, fue repudiado por sectores de izquierda<\/strong>. De hecho, se produjeron algunas\u00a0movilizaciones frente al Banco Central, entidad que efectu\u00f3 el giro. <strong>\u00abSon 40.000 viviendas\u00bb<\/strong>,\u00a0equipar\u00f3\u00a0durante la manifestaci\u00f3n Pablo Vasco, dirigente del Movimiento Socialista de los Trabajadores (MST).<\/p>\n<p class=\"p1\">En cuanto a la casa madre del sistema bancario argentino, e<strong>conomistas locales advierten que el desembolso podr\u00eda reducir las reservas por debajo de los 40.000 millones de d\u00f3lares<\/strong>, mientras persisten las restricciones cambiarias para que los ciudadanos adquieran la divisa estadounidense.<\/p>\n<p class=\"p1\">Entre tanto, el <strong>Ejecutivo intenta renegociar el pago del endeudamiento, aunque los avances se ven afectados luego de que el Congreso\u00a0desaprobara el proyecto del presupuesto del 2022.<\/strong><\/p>\n<blockquote>\n<p class=\"p1\">Habl\u00e9 con la titular del FMI, Kristalina Georgieva. Ambos reconocimos el problema inesperado del rechazo del presupuesto, pero nos comprometimos a seguir trabajando plenamente enfocados en materializar un acuerdo que no comprometa la continuidad de la recuperaci\u00f3n econ\u00f3mica inclusiva\u00bb, expres\u00f3 Fern\u00e1ndez<\/p>\n<\/blockquote>\n","protected":false},"excerpt":{"rendered":"<p>BUENOS AIRES. El Gobierno de Alberto Fern\u00e1ndez le pag\u00f3 al Fondo Monetario Internacional (FMI) 1,892 millones de d\u00f3lares, correspondientes al<\/p>\n","protected":false},"author":1,"featured_media":866,"comment_status":"closed","ping_status":"closed","sticky":false,"template":"","format":"standard","meta":{"colormag_page_container_layout":"default_layout","colormag_page_sidebar_layout":"default_layout","_jetpack_memberships_contains_paid_content":false,"footnotes":"","jetpack_publicize_message":"","jetpack_publicize_feature_enabled":true,"jetpack_social_post_already_shared":false,"jetpack_social_options":{"image_generator_settings":{"template":"highway","default_image_id":0,"font":"","enabled":false},"version":2}},"categories":[28],"tags":[116,117,114,118,115],"class_list":["post-862","post","type-post","status-publish","format-standard","has-post-thumbnail","hentry","category-internacional","tag-alberto-fernandez","tag-argentina","tag-deuda-fmi","tag-fondo-monetario-internacional","tag-mauricio-macri"],"jetpack_publicize_connections":[],"jetpack_featured_media_url":"https:\/\/i0.wp.com\/politicosaldesnudo.com.mx\/wp-content\/uploads\/2021\/12\/ALBERTO-FERNA%CC%81NDEZ.png?fit=1816%2C1016&ssl=1","jetpack-related-posts":[],"jetpack_sharing_enabled":true,"_links":{"self":[{"href":"https:\/\/politicosaldesnudo.com.mx\/index.php\/wp-json\/wp\/v2\/posts\/862","targetHints":{"allow":["GET"]}}],"collection":[{"href":"https:\/\/politicosaldesnudo.com.mx\/index.php\/wp-json\/wp\/v2\/posts"}],"about":[{"href":"https:\/\/politicosaldesnudo.com.mx\/index.php\/wp-json\/wp\/v2\/types\/post"}],"author":[{"embeddable":true,"href":"https:\/\/politicosaldesnudo.com.mx\/index.php\/wp-json\/wp\/v2\/users\/1"}],"replies":[{"embeddable":true,"href":"https:\/\/politicosaldesnudo.com.mx\/index.php\/wp-json\/wp\/v2\/comments?post=862"}],"version-history":[{"count":0,"href":"https:\/\/politicosaldesnudo.com.mx\/index.php\/wp-json\/wp\/v2\/posts\/862\/revisions"}],"wp:featuredmedia":[{"embeddable":true,"href":"https:\/\/politicosaldesnudo.com.mx\/index.php\/wp-json\/wp\/v2\/media\/866"}],"wp:attachment":[{"href":"https:\/\/politicosaldesnudo.com.mx\/index.php\/wp-json\/wp\/v2\/media?parent=862"}],"wp:term":[{"taxonomy":"category","embeddable":true,"href":"https:\/\/politicosaldesnudo.com.mx\/index.php\/wp-json\/wp\/v2\/categories?post=862"},{"taxonomy":"post_tag","embeddable":true,"href":"https:\/\/politicosaldesnudo.com.mx\/index.php\/wp-json\/wp\/v2\/tags?post=862"}],"curies":[{"name":"wp","href":"https:\/\/api.w.org\/{rel}","templated":true}]}}