{"id":8621,"date":"2022-08-04T08:48:57","date_gmt":"2022-08-04T13:48:57","guid":{"rendered":"https:\/\/politicosaldesnudo.com.mx\/?p=8621"},"modified":"2022-08-04T08:48:57","modified_gmt":"2022-08-04T13:48:57","slug":"ratifica-senado-a-nuevos-embajadores-designacion-para-rusia-centra-debate","status":"publish","type":"post","link":"https:\/\/politicosaldesnudo.com.mx\/index.php\/2022\/08\/04\/ratifica-senado-a-nuevos-embajadores-designacion-para-rusia-centra-debate\/","title":{"rendered":"Ratifica Senado a nuevos embajadores, designaci\u00f3n para Rusia centra debate"},"content":{"rendered":"<p class=\"p1\">\n<p class=\"p1\"><span style=\"font-size: 14pt;\"><em><strong>CIUDAD DE M\u00c9XICO.<\/strong> <\/em>El Pleno de la Comisi\u00f3n Permanente\u00a0ratific\u00f3 al y las embajadoras de M\u00e9xico en Rusia, <strong>Eduardo Villegas Meg\u00edas<\/strong>; en Irlanda, <strong>Carolina Zaragoza Flores<\/strong>; en Azerbaiy\u00e1n, <strong>Mar\u00eda Victoria Romero Caballero<\/strong>; en Dinamarca, <strong>Norma Bertha Pensado Romero<\/strong>, y <strong>Amparo Er\u00e9ndira Anguiano Rodr\u00edguez<\/strong>, en Rumania.\u00a0<\/span><\/p>\n<p class=\"p1\"><span style=\"font-size: 18pt;\"><strong>El debate se centr\u00f3 en la <span style=\"color: #139eca;\">designaci\u00f3n de Eduardo Villegas Meg\u00edas<\/span>, como <span style=\"color: #139eca;\">Embajador Extraordinario y Plenipotenciario de M\u00e9xico en Rusia<\/span>, y en forma concurrente, sujeto a la recepci\u00f3n de los benepl\u00e1citos correspondientes, ante las rep\u00fablicas de Armenia y Belar\u00fas.\u00a0<\/strong><\/span><\/p>\n<p class=\"p1\"><span style=\"font-size: 14pt;\">Villegas Meg\u00edas propuesto por el presidente de la Rep\u00fablica, fue ratificado con 20 votos a favor, 13 en contra y cero abstenciones.\u00a0<\/span><\/p>\n<p class=\"p1\"><span style=\"font-size: 14pt;\">Al respecto, el presidente de la Primera Comisi\u00f3n, Jorge Carlos Ram\u00edrez Mar\u00edn, expres\u00f3 que comparecieron las cinco personas propuestas por el Ejecutivo Federal, quienes son grandes personajes, cuatro de ellas ligadas permanentemente al Servicio Exterior Mexicano y un destacado intelectual, historiador y fil\u00f3sofo.\u00a0<\/span><\/p>\n<p class=\"p1\"><span style=\"font-size: 14pt;\">Ante los tiempos que vivimos, dijo, la diplomacia de M\u00e9xico y sus relaciones exteriores deben atenderse no solamente en criterios comerciales, sino que deben tener acciones definitivas y ser una parte importante en las soluciones que el mundo enfrenta actualmente.\u00a0<\/span><\/p>\n<p>&nbsp;<\/p>\n<p class=\"p1\"><span style=\"color: #139eca;\"><strong><span style=\"font-size: 18pt;\">PRI Y PAN EN CONTRA<\/span><\/strong><\/span><\/p>\n<p class=\"p1\"><span style=\"font-size: 18pt;\"><strong>De Acci\u00f3n Nacional, el senador <span style=\"color: #139eca;\">Jos\u00e9 Alfredo Botello Montes<\/span>, asever\u00f3 que debido a la situaci\u00f3n por la que vive el mundo en los temas de seguridad, econom\u00eda y sociedad, no es el momento de elegir a alguien con las caracter\u00edsticas de Eduardo Villegas, por lo que se debe designar a otra persona que atienda el momento que vive la regi\u00f3n, o dejar a quien llevaba la representaci\u00f3n mexicana.\u00a0<\/strong><\/span><\/p>\n<p class=\"p1\"><span style=\"font-size: 18pt;\"><strong>Para el PRI, la designaci\u00f3n del embajador en Rusia no es favorable, afirm\u00f3 la senadora <span style=\"color: #139eca;\">Claudia Ruiz Massieu<\/span>\u00a0y acot\u00f3 que debe analizarse con mayor profundidad, pues se trata de una de las primeras potencias nucleares y energ\u00e9ticas en gas y petr\u00f3leo, l\u00edder en la exportaci\u00f3n mundial e influencia incuestionable en diversas regiones del mundo.<span class=\"Apple-converted-space\">\u00a0<\/span><\/strong><\/span><\/p>\n<p>&nbsp;<\/p>\n<p class=\"p1\"><span style=\"font-size: 18pt; color: #139eca;\"><strong>PVEM Y MORENA A FAVOR<\/strong><\/span><\/p>\n<p class=\"p1\"><span style=\"font-size: 18pt;\"><strong>Por el PVEM, el senador <span style=\"color: #139eca;\">Rogelio Israel Zamora Guzm\u00e1n<\/span> asegur\u00f3 que la decisi\u00f3n del presidente al designar a Eduardo Villegas no es equivocada, al tiempo que subray\u00f3 que los argumentos vertidos por la oposici\u00f3n no son constitucionales, legales o l\u00f3gicos, adem\u00e1s de que \u201cno hay ning\u00fan texto que indique que un embajador debe contar con trayectoria diplom\u00e1tica\u201d.\u00a0<\/strong><\/span><\/p>\n<p class=\"p1\">Marcos Rosendo Medina, diputado de Morena, enfatiz\u00f3 que nombrar a un diplom\u00e1tico de carrera no es relevante, porque integrantes diplom\u00e1ticos con experiencia han representado a M\u00e9xico y no dieron buenos resultados, al contrario, tuvieron muchos errores y denigraron la presencia de nuestro pa\u00eds en el exterior.<\/p>\n<p class=\"p1\"><span style=\"font-size: 18pt;\"><strong>Tambi\u00e9n de Morena, la diputada <span style=\"color: #139eca;\">Yeidckol Polevnsky Gurwitz<\/span>, resalt\u00f3 que cuatro de los cinco nombramientos diplom\u00e1ticos corresponden a mujeres, lo que demuestra la importancia que da el Ejecutivo Federal a estas, adem\u00e1s Eduardo Villegas, dijo, tiene un amplio conocimiento de la situaci\u00f3n actual de Rusia.\u00a0<\/strong><\/span><\/p>\n<p class=\"p1\"><span style=\"font-size: 14pt;\">A su vez, el diputado Reginaldo Sandoval Flores, del PT, manifest\u00f3 que los nombramientos cuentan con perfiles adecuados para la labor que desempe\u00f1ar\u00e1n, por lo que representar\u00e1n dignamente a M\u00e9xico. Adem\u00e1s, apunt\u00f3, Villegas Meg\u00edas posee el conocimiento para ser el representante diplom\u00e1tico de nuestro pa\u00eds en Rusia. \u00a0<\/span><\/p>\n<p class=\"p1\"><span style=\"font-size: 14pt;\">Una vez ratificados Eduardo Villegas Meg\u00edas, Carolina Zaragoza Flores Rodr\u00edguez, Mar\u00eda Victoria Romero Caballero, Norma Bertha Pensado Moreno, y Amparo Er\u00e9ndira Anguiano Rodr\u00edguez, la presidenta de la Mesa Directiva, senadora Olga S\u00e1nchez Cordero les tom\u00f3 protesta. \u00a0<\/span><\/p>\n<p class=\"p1\">\n<p>&nbsp;<\/p>\n<p>&nbsp;<\/p>\n","protected":false},"excerpt":{"rendered":"<p>CIUDAD DE M\u00c9XICO. El Pleno de la Comisi\u00f3n Permanente\u00a0ratific\u00f3 al y las embajadoras de M\u00e9xico en Rusia, Eduardo Villegas Meg\u00edas;<\/p>\n","protected":false},"author":4,"featured_media":8622,"comment_status":"closed","ping_status":"closed","sticky":false,"template":"","format":"standard","meta":{"colormag_page_container_layout":"default_layout","colormag_page_sidebar_layout":"default_layout","_jetpack_memberships_contains_paid_content":false,"footnotes":"","jetpack_publicize_message":"","jetpack_publicize_feature_enabled":true,"jetpack_social_post_already_shared":false,"jetpack_social_options":{"image_generator_settings":{"template":"highway","default_image_id":0,"font":"","enabled":false},"version":2}},"categories":[33],"tags":[1271,42,357],"class_list":["post-8621","post","type-post","status-publish","format-standard","has-post-thumbnail","hentry","category-nacional","tag-embajadores","tag-mexico","tag-senado"],"jetpack_publicize_connections":[],"jetpack_featured_media_url":"https:\/\/i0.wp.com\/politicosaldesnudo.com.mx\/wp-content\/uploads\/2022\/08\/P-EMBAJADORES-ME%CC%81XICO.png?fit=1816%2C1016&ssl=1","jetpack-related-posts":[],"jetpack_sharing_enabled":true,"_links":{"self":[{"href":"https:\/\/politicosaldesnudo.com.mx\/index.php\/wp-json\/wp\/v2\/posts\/8621","targetHints":{"allow":["GET"]}}],"collection":[{"href":"https:\/\/politicosaldesnudo.com.mx\/index.php\/wp-json\/wp\/v2\/posts"}],"about":[{"href":"https:\/\/politicosaldesnudo.com.mx\/index.php\/wp-json\/wp\/v2\/types\/post"}],"author":[{"embeddable":true,"href":"https:\/\/politicosaldesnudo.com.mx\/index.php\/wp-json\/wp\/v2\/users\/4"}],"replies":[{"embeddable":true,"href":"https:\/\/politicosaldesnudo.com.mx\/index.php\/wp-json\/wp\/v2\/comments?post=8621"}],"version-history":[{"count":0,"href":"https:\/\/politicosaldesnudo.com.mx\/index.php\/wp-json\/wp\/v2\/posts\/8621\/revisions"}],"wp:featuredmedia":[{"embeddable":true,"href":"https:\/\/politicosaldesnudo.com.mx\/index.php\/wp-json\/wp\/v2\/media\/8622"}],"wp:attachment":[{"href":"https:\/\/politicosaldesnudo.com.mx\/index.php\/wp-json\/wp\/v2\/media?parent=8621"}],"wp:term":[{"taxonomy":"category","embeddable":true,"href":"https:\/\/politicosaldesnudo.com.mx\/index.php\/wp-json\/wp\/v2\/categories?post=8621"},{"taxonomy":"post_tag","embeddable":true,"href":"https:\/\/politicosaldesnudo.com.mx\/index.php\/wp-json\/wp\/v2\/tags?post=8621"}],"curies":[{"name":"wp","href":"https:\/\/api.w.org\/{rel}","templated":true}]}}