{"id":8624,"date":"2022-08-04T06:30:03","date_gmt":"2022-08-04T11:30:03","guid":{"rendered":"https:\/\/politicosaldesnudo.com.mx\/?p=8624"},"modified":"2022-08-04T08:58:43","modified_gmt":"2022-08-04T13:58:43","slug":"cdmx-iniciara-operativo-contra-ambulancias-patito","status":"publish","type":"post","link":"https:\/\/politicosaldesnudo.com.mx\/index.php\/2022\/08\/04\/cdmx-iniciara-operativo-contra-ambulancias-patito\/","title":{"rendered":"CdMx iniciar\u00e1 operativo contra \u201cambulancias patito\u201d"},"content":{"rendered":"<p class=\"p1\">\n<p class=\"p1\"><span style=\"font-size: 14pt;\"><em><strong>CIUDAD DE M\u00c9XICO.<\/strong> <\/em><span class=\"s1\">El <strong>Gobierno de la Ciudad de M\u00e9xico<\/strong>, inform\u00f3 que el pr\u00f3ximo <strong>23 de agosto<\/strong> se realizar\u00e1 un operativo para identificar y sacar de circulaci\u00f3n a las <strong>ambulancias patito.<\/strong><\/span><\/span><\/p>\n<p class=\"p4\"><span style=\"font-size: 14pt;\">De acuerdo con el director general de protecci\u00f3n sanitaria de la capital, \u00c1ngel Gonzalez Dominguez, el proceso de verificaci\u00f3n de las unidades es de manera permanente.<\/span><\/p>\n<p class=\"p4\"><span style=\"font-size: 14pt;\">Al respecto, destac\u00f3 que en el operativo participar\u00e1n las secretar\u00edas de Movilidad y Seguridad y Protecci\u00f3n Ciudadana, entre otras dependencias del Gobierno de la Ciudad de M\u00e9xico.<\/span><\/p>\n<p class=\"p4\"><span style=\"font-size: 18pt;\"><strong>Las autoridades emitieron recomendaciones para saber si una ambulancia es patito, entre ellas, estar pendiente de que cumplan con requisitos como portar placa con letras AM, seguida de tres d\u00edgitos y dos letras.<\/strong><\/span><\/p>\n<p class=\"p4\"><span style=\"font-size: 18pt;\"><strong>Incluso deben portar la leyenda ambulancia al frente, en los costados y en la parte superior.<\/strong><\/span><\/p>\n<p class=\"p4\"><span style=\"font-size: 18pt;\"><strong>De igual manera, todas las ambulancias p\u00fablicas o privadas tienen un n\u00famero que las identifica y que es asignado por la instituci\u00f3n a la que pertenecen.<\/strong><\/span><\/p>\n<p>&nbsp;<\/p>\n<p>&nbsp;<\/p>\n<p>&nbsp;<\/p>\n<p>&nbsp;<\/p>\n<p>&nbsp;<\/p>\n","protected":false},"excerpt":{"rendered":"<p>CIUDAD DE M\u00c9XICO. El Gobierno de la Ciudad de M\u00e9xico, inform\u00f3 que el pr\u00f3ximo 23 de agosto se realizar\u00e1 un<\/p>\n","protected":false},"author":4,"featured_media":8625,"comment_status":"closed","ping_status":"closed","sticky":false,"template":"","format":"standard","meta":{"colormag_page_container_layout":"default_layout","colormag_page_sidebar_layout":"default_layout","_jetpack_memberships_contains_paid_content":false,"footnotes":"","jetpack_publicize_message":"","jetpack_publicize_feature_enabled":true,"jetpack_social_post_already_shared":false,"jetpack_social_options":{"image_generator_settings":{"template":"highway","default_image_id":0,"font":"","enabled":false},"version":2}},"categories":[30],"tags":[1272,163],"class_list":["post-8624","post","type-post","status-publish","format-standard","has-post-thumbnail","hentry","category-estados","tag-ambulancias","tag-cdmx"],"jetpack_publicize_connections":[],"jetpack_featured_media_url":"https:\/\/i0.wp.com\/politicosaldesnudo.com.mx\/wp-content\/uploads\/2022\/08\/P-AMBULANCIACDMX.png?fit=1816%2C1016&ssl=1","jetpack-related-posts":[],"jetpack_sharing_enabled":true,"_links":{"self":[{"href":"https:\/\/politicosaldesnudo.com.mx\/index.php\/wp-json\/wp\/v2\/posts\/8624","targetHints":{"allow":["GET"]}}],"collection":[{"href":"https:\/\/politicosaldesnudo.com.mx\/index.php\/wp-json\/wp\/v2\/posts"}],"about":[{"href":"https:\/\/politicosaldesnudo.com.mx\/index.php\/wp-json\/wp\/v2\/types\/post"}],"author":[{"embeddable":true,"href":"https:\/\/politicosaldesnudo.com.mx\/index.php\/wp-json\/wp\/v2\/users\/4"}],"replies":[{"embeddable":true,"href":"https:\/\/politicosaldesnudo.com.mx\/index.php\/wp-json\/wp\/v2\/comments?post=8624"}],"version-history":[{"count":0,"href":"https:\/\/politicosaldesnudo.com.mx\/index.php\/wp-json\/wp\/v2\/posts\/8624\/revisions"}],"wp:featuredmedia":[{"embeddable":true,"href":"https:\/\/politicosaldesnudo.com.mx\/index.php\/wp-json\/wp\/v2\/media\/8625"}],"wp:attachment":[{"href":"https:\/\/politicosaldesnudo.com.mx\/index.php\/wp-json\/wp\/v2\/media?parent=8624"}],"wp:term":[{"taxonomy":"category","embeddable":true,"href":"https:\/\/politicosaldesnudo.com.mx\/index.php\/wp-json\/wp\/v2\/categories?post=8624"},{"taxonomy":"post_tag","embeddable":true,"href":"https:\/\/politicosaldesnudo.com.mx\/index.php\/wp-json\/wp\/v2\/tags?post=8624"}],"curies":[{"name":"wp","href":"https:\/\/api.w.org\/{rel}","templated":true}]}}