{"id":8653,"date":"2022-08-05T17:14:51","date_gmt":"2022-08-05T22:14:51","guid":{"rendered":"https:\/\/politicosaldesnudo.com.mx\/?p=8653"},"modified":"2022-08-05T17:14:51","modified_gmt":"2022-08-05T22:14:51","slug":"temporalmente-canada-prohibe-importacion-de-armas-de-fuego","status":"publish","type":"post","link":"https:\/\/politicosaldesnudo.com.mx\/index.php\/2022\/08\/05\/temporalmente-canada-prohibe-importacion-de-armas-de-fuego\/","title":{"rendered":"Temporalmente, Canad\u00e1 prohibe importaci\u00f3n de armas de fuego"},"content":{"rendered":"<p class=\"p1\">\n<p class=\"p3\"><span style=\"font-size: 14pt;\"><em><strong>CANAD\u00c1, Can.<\/strong> <\/em>Canad\u00e1 ha anunciado que suspender\u00e1 temporalmente la importaci\u00f3n de armas de fuego a partir del pr\u00f3ximo 19 de agosto, en un intento por frenar la violencia armada en el pa\u00eds. <\/span><\/p>\n<p class=\"p3\"><span style=\"font-size: 14pt;\"><span style=\"font-size: 18pt; color: #139eca;\"><strong>Las armas \u201ctienen un s\u00f3lo prop\u00f3sito, matar personas\u201d<\/strong><\/span>, dijo el ministro de Seguridad P\u00fablica, Marco Mendicino, en una rueda de prensa anunciando la medida. <\/span><span style=\"font-size: 18pt;\"><strong>\u00abMe enorgullece anunciar que nuestro gobierno ha decidido prohibir la importaci\u00f3n de armas cortas\u00bb<\/strong><\/span><\/p>\n<p class=\"p1\"><span style=\"font-size: 14pt;\">Se trata de una \u00abprohibici\u00f3n temporal\u00bb que se aplicar\u00e1 desde el 19 de agosto a particulares y empresas y \u00abhasta la entrada en vigor de un congelamiento nacional\u00bb.<\/span><\/p>\n<p class=\"p1\"><span style=\"font-size: 18pt;\"><strong>El\u00a0Gobierno\u00a0a\u00f1adi\u00f3 que la medida, que afecta a particulares y a empresas, tiene car\u00e1cter temporal y que va a \u201cdurar hasta que entre en vigor la congelaci\u00f3n nacional\u201d, que se espera que suceda entre el pr\u00f3ximo mes de octubre y marzo del a\u00f1o que viene.<\/strong><\/span><\/p>\n<p class=\"p3\"><span style=\"font-size: 14pt;\">La suspensi\u00f3n, que fue anunciada por Trudeau tras la matanza de Uvalde, ha sido recibida con\u00a0escepticismo\u00a0por los expertos, que consideran que el verdadero problema del pa\u00eds es el contrabando de armas. Desde el 1 de enero de 2019 hasta el 30 de junio de 2022, la regi\u00f3n del Pac\u00edfico de CBSA confisc\u00f3 581 armas de fuego en los puertos de entrada y en env\u00edos de correo internacional.<\/span><\/p>\n<p class=\"p3\"><span style=\"font-size: 18pt;\"><strong>La medida tambi\u00e9n se da en el contexto de un repunte de los delitos relacionados con armas de fuego: esta semana se cometieron\u00a0tres homicidios\u00a0en 24 horas en la regi\u00f3n de Montreal. En la segunda d\u00e9cada del siglo XXI, la tasa de homicidios relacionados con armas de fuego aument\u00f3 un 7%, seg\u00fan datos del Gobierno canadiense.<\/strong><\/span><\/p>\n<p class=\"p3\"><span style=\"font-size: 14pt;\">Sin embargo, su anuncio parece haber tenido un\u00a0efecto contraproducente,\u00a0ya que en pocas horas se agotaron las existencias en distintas armer\u00edas del pa\u00eds.<\/span><\/p>\n<p>&nbsp;<\/p>\n<p>&nbsp;<\/p>\n<p>&nbsp;<\/p>\n","protected":false},"excerpt":{"rendered":"<p>CANAD\u00c1, Can. Canad\u00e1 ha anunciado que suspender\u00e1 temporalmente la importaci\u00f3n de armas de fuego a partir del pr\u00f3ximo 19 de<\/p>\n","protected":false},"author":4,"featured_media":8654,"comment_status":"closed","ping_status":"closed","sticky":false,"template":"","format":"standard","meta":{"colormag_page_container_layout":"default_layout","colormag_page_sidebar_layout":"default_layout","_jetpack_memberships_contains_paid_content":false,"footnotes":"","jetpack_publicize_message":"","jetpack_publicize_feature_enabled":true,"jetpack_social_post_already_shared":false,"jetpack_social_options":{"image_generator_settings":{"template":"highway","default_image_id":0,"font":"","enabled":false},"version":2}},"categories":[28],"tags":[637,1224],"class_list":["post-8653","post","type-post","status-publish","format-standard","has-post-thumbnail","hentry","category-internacional","tag-armas-de-fuego","tag-canada"],"jetpack_publicize_connections":[],"jetpack_featured_media_url":"https:\/\/i0.wp.com\/politicosaldesnudo.com.mx\/wp-content\/uploads\/2022\/08\/P-ARMAS.png?fit=1816%2C1016&ssl=1","jetpack-related-posts":[],"jetpack_sharing_enabled":true,"_links":{"self":[{"href":"https:\/\/politicosaldesnudo.com.mx\/index.php\/wp-json\/wp\/v2\/posts\/8653","targetHints":{"allow":["GET"]}}],"collection":[{"href":"https:\/\/politicosaldesnudo.com.mx\/index.php\/wp-json\/wp\/v2\/posts"}],"about":[{"href":"https:\/\/politicosaldesnudo.com.mx\/index.php\/wp-json\/wp\/v2\/types\/post"}],"author":[{"embeddable":true,"href":"https:\/\/politicosaldesnudo.com.mx\/index.php\/wp-json\/wp\/v2\/users\/4"}],"replies":[{"embeddable":true,"href":"https:\/\/politicosaldesnudo.com.mx\/index.php\/wp-json\/wp\/v2\/comments?post=8653"}],"version-history":[{"count":0,"href":"https:\/\/politicosaldesnudo.com.mx\/index.php\/wp-json\/wp\/v2\/posts\/8653\/revisions"}],"wp:featuredmedia":[{"embeddable":true,"href":"https:\/\/politicosaldesnudo.com.mx\/index.php\/wp-json\/wp\/v2\/media\/8654"}],"wp:attachment":[{"href":"https:\/\/politicosaldesnudo.com.mx\/index.php\/wp-json\/wp\/v2\/media?parent=8653"}],"wp:term":[{"taxonomy":"category","embeddable":true,"href":"https:\/\/politicosaldesnudo.com.mx\/index.php\/wp-json\/wp\/v2\/categories?post=8653"},{"taxonomy":"post_tag","embeddable":true,"href":"https:\/\/politicosaldesnudo.com.mx\/index.php\/wp-json\/wp\/v2\/tags?post=8653"}],"curies":[{"name":"wp","href":"https:\/\/api.w.org\/{rel}","templated":true}]}}