{"id":8709,"date":"2022-08-08T00:58:20","date_gmt":"2022-08-08T05:58:20","guid":{"rendered":"https:\/\/politicosaldesnudo.com.mx\/?p=8709"},"modified":"2022-08-08T00:58:20","modified_gmt":"2022-08-08T05:58:20","slug":"cual-es-el-proyecto-de-pais-que-queremos","status":"publish","type":"post","link":"https:\/\/politicosaldesnudo.com.mx\/index.php\/2022\/08\/08\/cual-es-el-proyecto-de-pais-que-queremos\/","title":{"rendered":"\u00bfCu\u00e1l es el proyecto de pa\u00eds que queremos?"},"content":{"rendered":"<p class=\"p1\">\n<p>&nbsp;<\/p>\n<p class=\"p1\"><span style=\"font-size: 18pt;\"><b>Por Ricardo Homs<\/b><\/span><\/p>\n<p class=\"p1\"><span style=\"font-size: 14pt;\">La vocaci\u00f3n de cualquier gobierno es el servicio p\u00fablico, teniendo como centro de atenci\u00f3n y raz\u00f3n de ser al ciudadano y sus necesidades y expectativas.<span class=\"Apple-converted-space\">\u00a0<\/span><\/span><\/p>\n<p class=\"p1\"><span style=\"font-size: 14pt;\">Los gobiernos democr\u00e1ticos trabajan para ofrecer a la sociedad la mejor calidad de vida posible y para ello enfocan su actividad hacia todas las facetas que sustentan el logro de este objetivo, como son: salud, seguridad, educaci\u00f3n, fomento de la productividad y en general todas las condiciones que permitan el desarrollo y el progreso, as\u00ed como tambi\u00e9n la preservaci\u00f3n del ambiente natural, como un compromiso con este territorio que es la casa de todos los mexicanos.<\/span><\/p>\n<p class=\"p1\"><span style=\"font-size: 14pt;\">En contraste, este gobierno de la 4T ha olvidado su compromiso con la sociedad mexicana y est\u00e1 enfocando toda su esfuerzo y atenci\u00f3n hacia la preservaci\u00f3n del poder y el mantenimiento del control total y absoluto del pa\u00eds por los pr\u00f3ximos a\u00f1os, como lo hacen todas las dictaduras.<span class=\"Apple-converted-space\">\u00a0<\/span><\/span><\/p>\n<p class=\"p1\"><span style=\"font-size: 14pt;\">Por ello el eje de la atenci\u00f3n presidencial est\u00e1 orientado al tema electoral y pol\u00edtico. Los ciudadanos y las instituciones de la sociedad organizada, -incluyendo a los medios de comunicaci\u00f3n-, son un estorbo y por ello son calificados como adversarios que pretenden mantener sus propios privilegios, alcanzados a partir del modelo neoliberal. As\u00ed, -con esta narrativa-, se pretende la manipulaci\u00f3n de las conciencias a partir de la confrontaci\u00f3n entre los sectores de la sociedad.<\/span><\/p>\n<p class=\"p1\"><span style=\"font-size: 14pt;\">Los programas sociales que apoyan con cheques y pensiones a la ciudadan\u00eda, no llevan la vocaci\u00f3n de impulsar la calidad de vida de los beneficiarios, sino mantener una reserva electoral a favor de Morena.<\/span><\/p>\n<p class=\"p1\"><span style=\"font-size: 14pt;\">Quiz\u00e1 por eso quiz\u00e1 el presidente ha volcado su atenci\u00f3n hacia sus nuevos amigos, como son Cuba, Venezuela y Nicaragua, -como los m\u00e1s significativos-,<span class=\"Apple-converted-space\">\u00a0 <\/span>y ha emproblemado la relaci\u00f3n con nuestro vecino y socio comercial m\u00e1s importante, -Estados Unidos-, incluso ignorando a nuestro otro socio en la regi\u00f3n, -que es Canad\u00e1-, para quien no ha habido siquiera respuesta a sus leg\u00edtimos cuestionamientos, referentes al acuerdo que tambi\u00e9n firmamos con ellos: el T-Mec. Una descortes\u00eda diplom\u00e1tica imperdonable.<\/span><\/p>\n<p class=\"p1\"><span style=\"font-size: 14pt;\"><span class=\"Apple-converted-space\">\u00a0<\/span>Toda la narrativa presidencial manifestada en las \u201cma\u00f1aneras\u201d est\u00e1 enfocada a la competencia por los espacios de poder\u2026 no hay otra preocupaci\u00f3n. Pareciera ser que no existe la violencia mortal que padece la ciudadan\u00eda, as\u00ed como problem\u00e1ticas de salud que impiden mantener sanos a los sectores de bajos recursos, -que hoy viven supeditados a los cheques gubernamentales-, as\u00ed como un retroceso educativo y econ\u00f3mico, entre otros graves da\u00f1os derivados del desinter\u00e9s gubernamental.<\/span><\/p>\n<p class=\"p1\"><span style=\"font-size: 14pt;\">Este gobierno se ha olvidado, -en su af\u00e1n por focalizar sus recursos en garantizar la conclusi\u00f3n de las tres \u201cobras capricho\u201d-, que se debe dar mantenimiento a la infraestructura f\u00edsica de todos los activos de la naci\u00f3n. Para muestra solo basta con observar el deplorable estado en que se encuentran los m\u00f3dulos de atenci\u00f3n al cliente de CFE, donde es frecuente que se caiga el sistema y dejen de dar servicio los cajeros autom\u00e1ticos que utiliza el ciudadano para pagar su consumo de energ\u00eda el\u00e9ctrica familiar. Por lo menos en provincia, es frecuente encontrar que de cada tres cajeros, s\u00f3lo uno ofrece todas las funciones operativas.<\/span><\/p>\n<p class=\"p1\"><span style=\"font-size: 14pt;\">Y de los apagones que cada vez son m\u00e1s frecuentes, ni hablar. El tema es la falta de mantenimiento regular por falta de presupuesto.<span class=\"Apple-converted-space\">\u00a0<\/span><\/span><\/p>\n<p class=\"p1\"><span style=\"font-size: 14pt;\">De esta forma vemos que todas las dependencias gubernamentales han visto disminuir su presupuesto de operaci\u00f3n y mantenimiento para cumplir con la instrucci\u00f3n presidencial de la austeridad republicana, -primeramente-, y de la pobreza franciscana hoy, mientras ese dinero ahorrado es canalizado en abundancia a mantener el derroche en las tres obras capricho que a\u00fan no terminan de construirse y ya han rebasado con creces el presupuesto original, en un esquema de corrupci\u00f3n originado por la nueva pr\u00e1ctica de asignaciones directas de obras, que intentan blindarse con opacidad. \u00bfY la pobreza franciscana?<\/span><\/p>\n<p class=\"p1\"><span style=\"font-size: 14pt;\">El colmo de la burla fue la inauguraci\u00f3n de la refiner\u00eda de Dos Bocas cuando a\u00fan no produce ni un litro de combustible, ni lo har\u00e1 en los pr\u00f3ximos a\u00f1os.<\/span><\/p>\n<p class=\"p1\"><span style=\"font-size: 14pt;\">Muy representativo ha sido el caso de Conacyt.<span class=\"Apple-converted-space\">\u00a0 <\/span>Su directora general, -Mar\u00eda Elena \u00c1lvarez Buylla-, ha reconocido ante diputados y senadores que de los 109 fideicomisos que Conacyt administraba, -de los cuales 44 eran para investigaci\u00f3n cient\u00edfica y desarrollo tecnol\u00f3gico-, tom\u00f3 parte del dinero para entregarlo a las obras prioritarias de su jefe, que no son las que M\u00e9xico necesita.<\/span><\/p>\n<p class=\"p1\"><span style=\"font-size: 14pt;\"><span class=\"Apple-converted-space\">\u00a0<\/span>Conacyt naci\u00f3 para apoyar el desarrollo de las ciencias y de la tecnolog\u00eda y su nombre as\u00ed lo dice.<span class=\"Apple-converted-space\">\u00a0<\/span><\/span><\/p>\n<p class=\"p1\"><span style=\"font-size: 14pt;\">Al desaparecer esos fideicomisos para transferir ese dinero a las tres obras del presidente, se cerraron las posibilidades de realizar proyectos de investigaci\u00f3n y coinversiones cient\u00edficas, que se ven\u00edan realizando con el Banco Mundial, las agencias de cooperaci\u00f3n internacional y universidades extranjeras.<\/span><\/p>\n<p class=\"p1\"><span style=\"font-size: 14pt;\">Se calcula que del total de 45 mil millones de pesos que ten\u00edan esos fideicomisos, casi 22 mil se entregaron a la federaci\u00f3n para aplicarlos en los proyectos del presidente.<span class=\"Apple-converted-space\">\u00a0 <\/span>\u00bfY el futuro tecnol\u00f3gico de M\u00e9xico?<\/span><\/p>\n<p class=\"p1\"><span style=\"font-size: 14pt;\">Conacyt naci\u00f3 para fomentar la ciencia y tecnolog\u00eda. Sin embargo, hoy es un aparato burocr\u00e1tico que pretende tomar el control de centros educativos estrat\u00e9gicos para el proyecto ideol\u00f3gico del presidente. <span class=\"Apple-converted-space\">\u00a0<\/span><\/span><\/p>\n<p class=\"p1\"><span style=\"font-size: 14pt;\">El asalto al CIDE, -una gran instituci\u00f3n dedicada a la formaci\u00f3n de humanistas que cumplan con el objetivo de ayudar a crear un modelo social justo y equitativo para todos los mexicanos, a trav\u00e9s de enriquecer a nuestras instituciones-, fue planeado y operado desde Conacyt, para imponer a un director general, -que es Jos\u00e9 Antonio Romero Tellaeche-, que no cumpli\u00f3 con los protocolos que nacen de la misma comunidad acad\u00e9mica para designar a sus autoridades y desde su nombramiento asumi\u00f3 un rol represivo para expulsar de la instituci\u00f3n a funcionarios que ten\u00edan larga trayectoria y son respetados por alumnos y maestros. De esta forma gener\u00f3 las vacantes para colocar a sus amigos.<\/span><\/p>\n<p class=\"p1\"><span style=\"font-size: 14pt;\">Seguramente el objetivo de este abuso de poder es convertir al CIDE en un centro de formaci\u00f3n de ide\u00f3logos que manipulen las expectativas ciudadanas a favor de la permanencia en el poder de la 4T.<span class=\"Apple-converted-space\">\u00a0<\/span><\/span><\/p>\n<p class=\"p1\"><span style=\"font-size: 14pt;\">Pretendiendo entender lo que hoy vive M\u00e9xico, -con una violencia desenfrenada que agrede la vida de los ciudadanos-, la p\u00e9rdida de un n\u00famero creciente de territorio, -que queda bajo el control absoluto del crimen organizado-, el deterioro del estado de derecho y graves deficiencias operativas en sectores estrat\u00e9gicos como el de la salud, econom\u00eda<span class=\"Apple-converted-space\">\u00a0 <\/span>y educaci\u00f3n, -para citar s\u00f3lo algunos-, s\u00f3lo se entiende a partir de comprender que la atenci\u00f3n total de este gobierno est\u00e1 centrada, -no en servir a M\u00e9xico-, sino en su objetivo prioritario de no perder el control pol\u00edtico que obtuvieron a partir de las elecciones del 2018, con el fin de ya no cederlo en alternancia democr\u00e1tica a ning\u00fan otro proyecto de pa\u00eds que no sea el dise\u00f1ado por la 4T, siguiendo los postulados ideol\u00f3gicos del Foro de Sao Paulo.<\/span><\/p>\n<p class=\"p1\"><span style=\"font-size: 14pt;\">Con lo anterior, los ciudadanos perdemos el derecho natural de decidir libremente cual es el modelo de pa\u00eds que queremos dejar a las nuevas generaciones.<\/span><\/p>\n<p>&nbsp;<\/p>\n<p>&nbsp;<\/p>\n<p class=\"p1\"><span style=\"font-size: 18pt;\"><strong>\u00bfA usted qu\u00e9 le parece?<\/strong><\/span><\/p>\n<p>&nbsp;<\/p>\n<p class=\"p1\"><span style=\"font-size: 18pt;\"><strong>Facebook:<a href=\"https:\/\/www.facebook.com\/Ricardo.Homs1\">@Ricardo.Homs1<\/a><\/strong><\/span><\/p>\n<p class=\"p1\"><span style=\"font-size: 18pt;\"><strong>Twitter:\u00a0<\/strong><a href=\"https:\/\/twitter.com\/homsricardo\"><strong>@homsricardo<\/strong><\/a><\/span><\/p>\n<p class=\"p1\"><span style=\"font-size: 18pt;\"><strong>Linkedin:\u00a0<a href=\"https:\/\/www.linkedin.com\/in\/ricardo-homs-3920449\/?originalSubdomain=mx\">RicardoHoms<\/a><\/strong><\/span><\/p>\n<p class=\"p1\"><span style=\"font-size: 18pt;\"><a href=\"https:\/\/ricardohoms.com\/\"><strong>www.ricardohoms.com<\/strong><\/a><\/span><\/p>\n<p>&nbsp;<\/p>\n<p><span style=\"font-size: 18pt; color: #319eca;\"><em><strong>**Las columnas firmadas en este medio son responsabilidad de quienes las firman**<\/strong><\/em><\/span><\/p>\n<p>&nbsp;<\/p>\n<p>&nbsp;<\/p>\n<p>&nbsp;<\/p>\n<p>&nbsp;<\/p>\n<p>&nbsp;<\/p>\n<p>&nbsp;<\/p>\n","protected":false},"excerpt":{"rendered":"<p>&nbsp; Por Ricardo Homs La vocaci\u00f3n de cualquier gobierno es el servicio p\u00fablico, teniendo como centro de atenci\u00f3n y raz\u00f3n<\/p>\n","protected":false},"author":4,"featured_media":3778,"comment_status":"closed","ping_status":"closed","sticky":false,"template":"","format":"standard","meta":{"colormag_page_container_layout":"default_layout","colormag_page_sidebar_layout":"default_layout","_jetpack_memberships_contains_paid_content":false,"footnotes":"","jetpack_publicize_message":"","jetpack_publicize_feature_enabled":true,"jetpack_social_post_already_shared":false,"jetpack_social_options":{"image_generator_settings":{"template":"highway","default_image_id":0,"font":"","enabled":false},"version":2}},"categories":[26],"tags":[],"class_list":["post-8709","post","type-post","status-publish","format-standard","has-post-thumbnail","hentry","category-columnistas"],"jetpack_publicize_connections":[],"jetpack_featured_media_url":"https:\/\/i0.wp.com\/politicosaldesnudo.com.mx\/wp-content\/uploads\/2022\/04\/RICARDO-HOMS.png?fit=1816%2C1016&ssl=1","jetpack-related-posts":[],"jetpack_sharing_enabled":true,"_links":{"self":[{"href":"https:\/\/politicosaldesnudo.com.mx\/index.php\/wp-json\/wp\/v2\/posts\/8709","targetHints":{"allow":["GET"]}}],"collection":[{"href":"https:\/\/politicosaldesnudo.com.mx\/index.php\/wp-json\/wp\/v2\/posts"}],"about":[{"href":"https:\/\/politicosaldesnudo.com.mx\/index.php\/wp-json\/wp\/v2\/types\/post"}],"author":[{"embeddable":true,"href":"https:\/\/politicosaldesnudo.com.mx\/index.php\/wp-json\/wp\/v2\/users\/4"}],"replies":[{"embeddable":true,"href":"https:\/\/politicosaldesnudo.com.mx\/index.php\/wp-json\/wp\/v2\/comments?post=8709"}],"version-history":[{"count":0,"href":"https:\/\/politicosaldesnudo.com.mx\/index.php\/wp-json\/wp\/v2\/posts\/8709\/revisions"}],"wp:featuredmedia":[{"embeddable":true,"href":"https:\/\/politicosaldesnudo.com.mx\/index.php\/wp-json\/wp\/v2\/media\/3778"}],"wp:attachment":[{"href":"https:\/\/politicosaldesnudo.com.mx\/index.php\/wp-json\/wp\/v2\/media?parent=8709"}],"wp:term":[{"taxonomy":"category","embeddable":true,"href":"https:\/\/politicosaldesnudo.com.mx\/index.php\/wp-json\/wp\/v2\/categories?post=8709"},{"taxonomy":"post_tag","embeddable":true,"href":"https:\/\/politicosaldesnudo.com.mx\/index.php\/wp-json\/wp\/v2\/tags?post=8709"}],"curies":[{"name":"wp","href":"https:\/\/api.w.org\/{rel}","templated":true}]}}