{"id":8734,"date":"2022-08-09T07:31:06","date_gmt":"2022-08-09T12:31:06","guid":{"rendered":"https:\/\/politicosaldesnudo.com.mx\/?p=8734"},"modified":"2022-08-09T07:31:06","modified_gmt":"2022-08-09T12:31:06","slug":"asi-las-cosas","status":"publish","type":"post","link":"https:\/\/politicosaldesnudo.com.mx\/index.php\/2022\/08\/09\/asi-las-cosas\/","title":{"rendered":"As\u00ed las cosas"},"content":{"rendered":"<p>&nbsp;<\/p>\n<p>&nbsp;<\/p>\n<p class=\"p1\"><span style=\"font-size: 18pt;\"><strong>Por Alberto Woolrich Ort\u00edz<\/strong><\/span><\/p>\n<p class=\"p1\"><span style=\"font-size: 14pt;\">A veces las relaciones entre la Cuarta Transformaci\u00f3n de la Naci\u00f3n y la Abogac\u00eda Independiente de la Rep\u00fablica no son todo lo cordiales que deber\u00edan de ser.<span class=\"Apple-converted-space\">\u00a0 <\/span>Algunos \u201cSiervos de la Naci\u00f3n\u2019\u2019<span class=\"Apple-converted-space\">\u00a0 <\/span>ven en la abogac\u00eda un enemigo natural y a la inversa. La verdad es que son posiciones encontradas y condenadas a no entenderse.<span class=\"Apple-converted-space\">\u00a0 <\/span><\/span><\/p>\n<p class=\"p1\"><span style=\"font-size: 14pt;\">Estas relaciones no van a mejorar en nada con actuaciones que denoten el seguir brind\u00e1ndole impunidad al fen\u00f3meno de la narco-pol\u00edtica, como mal piensan esos servidores p\u00fablicos que ello es lo obligado.<span class=\"Apple-converted-space\">\u00a0 <\/span>Es m\u00e1s, lo que dice la Ley eso es lo obligado, seg\u00fan pensamos muchos abogados.<\/span><\/p>\n<p class=\"p1\"><span style=\"font-size: 14pt;\">Hagamos un compas<span class=\"Apple-converted-space\">\u00a0 <\/span>de espera<span class=\"Apple-converted-space\">\u00a0 <\/span>y efectuemos un periplo<span class=\"Apple-converted-space\">\u00a0 <\/span>al pasado.<\/span><\/p>\n<p class=\"p1\"><span style=\"font-size: 14pt;\">Cicer\u00f3n el mas grande abogado de todos los tiempos dijo: \u201crecuerdo lo que no quiero recordar y lo que quisiera dar al olvido no lo puedo olvidar\u2019\u2019. Memini etian quae nolo oblivisi non possum quae volo.<span class=\"Apple-converted-space\">\u00a0<\/span><\/span><\/p>\n<p class=\"p1\"><span style=\"font-size: 14pt;\">As\u00ed las cosas, regresemos al presente, para decir que esa confronta de pensamientos e ideales se debe a la posici\u00f3n de ilegalidad que hasta el momento han adoptado servidores p\u00fablicos como Andr\u00e9s Manuel L\u00f3pez Obrador y Alejandro Gertz Manero, al efectuar esa ardua empresa para defender y proteger al narcopol\u00edtico m\u00e1s importante de la historia jur\u00eddica nacional. Ambos resultan ser unos iletrados y profanos que desconocen por completo las complicadas alquimias jur\u00eddicas para encontrar una responsabilidad penal como la ley mandata, resultan uno y otro ser incapaces de captar el significado misterioso de esas formulas.<span class=\"Apple-converted-space\">\u00a0<\/span><\/span><\/p>\n<p class=\"p1\"><span style=\"font-size: 14pt;\">Para el Foro Independiente de la Rep\u00fablica, m\u00e1s arduo todav\u00eda es defender la justicia que proclama la Constituci\u00f3n Pol\u00edtica de los Estados Unidos Mexicanos y consecuentemente lo que estipula el C\u00f3digo Penal Federal, dado que esa tarea a la Cuarta Transformaci\u00f3n de la Naci\u00f3n le resulta ser de poca importancia.<span class=\"Apple-converted-space\">\u00a0<\/span><\/span><\/p>\n<p class=\"p1\"><span style=\"font-size: 14pt;\">Por un lado los \u201cSiervos de la Rep\u00fablica\u201d no quisieran recordar y pretenden dar al olvido que a consecuencia de esas alianzas creadas por el narcopol\u00edtico se perdieron vidas de incipientes guardianes de la ley. Por el otro lado, la Abogac\u00eda Independiente de la Naci\u00f3n, aunque quisiera dar al olvido, eso no lo pueden olvidar.<\/span><\/p>\n<p class=\"p1\"><span style=\"font-size: 14pt;\">Aqu\u00ed comienza lo bueno.<\/span><\/p>\n<p class=\"p1\"><span style=\"font-size: 14pt;\">Desde luego la defensa de legalidad, justicia y constitucionalidad, seguir\u00e1 insistiendo que se aperturen las actas de la narcopol\u00edtica y consecuentemente se aplique la ley.<\/span><\/p>\n<p class=\"p1\"><span style=\"font-size: 14pt;\">Ning\u00fan mexicano en su sano juicio puede seguir sosteniendo, el brindar impunidad a ese delincuente, nadie puede consentir que ese infractor de la ley penal siga siendo favorecido por el Poder Ejecutivo y la Fiscal\u00eda General de la Rep\u00fablica.<span class=\"Apple-converted-space\">\u00a0<\/span><\/span><\/p>\n<p class=\"p1\"><span style=\"font-size: 14pt;\">Para que este acto crucial de Justicia sea factible y pueda enriquecer el Estado de Derecho anhelado, resulta obligado: actuar conforme a estricto derecho.<span class=\"Apple-converted-space\">\u00a0<\/span>Es cuanto<\/span><\/p>\n<p>&nbsp;<\/p>\n<p>&nbsp;<\/p>\n<p class=\"p1\"><strong><span style=\"font-size: 18pt;\">Lic. Alberto Woolrich Ort\u00edz<\/span><\/strong><\/p>\n<p class=\"p1\"><strong><span style=\"font-size: 18pt;\">Presidente de la Academia de Derecho Penal<\/span><\/strong><\/p>\n<p class=\"p1\"><strong><span style=\"font-size: 18pt;\">del Colegio de Abogados de M\u00e9xico, A.C.<\/span><\/strong><\/p>\n<p>&nbsp;<\/p>\n<p><span style=\"font-size: 18pt; color: #139eca;\"><em><strong>**Las columnas firmadas en este medio son responsabilidad de quienes las firman**<\/strong><\/em><\/span><\/p>\n<p>&nbsp;<\/p>\n<p>&nbsp;<\/p>\n<p>&nbsp;<\/p>\n<p>&nbsp;<\/p>\n<p>&nbsp;<\/p>\n<p>&nbsp;<\/p>\n","protected":false},"excerpt":{"rendered":"<p>&nbsp; &nbsp; Por Alberto Woolrich Ort\u00edz A veces las relaciones entre la Cuarta Transformaci\u00f3n de la Naci\u00f3n y la Abogac\u00eda<\/p>\n","protected":false},"author":4,"featured_media":3845,"comment_status":"closed","ping_status":"closed","sticky":false,"template":"","format":"standard","meta":{"colormag_page_container_layout":"default_layout","colormag_page_sidebar_layout":"default_layout","_jetpack_memberships_contains_paid_content":false,"footnotes":"","jetpack_publicize_message":"","jetpack_publicize_feature_enabled":true,"jetpack_social_post_already_shared":false,"jetpack_social_options":{"image_generator_settings":{"template":"highway","default_image_id":0,"font":"","enabled":false},"version":2}},"categories":[26],"tags":[],"class_list":["post-8734","post","type-post","status-publish","format-standard","has-post-thumbnail","hentry","category-columnistas"],"jetpack_publicize_connections":[],"jetpack_featured_media_url":"https:\/\/i0.wp.com\/politicosaldesnudo.com.mx\/wp-content\/uploads\/2022\/04\/CABEZAL-ALBERTO-WOOD.png?fit=1816%2C1016&ssl=1","jetpack-related-posts":[],"jetpack_sharing_enabled":true,"_links":{"self":[{"href":"https:\/\/politicosaldesnudo.com.mx\/index.php\/wp-json\/wp\/v2\/posts\/8734","targetHints":{"allow":["GET"]}}],"collection":[{"href":"https:\/\/politicosaldesnudo.com.mx\/index.php\/wp-json\/wp\/v2\/posts"}],"about":[{"href":"https:\/\/politicosaldesnudo.com.mx\/index.php\/wp-json\/wp\/v2\/types\/post"}],"author":[{"embeddable":true,"href":"https:\/\/politicosaldesnudo.com.mx\/index.php\/wp-json\/wp\/v2\/users\/4"}],"replies":[{"embeddable":true,"href":"https:\/\/politicosaldesnudo.com.mx\/index.php\/wp-json\/wp\/v2\/comments?post=8734"}],"version-history":[{"count":0,"href":"https:\/\/politicosaldesnudo.com.mx\/index.php\/wp-json\/wp\/v2\/posts\/8734\/revisions"}],"wp:featuredmedia":[{"embeddable":true,"href":"https:\/\/politicosaldesnudo.com.mx\/index.php\/wp-json\/wp\/v2\/media\/3845"}],"wp:attachment":[{"href":"https:\/\/politicosaldesnudo.com.mx\/index.php\/wp-json\/wp\/v2\/media?parent=8734"}],"wp:term":[{"taxonomy":"category","embeddable":true,"href":"https:\/\/politicosaldesnudo.com.mx\/index.php\/wp-json\/wp\/v2\/categories?post=8734"},{"taxonomy":"post_tag","embeddable":true,"href":"https:\/\/politicosaldesnudo.com.mx\/index.php\/wp-json\/wp\/v2\/tags?post=8734"}],"curies":[{"name":"wp","href":"https:\/\/api.w.org\/{rel}","templated":true}]}}