{"id":881,"date":"2021-12-22T15:41:29","date_gmt":"2021-12-22T21:41:29","guid":{"rendered":"https:\/\/politicosaldesnudo.com.mx\/?p=881"},"modified":"2023-03-20T09:40:47","modified_gmt":"2023-03-20T15:40:47","slug":"historico-deer-park-la-nueva-refineria-de-pemex","status":"publish","type":"post","link":"https:\/\/politicosaldesnudo.com.mx\/index.php\/2021\/12\/22\/historico-deer-park-la-nueva-refineria-de-pemex\/","title":{"rendered":"Hist\u00f3rico, Deer Park la nueva refiner\u00eda de Pemex"},"content":{"rendered":"<p class=\"p1\"><strong>CIUDAD DE M\u00c9XICO.<\/strong> <strong>\u201cAlgo hist\u00f3rico\u201d<\/strong>, as\u00ed lo calific\u00f3 el presidente <strong>Andr\u00e9s Manuel L\u00f3pez Obrador<\/strong> al informar que el <strong>gobierno de Estados Unidos autoriz\u00f3 la compra de la refiner\u00eda de Deer Park en Houston, Texas, por parte de Pemex a la empresa Shell.<\/strong><\/p>\n<blockquote>\n<p class=\"p1\">Esto significa m\u00e1s capacidad para procesar el petr\u00f3leo crudo, la materia prima que se extrae de los pozos de nuestro pa\u00eds, tanto pozos de tierra como de aguas someras. Con esta refiner\u00eda, con la nueva refiner\u00eda de Dos Bocas y con la coquizadora de Tula, estamos incrementado nuestra capacidad de refinaci\u00f3n en alrededor de 700 mil barriles diarios\u201d<\/p>\n<\/blockquote>\n<p>&nbsp;<\/p>\n<figure id=\"attachment_883\" aria-describedby=\"caption-attachment-883\" style=\"width: 600px\" class=\"wp-caption aligncenter\"><img data-recalc-dims=\"1\" loading=\"lazy\" decoding=\"async\" class=\"wp-image-883\" src=\"https:\/\/i0.wp.com\/politicosaldesnudo.com.mx\/wp-content\/uploads\/2021\/12\/PEMEX2-300x168.png?resize=600%2C336&#038;ssl=1\" alt=\"\" width=\"600\" height=\"336\" srcset=\"https:\/\/i0.wp.com\/politicosaldesnudo.com.mx\/wp-content\/uploads\/2021\/12\/PEMEX2.png?resize=300%2C168&amp;ssl=1 300w, https:\/\/i0.wp.com\/politicosaldesnudo.com.mx\/wp-content\/uploads\/2021\/12\/PEMEX2.png?resize=1024%2C573&amp;ssl=1 1024w, https:\/\/i0.wp.com\/politicosaldesnudo.com.mx\/wp-content\/uploads\/2021\/12\/PEMEX2.png?resize=768%2C430&amp;ssl=1 768w, https:\/\/i0.wp.com\/politicosaldesnudo.com.mx\/wp-content\/uploads\/2021\/12\/PEMEX2.png?resize=1536%2C859&amp;ssl=1 1536w, https:\/\/i0.wp.com\/politicosaldesnudo.com.mx\/wp-content\/uploads\/2021\/12\/PEMEX2.png?w=1816&amp;ssl=1 1816w, https:\/\/i0.wp.com\/politicosaldesnudo.com.mx\/wp-content\/uploads\/2021\/12\/PEMEX2.png?w=1600&amp;ssl=1 1600w\" sizes=\"auto, (max-width: 600px) 100vw, 600px\" \/><figcaption id=\"caption-attachment-883\" class=\"wp-caption-text\">L\u00f3pez Obrador dijo \u201cayer ya se aprob\u00f3 la autorizaci\u00f3n y se va a informar a todos los mexicanos porque es una muy buena noticia\u201d<\/figcaption><\/figure>\n<p>&nbsp;<\/p>\n<p class=\"p1\"><strong>Record\u00f3 que, adicionalmente, se invierte un promedio de 10 mil millones de pesos para rehabilitar seis refiner\u00edas existentes en el pa\u00eds<\/strong>. Se espera que en 2022 toda esta infraestructura resulte en un aumento en la producci\u00f3n cercano a un mill\u00f3n 900 mil barriles.<\/p>\n<blockquote>\n<p class=\"p1\">Vamos a estar en condiciones de procesar toda nuestra materia prima. Esperemos que se pueda concretar, llevar a cabo para 2023, lo que va a significar producir en M\u00e9xico todos nuestros combustibles. Es un giro, un cambio muy importante en cuanto a nuestra pol\u00edtica petrolera y es una muy buena noticia\u201d<\/p>\n<\/blockquote>\n<p class=\"p1\"><strong>El presidente sostuvo que la autosuficiencia energ\u00e9tica permitir\u00e1 mantener precios bajos en gasolinas, di\u00e9sel, turbosina y otros petrol\u00edferos.<\/strong><\/p>\n<p class=\"p1\"><strong>Agradeci\u00f3 al presidente Joseph Biden y a los funcionarios de todas las dependencias del gobierno de Estados Unidos por su confianza<\/strong> en esta operaci\u00f3n y tambi\u00e9n a los directivos de Shell que la mantuvieron en los t\u00e9rminos pactados.<\/p>\n<p>&nbsp;<\/p>\n<p><strong>PEMEX CERRAR\u00c1 TRANSACCI\u00d3N<\/strong><\/p>\n<p class=\"p1\">Por su parte, el director general de Petr\u00f3leos Mexicanos, <strong>Octavio Romero Oropeza<\/strong>, precis\u00f3 que en los pr\u00f3ximos d\u00edas se programar\u00e1n y finalizar\u00e1n los actos corporativos, notificaciones y contrataciones necesarias <strong>para cerrar la transacci\u00f3n.<\/strong><\/p>\n<p class=\"p1\">La Secretar\u00eda de Hacienda y Cr\u00e9dito P\u00fablico, a trav\u00e9s de la Tesorer\u00eda de la Federaci\u00f3n, tiene reservados <strong>mil 200 millones de d\u00f3lares para hacer la compra de la refiner\u00eda, refiri\u00f3 el titular de Pemex.<\/strong><\/p>\n<p class=\"p1\">El secretario de Relaciones Exteriores, <strong>Marcelo Ebrard Casaubon<\/strong>, present\u00f3 la carta de notificaci\u00f3n del Departamento del Tesoro de los Estados Unidos en la que se comunica que no hay ninguna preocupaci\u00f3n de seguridad nacional para ese pa\u00eds, por lo cual se autoriza la operaci\u00f3n.<\/p>\n<p class=\"p1\"><strong>La misiva firmada por Brian N. Reissaus, secretario asistente responsable de Seguridad en Inversiones del Departamento del Tesoro, \u201cda cuenta de una muy buena relaci\u00f3n entre M\u00e9xico y Estados Unidos\u201d, asegur\u00f3 el canciller.<\/strong><\/p>\n<blockquote>\n<p class=\"p1\">Queremos agradecer el d\u00eda de hoy la intervenci\u00f3n, la participaci\u00f3n de las diferentes \u00e1reas que en Estados Unidos tienen que ver con esta decisi\u00f3n y especialmente del presidente Biden y de su equipo. Es lo que ha venido construyendo el presidente L\u00f3pez Obrador, que vimos recientemente en la Cumbre en Washington: es confianza, respeto mutuo y por eso esta autorizaci\u00f3n que lo ratifica y es una muy buena noticia\u201d, expres\u00f3<\/p>\n<\/blockquote>\n<p class=\"p1\"><strong>La refiner\u00eda Deer Park tiene capacidad de procesamiento de 340 mil barriles por d\u00eda y puede comercializar productos por buque, ducto y tren.<\/strong><\/p>\n<p>&nbsp;<\/p>\n<p>&nbsp;<\/p>\n<p>&nbsp;<\/p>\n","protected":false},"excerpt":{"rendered":"<p>CIUDAD DE M\u00c9XICO. \u201cAlgo hist\u00f3rico\u201d, as\u00ed lo calific\u00f3 el presidente Andr\u00e9s Manuel L\u00f3pez Obrador al informar que el gobierno de<\/p>\n","protected":false},"author":1,"featured_media":882,"comment_status":"closed","ping_status":"closed","sticky":false,"template":"","format":"standard","meta":{"colormag_page_container_layout":"default_layout","colormag_page_sidebar_layout":"default_layout","_jetpack_memberships_contains_paid_content":false,"footnotes":"","jetpack_publicize_message":"","jetpack_publicize_feature_enabled":true,"jetpack_social_post_already_shared":false,"jetpack_social_options":{"image_generator_settings":{"template":"highway","default_image_id":0,"font":"","enabled":false},"version":2}},"categories":[33],"tags":[95,121,123,122],"class_list":["post-881","post","type-post","status-publish","format-standard","has-post-thumbnail","hentry","category-nacional","tag-andres-manuel-lopez-obrador","tag-deer-park","tag-nueva-refineria","tag-pemex"],"jetpack_publicize_connections":[],"jetpack_featured_media_url":"https:\/\/i0.wp.com\/politicosaldesnudo.com.mx\/wp-content\/uploads\/2021\/12\/PEMEX1.png?fit=1816%2C1016&ssl=1","jetpack-related-posts":[],"jetpack_sharing_enabled":true,"_links":{"self":[{"href":"https:\/\/politicosaldesnudo.com.mx\/index.php\/wp-json\/wp\/v2\/posts\/881","targetHints":{"allow":["GET"]}}],"collection":[{"href":"https:\/\/politicosaldesnudo.com.mx\/index.php\/wp-json\/wp\/v2\/posts"}],"about":[{"href":"https:\/\/politicosaldesnudo.com.mx\/index.php\/wp-json\/wp\/v2\/types\/post"}],"author":[{"embeddable":true,"href":"https:\/\/politicosaldesnudo.com.mx\/index.php\/wp-json\/wp\/v2\/users\/1"}],"replies":[{"embeddable":true,"href":"https:\/\/politicosaldesnudo.com.mx\/index.php\/wp-json\/wp\/v2\/comments?post=881"}],"version-history":[{"count":0,"href":"https:\/\/politicosaldesnudo.com.mx\/index.php\/wp-json\/wp\/v2\/posts\/881\/revisions"}],"wp:featuredmedia":[{"embeddable":true,"href":"https:\/\/politicosaldesnudo.com.mx\/index.php\/wp-json\/wp\/v2\/media\/882"}],"wp:attachment":[{"href":"https:\/\/politicosaldesnudo.com.mx\/index.php\/wp-json\/wp\/v2\/media?parent=881"}],"wp:term":[{"taxonomy":"category","embeddable":true,"href":"https:\/\/politicosaldesnudo.com.mx\/index.php\/wp-json\/wp\/v2\/categories?post=881"},{"taxonomy":"post_tag","embeddable":true,"href":"https:\/\/politicosaldesnudo.com.mx\/index.php\/wp-json\/wp\/v2\/tags?post=881"}],"curies":[{"name":"wp","href":"https:\/\/api.w.org\/{rel}","templated":true}]}}