{"id":88183,"date":"2026-08-30T17:40:15","date_gmt":"2026-08-30T23:40:15","guid":{"rendered":"https:\/\/politicosaldesnudo.com.mx\/?p=88183"},"modified":"2026-08-30T17:40:15","modified_gmt":"2026-08-30T23:40:15","slug":"maduro-rompe-el-silencio-desde-una-prision-de-nueva-york-y-difunde-nuevas-fotografias","status":"publish","type":"post","link":"https:\/\/politicosaldesnudo.com.mx\/index.php\/2026\/08\/30\/maduro-rompe-el-silencio-desde-una-prision-de-nueva-york-y-difunde-nuevas-fotografias\/","title":{"rendered":"Maduro rompe el silencio desde una prisi\u00f3n de Nueva York y difunde nuevas fotograf\u00edas"},"content":{"rendered":"<p><span style=\"font-size: 14pt; font-family: tahoma, arial, helvetica, sans-serif;\">Despu\u00e9s de varios meses sin im\u00e1genes p\u00fablicas sobre su situaci\u00f3n, Nicol\u00e1s Maduro reapareci\u00f3 desde el Centro de Detenci\u00f3n Metropolitano de Brooklyn, donde permanece recluido mientras enfrenta un proceso judicial en Estados Unidos.<\/span><\/p>\n<p><span style=\"font-size: 14pt; font-family: tahoma, arial, helvetica, sans-serif;\">Dos fotograf\u00edas fueron difundidas este domingo 30 de agosto mediante sus cuentas oficiales. En ellas aparece vestido con ropa deportiva gris, usando lentes, sonriendo y levantando los dedos en se\u00f1al de victoria.<\/span><\/p>\n<p><span style=\"font-size: 14pt; font-family: tahoma, arial, helvetica, sans-serif;\">Aunque las im\u00e1genes comenzaron a circular recientemente, contienen una fecha del 25 de junio de 2026. El Departamento de Justicia estadounidense no ha explicado bajo qu\u00e9 condiciones fueron tomadas ni c\u00f3mo llegaron a las redes sociales del exmandatario venezolano.<\/span><\/p>\n<p><span style=\"font-size: 14pt; font-family: tahoma, arial, helvetica, sans-serif;\">La publicaci\u00f3n estuvo acompa\u00f1ada por un mensaje dirigido a sus nietos, familiares y simpatizantes. Maduro asegur\u00f3 que \u00e9l y su esposa, Cilia Flores, se mantienen firmes y agradeci\u00f3 las oraciones, muestras de solidaridad y palabras de apoyo recibidas durante su encarcelamiento.<\/span><\/p>\n<p><span style=\"font-size: 14pt; font-family: tahoma, arial, helvetica, sans-serif;\">Tambi\u00e9n recurri\u00f3 a un discurso religioso para expresar confianza en el futuro de Venezuela y describi\u00f3 las fotograf\u00edas como una muestra de afecto y esperanza para quienes contin\u00faan respald\u00e1ndolo.<\/span><\/p>\n<p><span style=\"font-size: 14pt; font-family: tahoma, arial, helvetica, sans-serif;\">Maduro y Flores fueron capturados el 3 de enero de 2026 durante una operaci\u00f3n militar estadounidense realizada en Caracas. Posteriormente fueron trasladados a Nueva York y recluidos en el centro federal de Brooklyn.<\/span><\/p>\n<p><span style=\"font-size: 14pt; font-family: tahoma, arial, helvetica, sans-serif;\">El pol\u00edtico venezolano enfrenta acusaciones por presunta conspiraci\u00f3n para cometer narcoterrorismo e introducir coca\u00edna a territorio estadounidense. Su esposa est\u00e1 se\u00f1alada por delitos relacionados con tr\u00e1fico de drogas y posesi\u00f3n de armas. Ambos se declararon inocentes.<\/span><\/p>\n<p><span style=\"font-size: 14pt; font-family: tahoma, arial, helvetica, sans-serif;\">El juez Alvin Hellerstein fij\u00f3 para el 1 de junio de 2027 el inicio del juicio. Antes de esa fecha, la defensa tiene previsto presentar diversos recursos, incluido un argumento de inmunidad por la condici\u00f3n de Maduro como exjefe de Estado.<\/span><\/p>\n<p><span style=\"font-size: 14pt; font-family: tahoma, arial, helvetica, sans-serif;\">Mientras avanza el proceso, sus cuentas digitales contin\u00faan activas y califican la operaci\u00f3n estadounidense como un \u201csecuestro\u201d. Las nuevas im\u00e1genes representan la primera aparici\u00f3n conocida de Maduro dentro de la prisi\u00f3n desde su llegada a Estados Unidos.<\/span><\/p>\n","protected":false},"excerpt":{"rendered":"<p>Despu\u00e9s de varios meses sin im\u00e1genes p\u00fablicas sobre su situaci\u00f3n, Nicol\u00e1s Maduro reapareci\u00f3 desde el Centro de Detenci\u00f3n Metropolitano de [&hellip;]<\/p>\n","protected":false},"author":4,"featured_media":88184,"comment_status":"closed","ping_status":"closed","sticky":false,"template":"","format":"standard","meta":{"site-sidebar-layout":"default","site-content-layout":"","ast-site-content-layout":"default","site-content-style":"default","site-sidebar-style":"default","ast-global-header-display":"","ast-banner-title-visibility":"","ast-main-header-display":"","ast-hfb-above-header-display":"","ast-hfb-below-header-display":"","ast-hfb-mobile-header-display":"","site-post-title":"","ast-breadcrumbs-content":"","ast-featured-img":"","footer-sml-layout":"","ast-disable-related-posts":"","theme-transparent-header-meta":"default","adv-header-id-meta":"","stick-header-meta":"","header-above-stick-meta":"","header-main-stick-meta":"","header-below-stick-meta":"","astra-migrate-meta-layouts":"set","ast-page-background-enabled":"default","ast-page-background-meta":{"desktop":{"background-color":"var(--ast-global-color-5)","background-image":"","background-repeat":"repeat","background-position":"center center","background-size":"auto","background-attachment":"scroll","background-type":"","background-media":"","overlay-type":"","overlay-color":"","overlay-opacity":"","overlay-gradient":""},"tablet":{"background-color":"","background-image":"","background-repeat":"repeat","background-position":"center center","background-size":"auto","background-attachment":"scroll","background-type":"","background-media":"","overlay-type":"","overlay-color":"","overlay-opacity":"","overlay-gradient":""},"mobile":{"background-color":"","background-image":"","background-repeat":"repeat","background-position":"center center","background-size":"auto","background-attachment":"scroll","background-type":"","background-media":"","overlay-type":"","overlay-color":"","overlay-opacity":"","overlay-gradient":""}},"ast-content-background-meta":{"desktop":{"background-color":"var(--ast-global-color-4)","background-image":"","background-repeat":"repeat","background-position":"center center","background-size":"auto","background-attachment":"scroll","background-type":"","background-media":"","overlay-type":"","overlay-color":"","overlay-opacity":"","overlay-gradient":""},"tablet":{"background-color":"var(--ast-global-color-4)","background-image":"","background-repeat":"repeat","background-position":"center center","background-size":"auto","background-attachment":"scroll","background-type":"","background-media":"","overlay-type":"","overlay-color":"","overlay-opacity":"","overlay-gradient":""},"mobile":{"background-color":"var(--ast-global-color-4)","background-image":"","background-repeat":"repeat","background-position":"center center","background-size":"auto","background-attachment":"scroll","background-type":"","background-media":"","overlay-type":"","overlay-color":"","overlay-opacity":"","overlay-gradient":""}},"_jetpack_newsletter_access":"","_jetpack_dont_email_post_to_subs":false,"_jetpack_newsletter_tier_id":0,"_jetpack_memberships_contains_paywalled_content":false,"_jetpack_feature_clip_id":0,"_jetpack_memberships_contains_paid_content":false,"footnotes":"","jetpack_publicize_message":"","jetpack_publicize_feature_enabled":true,"jetpack_social_post_already_shared":true,"jetpack_social_options":{"image_generator_settings":{"template":"highway","default_image_id":0,"font":"","enabled":false},"version":2},"jetpack_post_was_ever_published":false},"categories":[28],"tags":[],"class_list":["post-88183","post","type-post","status-publish","format-standard","has-post-thumbnail","hentry","category-internacional"],"yoast_head":"<!-- This site is optimized with the Yoast SEO plugin v28.3 - https:\/\/yoast.com\/product\/yoast-seo-wordpress\/ -->\n<title>Maduro rompe el silencio desde una prisi\u00f3n de Nueva York y difunde nuevas fotograf\u00edas - Pol\u00edticos al Desnudo<\/title>\n<meta name=\"robots\" content=\"index, follow, max-snippet:-1, max-image-preview:large, max-video-preview:-1\" \/>\n<link rel=\"canonical\" href=\"https:\/\/politicosaldesnudo.com.mx\/index.php\/2026\/08\/30\/maduro-rompe-el-silencio-desde-una-prision-de-nueva-york-y-difunde-nuevas-fotografias\/\" \/>\n<meta property=\"og:locale\" content=\"es_ES\" \/>\n<meta property=\"og:type\" content=\"article\" \/>\n<meta property=\"og:title\" content=\"Maduro rompe el silencio desde una prisi\u00f3n de Nueva York y difunde nuevas fotograf\u00edas - Pol\u00edticos al Desnudo\" \/>\n<meta property=\"og:description\" content=\"Despu\u00e9s de varios meses sin im\u00e1genes p\u00fablicas sobre su situaci\u00f3n, Nicol\u00e1s Maduro reapareci\u00f3 desde el Centro de Detenci\u00f3n Metropolitano de [&hellip;]\" \/>\n<meta property=\"og:url\" content=\"https:\/\/politicosaldesnudo.com.mx\/index.php\/2026\/08\/30\/maduro-rompe-el-silencio-desde-una-prision-de-nueva-york-y-difunde-nuevas-fotografias\/\" \/>\n<meta property=\"og:site_name\" content=\"Pol\u00edticos al Desnudo\" \/>\n<meta property=\"article:publisher\" content=\"https:\/\/www.facebook.com\/PoliticosAD\" \/>\n<meta property=\"article:published_time\" content=\"2026-08-30T23:40:15+00:00\" \/>\n<meta property=\"og:image\" content=\"https:\/\/politicosaldesnudo.com.mx\/wp-content\/uploads\/2026\/08\/maduroo.png\" \/>\n\t<meta property=\"og:image:width\" content=\"1492\" \/>\n\t<meta property=\"og:image:height\" content=\"822\" \/>\n\t<meta property=\"og:image:type\" content=\"image\/png\" \/>\n<meta name=\"author\" content=\"Redacci\u00f3n Pol\u00edticos\" \/>\n<meta name=\"twitter:card\" content=\"summary_large_image\" \/>\n<meta name=\"twitter:label1\" content=\"Escrito por\" \/>\n\t<meta name=\"twitter:data1\" content=\"Redacci\u00f3n Pol\u00edticos\" \/>\n\t<meta name=\"twitter:label2\" content=\"Tiempo de lectura\" \/>\n\t<meta name=\"twitter:data2\" content=\"2 minutos\" \/>\n<script type=\"application\/ld+json\" class=\"yoast-schema-graph\">{\"@context\":\"https:\\\/\\\/schema.org\",\"@graph\":[{\"@type\":\"Article\",\"@id\":\"https:\\\/\\\/politicosaldesnudo.com.mx\\\/index.php\\\/2026\\\/08\\\/30\\\/maduro-rompe-el-silencio-desde-una-prision-de-nueva-york-y-difunde-nuevas-fotografias\\\/#article\",\"isPartOf\":{\"@id\":\"https:\\\/\\\/politicosaldesnudo.com.mx\\\/index.php\\\/2026\\\/08\\\/30\\\/maduro-rompe-el-silencio-desde-una-prision-de-nueva-york-y-difunde-nuevas-fotografias\\\/\"},\"author\":{\"name\":\"Redacci\u00f3n Pol\u00edticos\",\"@id\":\"https:\\\/\\\/politicosaldesnudo.com.mx\\\/#\\\/schema\\\/person\\\/ef3a64e561cc3f3f5dc52fab81adde7e\"},\"headline\":\"Maduro rompe el silencio desde una prisi\u00f3n de Nueva York y difunde nuevas fotograf\u00edas\",\"datePublished\":\"2026-08-30T23:40:15+00:00\",\"mainEntityOfPage\":{\"@id\":\"https:\\\/\\\/politicosaldesnudo.com.mx\\\/index.php\\\/2026\\\/08\\\/30\\\/maduro-rompe-el-silencio-desde-una-prision-de-nueva-york-y-difunde-nuevas-fotografias\\\/\"},\"wordCount\":358,\"publisher\":{\"@id\":\"https:\\\/\\\/politicosaldesnudo.com.mx\\\/#organization\"},\"image\":{\"@id\":\"https:\\\/\\\/politicosaldesnudo.com.mx\\\/index.php\\\/2026\\\/08\\\/30\\\/maduro-rompe-el-silencio-desde-una-prision-de-nueva-york-y-difunde-nuevas-fotografias\\\/#primaryimage\"},\"thumbnailUrl\":\"https:\\\/\\\/i0.wp.com\\\/politicosaldesnudo.com.mx\\\/wp-content\\\/uploads\\\/2026\\\/08\\\/maduroo.png?fit=1492%2C822&ssl=1\",\"articleSection\":[\"INTERNACIONAL\"],\"inLanguage\":\"es\"},{\"@type\":\"WebPage\",\"@id\":\"https:\\\/\\\/politicosaldesnudo.com.mx\\\/index.php\\\/2026\\\/08\\\/30\\\/maduro-rompe-el-silencio-desde-una-prision-de-nueva-york-y-difunde-nuevas-fotografias\\\/\",\"url\":\"https:\\\/\\\/politicosaldesnudo.com.mx\\\/index.php\\\/2026\\\/08\\\/30\\\/maduro-rompe-el-silencio-desde-una-prision-de-nueva-york-y-difunde-nuevas-fotografias\\\/\",\"name\":\"Maduro rompe el silencio desde una prisi\u00f3n de Nueva York y difunde nuevas fotograf\u00edas - Pol\u00edticos al Desnudo\",\"isPartOf\":{\"@id\":\"https:\\\/\\\/politicosaldesnudo.com.mx\\\/#website\"},\"primaryImageOfPage\":{\"@id\":\"https:\\\/\\\/politicosaldesnudo.com.mx\\\/index.php\\\/2026\\\/08\\\/30\\\/maduro-rompe-el-silencio-desde-una-prision-de-nueva-york-y-difunde-nuevas-fotografias\\\/#primaryimage\"},\"image\":{\"@id\":\"https:\\\/\\\/politicosaldesnudo.com.mx\\\/index.php\\\/2026\\\/08\\\/30\\\/maduro-rompe-el-silencio-desde-una-prision-de-nueva-york-y-difunde-nuevas-fotografias\\\/#primaryimage\"},\"thumbnailUrl\":\"https:\\\/\\\/i0.wp.com\\\/politicosaldesnudo.com.mx\\\/wp-content\\\/uploads\\\/2026\\\/08\\\/maduroo.png?fit=1492%2C822&ssl=1\",\"datePublished\":\"2026-08-30T23:40:15+00:00\",\"breadcrumb\":{\"@id\":\"https:\\\/\\\/politicosaldesnudo.com.mx\\\/index.php\\\/2026\\\/08\\\/30\\\/maduro-rompe-el-silencio-desde-una-prision-de-nueva-york-y-difunde-nuevas-fotografias\\\/#breadcrumb\"},\"inLanguage\":\"es\",\"potentialAction\":[{\"@type\":\"ReadAction\",\"target\":[\"https:\\\/\\\/politicosaldesnudo.com.mx\\\/index.php\\\/2026\\\/08\\\/30\\\/maduro-rompe-el-silencio-desde-una-prision-de-nueva-york-y-difunde-nuevas-fotografias\\\/\"]}]},{\"@type\":\"ImageObject\",\"inLanguage\":\"es\",\"@id\":\"https:\\\/\\\/politicosaldesnudo.com.mx\\\/index.php\\\/2026\\\/08\\\/30\\\/maduro-rompe-el-silencio-desde-una-prision-de-nueva-york-y-difunde-nuevas-fotografias\\\/#primaryimage\",\"url\":\"https:\\\/\\\/i0.wp.com\\\/politicosaldesnudo.com.mx\\\/wp-content\\\/uploads\\\/2026\\\/08\\\/maduroo.png?fit=1492%2C822&ssl=1\",\"contentUrl\":\"https:\\\/\\\/i0.wp.com\\\/politicosaldesnudo.com.mx\\\/wp-content\\\/uploads\\\/2026\\\/08\\\/maduroo.png?fit=1492%2C822&ssl=1\",\"width\":1492,\"height\":822},{\"@type\":\"BreadcrumbList\",\"@id\":\"https:\\\/\\\/politicosaldesnudo.com.mx\\\/index.php\\\/2026\\\/08\\\/30\\\/maduro-rompe-el-silencio-desde-una-prision-de-nueva-york-y-difunde-nuevas-fotografias\\\/#breadcrumb\",\"itemListElement\":[{\"@type\":\"ListItem\",\"position\":1,\"name\":\"Portada\",\"item\":\"https:\\\/\\\/politicosaldesnudo.com.mx\\\/\"},{\"@type\":\"ListItem\",\"position\":2,\"name\":\"Maduro rompe el silencio desde una prisi\u00f3n de Nueva York y difunde nuevas fotograf\u00edas\"}]},{\"@type\":\"WebSite\",\"@id\":\"https:\\\/\\\/politicosaldesnudo.com.mx\\\/#website\",\"url\":\"https:\\\/\\\/politicosaldesnudo.com.mx\\\/\",\"name\":\"Pol\u00edticos al Desnudo\",\"description\":\"\",\"publisher\":{\"@id\":\"https:\\\/\\\/politicosaldesnudo.com.mx\\\/#organization\"},\"potentialAction\":[{\"@type\":\"SearchAction\",\"target\":{\"@type\":\"EntryPoint\",\"urlTemplate\":\"https:\\\/\\\/politicosaldesnudo.com.mx\\\/?s={search_term_string}\"},\"query-input\":{\"@type\":\"PropertyValueSpecification\",\"valueRequired\":true,\"valueName\":\"search_term_string\"}}],\"inLanguage\":\"es\"},{\"@type\":\"Organization\",\"@id\":\"https:\\\/\\\/politicosaldesnudo.com.mx\\\/#organization\",\"name\":\"Pol\u00edticos al Desnudo\",\"url\":\"https:\\\/\\\/politicosaldesnudo.com.mx\\\/\",\"logo\":{\"@type\":\"ImageObject\",\"inLanguage\":\"es\",\"@id\":\"https:\\\/\\\/politicosaldesnudo.com.mx\\\/#\\\/schema\\\/logo\\\/image\\\/\",\"url\":\"https:\\\/\\\/i0.wp.com\\\/politicosaldesnudo.com.mx\\\/wp-content\\\/uploads\\\/2026\\\/08\\\/cropped-logo.webp?fit=400%2C126&ssl=1\",\"contentUrl\":\"https:\\\/\\\/i0.wp.com\\\/politicosaldesnudo.com.mx\\\/wp-content\\\/uploads\\\/2026\\\/08\\\/cropped-logo.webp?fit=400%2C126&ssl=1\",\"width\":400,\"height\":126,\"caption\":\"Pol\u00edticos al Desnudo\"},\"image\":{\"@id\":\"https:\\\/\\\/politicosaldesnudo.com.mx\\\/#\\\/schema\\\/logo\\\/image\\\/\"},\"sameAs\":[\"https:\\\/\\\/www.facebook.com\\\/PoliticosAD\"]},{\"@type\":\"Person\",\"@id\":\"https:\\\/\\\/politicosaldesnudo.com.mx\\\/#\\\/schema\\\/person\\\/ef3a64e561cc3f3f5dc52fab81adde7e\",\"name\":\"Redacci\u00f3n Pol\u00edticos\",\"url\":\"https:\\\/\\\/politicosaldesnudo.com.mx\\\/index.php\\\/author\\\/redaccion-politicos\\\/\"}]}<\/script>\n<!-- \/ Yoast SEO plugin. -->","yoast_head_json":{"title":"Maduro rompe el silencio desde una prisi\u00f3n de Nueva York y difunde nuevas fotograf\u00edas - Pol\u00edticos al Desnudo","robots":{"index":"index","follow":"follow","max-snippet":"max-snippet:-1","max-image-preview":"max-image-preview:large","max-video-preview":"max-video-preview:-1"},"canonical":"https:\/\/politicosaldesnudo.com.mx\/index.php\/2026\/08\/30\/maduro-rompe-el-silencio-desde-una-prision-de-nueva-york-y-difunde-nuevas-fotografias\/","og_locale":"es_ES","og_type":"article","og_title":"Maduro rompe el silencio desde una prisi\u00f3n de Nueva York y difunde nuevas fotograf\u00edas - Pol\u00edticos al Desnudo","og_description":"Despu\u00e9s de varios meses sin im\u00e1genes p\u00fablicas sobre su situaci\u00f3n, Nicol\u00e1s Maduro reapareci\u00f3 desde el Centro de Detenci\u00f3n Metropolitano de [&hellip;]","og_url":"https:\/\/politicosaldesnudo.com.mx\/index.php\/2026\/08\/30\/maduro-rompe-el-silencio-desde-una-prision-de-nueva-york-y-difunde-nuevas-fotografias\/","og_site_name":"Pol\u00edticos al Desnudo","article_publisher":"https:\/\/www.facebook.com\/PoliticosAD","article_published_time":"2026-08-30T23:40:15+00:00","og_image":[{"width":1492,"height":822,"url":"https:\/\/politicosaldesnudo.com.mx\/wp-content\/uploads\/2026\/08\/maduroo.png","type":"image\/png"}],"author":"Redacci\u00f3n Pol\u00edticos","twitter_card":"summary_large_image","twitter_misc":{"Escrito por":"Redacci\u00f3n Pol\u00edticos","Tiempo de lectura":"2 minutos"},"schema":{"@context":"https:\/\/schema.org","@graph":[{"@type":"Article","@id":"https:\/\/politicosaldesnudo.com.mx\/index.php\/2026\/08\/30\/maduro-rompe-el-silencio-desde-una-prision-de-nueva-york-y-difunde-nuevas-fotografias\/#article","isPartOf":{"@id":"https:\/\/politicosaldesnudo.com.mx\/index.php\/2026\/08\/30\/maduro-rompe-el-silencio-desde-una-prision-de-nueva-york-y-difunde-nuevas-fotografias\/"},"author":{"name":"Redacci\u00f3n Pol\u00edticos","@id":"https:\/\/politicosaldesnudo.com.mx\/#\/schema\/person\/ef3a64e561cc3f3f5dc52fab81adde7e"},"headline":"Maduro rompe el silencio desde una prisi\u00f3n de Nueva York y difunde nuevas fotograf\u00edas","datePublished":"2026-08-30T23:40:15+00:00","mainEntityOfPage":{"@id":"https:\/\/politicosaldesnudo.com.mx\/index.php\/2026\/08\/30\/maduro-rompe-el-silencio-desde-una-prision-de-nueva-york-y-difunde-nuevas-fotografias\/"},"wordCount":358,"publisher":{"@id":"https:\/\/politicosaldesnudo.com.mx\/#organization"},"image":{"@id":"https:\/\/politicosaldesnudo.com.mx\/index.php\/2026\/08\/30\/maduro-rompe-el-silencio-desde-una-prision-de-nueva-york-y-difunde-nuevas-fotografias\/#primaryimage"},"thumbnailUrl":"https:\/\/i0.wp.com\/politicosaldesnudo.com.mx\/wp-content\/uploads\/2026\/08\/maduroo.png?fit=1492%2C822&ssl=1","articleSection":["INTERNACIONAL"],"inLanguage":"es"},{"@type":"WebPage","@id":"https:\/\/politicosaldesnudo.com.mx\/index.php\/2026\/08\/30\/maduro-rompe-el-silencio-desde-una-prision-de-nueva-york-y-difunde-nuevas-fotografias\/","url":"https:\/\/politicosaldesnudo.com.mx\/index.php\/2026\/08\/30\/maduro-rompe-el-silencio-desde-una-prision-de-nueva-york-y-difunde-nuevas-fotografias\/","name":"Maduro rompe el silencio desde una prisi\u00f3n de Nueva York y difunde nuevas fotograf\u00edas - Pol\u00edticos al Desnudo","isPartOf":{"@id":"https:\/\/politicosaldesnudo.com.mx\/#website"},"primaryImageOfPage":{"@id":"https:\/\/politicosaldesnudo.com.mx\/index.php\/2026\/08\/30\/maduro-rompe-el-silencio-desde-una-prision-de-nueva-york-y-difunde-nuevas-fotografias\/#primaryimage"},"image":{"@id":"https:\/\/politicosaldesnudo.com.mx\/index.php\/2026\/08\/30\/maduro-rompe-el-silencio-desde-una-prision-de-nueva-york-y-difunde-nuevas-fotografias\/#primaryimage"},"thumbnailUrl":"https:\/\/i0.wp.com\/politicosaldesnudo.com.mx\/wp-content\/uploads\/2026\/08\/maduroo.png?fit=1492%2C822&ssl=1","datePublished":"2026-08-30T23:40:15+00:00","breadcrumb":{"@id":"https:\/\/politicosaldesnudo.com.mx\/index.php\/2026\/08\/30\/maduro-rompe-el-silencio-desde-una-prision-de-nueva-york-y-difunde-nuevas-fotografias\/#breadcrumb"},"inLanguage":"es","potentialAction":[{"@type":"ReadAction","target":["https:\/\/politicosaldesnudo.com.mx\/index.php\/2026\/08\/30\/maduro-rompe-el-silencio-desde-una-prision-de-nueva-york-y-difunde-nuevas-fotografias\/"]}]},{"@type":"ImageObject","inLanguage":"es","@id":"https:\/\/politicosaldesnudo.com.mx\/index.php\/2026\/08\/30\/maduro-rompe-el-silencio-desde-una-prision-de-nueva-york-y-difunde-nuevas-fotografias\/#primaryimage","url":"https:\/\/i0.wp.com\/politicosaldesnudo.com.mx\/wp-content\/uploads\/2026\/08\/maduroo.png?fit=1492%2C822&ssl=1","contentUrl":"https:\/\/i0.wp.com\/politicosaldesnudo.com.mx\/wp-content\/uploads\/2026\/08\/maduroo.png?fit=1492%2C822&ssl=1","width":1492,"height":822},{"@type":"BreadcrumbList","@id":"https:\/\/politicosaldesnudo.com.mx\/index.php\/2026\/08\/30\/maduro-rompe-el-silencio-desde-una-prision-de-nueva-york-y-difunde-nuevas-fotografias\/#breadcrumb","itemListElement":[{"@type":"ListItem","position":1,"name":"Portada","item":"https:\/\/politicosaldesnudo.com.mx\/"},{"@type":"ListItem","position":2,"name":"Maduro rompe el silencio desde una prisi\u00f3n de Nueva York y difunde nuevas fotograf\u00edas"}]},{"@type":"WebSite","@id":"https:\/\/politicosaldesnudo.com.mx\/#website","url":"https:\/\/politicosaldesnudo.com.mx\/","name":"Pol\u00edticos al Desnudo","description":"","publisher":{"@id":"https:\/\/politicosaldesnudo.com.mx\/#organization"},"potentialAction":[{"@type":"SearchAction","target":{"@type":"EntryPoint","urlTemplate":"https:\/\/politicosaldesnudo.com.mx\/?s={search_term_string}"},"query-input":{"@type":"PropertyValueSpecification","valueRequired":true,"valueName":"search_term_string"}}],"inLanguage":"es"},{"@type":"Organization","@id":"https:\/\/politicosaldesnudo.com.mx\/#organization","name":"Pol\u00edticos al Desnudo","url":"https:\/\/politicosaldesnudo.com.mx\/","logo":{"@type":"ImageObject","inLanguage":"es","@id":"https:\/\/politicosaldesnudo.com.mx\/#\/schema\/logo\/image\/","url":"https:\/\/i0.wp.com\/politicosaldesnudo.com.mx\/wp-content\/uploads\/2026\/08\/cropped-logo.webp?fit=400%2C126&ssl=1","contentUrl":"https:\/\/i0.wp.com\/politicosaldesnudo.com.mx\/wp-content\/uploads\/2026\/08\/cropped-logo.webp?fit=400%2C126&ssl=1","width":400,"height":126,"caption":"Pol\u00edticos al Desnudo"},"image":{"@id":"https:\/\/politicosaldesnudo.com.mx\/#\/schema\/logo\/image\/"},"sameAs":["https:\/\/www.facebook.com\/PoliticosAD"]},{"@type":"Person","@id":"https:\/\/politicosaldesnudo.com.mx\/#\/schema\/person\/ef3a64e561cc3f3f5dc52fab81adde7e","name":"Redacci\u00f3n Pol\u00edticos","url":"https:\/\/politicosaldesnudo.com.mx\/index.php\/author\/redaccion-politicos\/"}]}},"jetpack_publicize_connections":[],"jetpack-related-posts":[{"id":87580,"url":"https:\/\/politicosaldesnudo.com.mx\/index.php\/2026\/08\/08\/detienen-a-hector-ivan-n-senalado-por-la-muerte-de-un-adulto-mayor-en-monterrey\/","url_meta":{"origin":88183,"position":0},"title":"Detienen a H\u00e9ctor Iv\u00e1n \u201cN\u201d, se\u00f1alado por la muerte de un adulto mayor en Monterrey","author":"Redacci\u00f3n Pol\u00edticos","date":"8 de agosto de 2026","format":false,"excerpt":"El detenido habr\u00eda empujado a la v\u00edctima cuando ambos se encontraban en la banqueta de la avenida Ruiz Cortines; el adulto mayor cay\u00f3 a la calle y fue arrollado por un tr\u00e1iler. Monterrey, Nuevo Le\u00f3n. \u2014 H\u00e9ctor Iv\u00e1n \u201cN\u201d fue detenido por elementos de la Secretar\u00eda de Seguridad y Protecci\u00f3n\u2026","rel":"","context":"En \u00abESTADOS\u00bb","block_context":{"text":"ESTADOS","link":"https:\/\/politicosaldesnudo.com.mx\/index.php\/category\/estados\/"},"img":{"alt_text":"","src":"https:\/\/i0.wp.com\/politicosaldesnudo.com.mx\/wp-content\/uploads\/2026\/08\/hector-ivan-n-provoco-muerte-adulto-mayor-monterrey.jpg?fit=1200%2C769&ssl=1&resize=350%2C200","width":350,"height":200,"srcset":"https:\/\/i0.wp.com\/politicosaldesnudo.com.mx\/wp-content\/uploads\/2026\/08\/hector-ivan-n-provoco-muerte-adulto-mayor-monterrey.jpg?fit=1200%2C769&ssl=1&resize=350%2C200 1x, https:\/\/i0.wp.com\/politicosaldesnudo.com.mx\/wp-content\/uploads\/2026\/08\/hector-ivan-n-provoco-muerte-adulto-mayor-monterrey.jpg?fit=1200%2C769&ssl=1&resize=525%2C300 1.5x, https:\/\/i0.wp.com\/politicosaldesnudo.com.mx\/wp-content\/uploads\/2026\/08\/hector-ivan-n-provoco-muerte-adulto-mayor-monterrey.jpg?fit=1200%2C769&ssl=1&resize=700%2C400 2x, https:\/\/i0.wp.com\/politicosaldesnudo.com.mx\/wp-content\/uploads\/2026\/08\/hector-ivan-n-provoco-muerte-adulto-mayor-monterrey.jpg?fit=1200%2C769&ssl=1&resize=1050%2C600 3x"},"classes":[]},{"id":88179,"url":"https:\/\/politicosaldesnudo.com.mx\/index.php\/2026\/08\/30\/pena-nieto-reaparece-en-exclusiva-boda-en-italia-junto-a-empresario-relacionado-con-el-caso-pegasus\/","url_meta":{"origin":88183,"position":1},"title":"Pe\u00f1a Nieto reaparece en exclusiva boda en Italia junto a empresario relacionado con el caso Pegasus","author":"Redacci\u00f3n Pol\u00edticos","date":"30 de agosto de 2026","format":false,"excerpt":"Enrique Pe\u00f1a Nieto volvi\u00f3 a colocarse bajo los reflectores, pero esta vez no por una declaraci\u00f3n pol\u00edtica. El expresidente mexicano fue captado entre los invitados a la boda del cantante israel\u00ed Omer Adam y Sacha Israelovich, realizada en Portofino, Italia. Videos difundidos en redes sociales muestran al exmandatario vestido con\u2026","rel":"","context":"En \u00abNACIONAL\u00bb","block_context":{"text":"NACIONAL","link":"https:\/\/politicosaldesnudo.com.mx\/index.php\/category\/nacional\/"},"img":{"alt_text":"","src":"https:\/\/i0.wp.com\/politicosaldesnudo.com.mx\/wp-content\/uploads\/2026\/08\/pena.webp?fit=768%2C512&ssl=1&resize=350%2C200","width":350,"height":200,"srcset":"https:\/\/i0.wp.com\/politicosaldesnudo.com.mx\/wp-content\/uploads\/2026\/08\/pena.webp?fit=768%2C512&ssl=1&resize=350%2C200 1x, https:\/\/i0.wp.com\/politicosaldesnudo.com.mx\/wp-content\/uploads\/2026\/08\/pena.webp?fit=768%2C512&ssl=1&resize=525%2C300 1.5x, https:\/\/i0.wp.com\/politicosaldesnudo.com.mx\/wp-content\/uploads\/2026\/08\/pena.webp?fit=768%2C512&ssl=1&resize=700%2C400 2x"},"classes":[]},{"id":87725,"url":"https:\/\/politicosaldesnudo.com.mx\/index.php\/2026\/08\/13\/descarrilamiento-de-tren-en-inglaterra-deja-20-personas-heridas-dos-estan-graves\/","url_meta":{"origin":88183,"position":2},"title":"Descarrilamiento de tren en Inglaterra deja 20 personas heridas; dos est\u00e1n graves","author":"Redacci\u00f3n Pol\u00edticos","date":"13 de agosto de 2026","format":false,"excerpt":"Un tren de pasajeros que sali\u00f3 de Londres sufri\u00f3 un descarrilamiento cerca de Lewes, en East Sussex, dejando un saldo de 20 personas heridas, dos de ellas en estado grave, informaron los servicios de emergencia. El convoy, operado por Southern Rail, transportaba alrededor de 150 pasajeros cuando abandon\u00f3 las v\u00edas\u2026","rel":"","context":"En \u00abINTERNACIONAL\u00bb","block_context":{"text":"INTERNACIONAL","link":"https:\/\/politicosaldesnudo.com.mx\/index.php\/category\/internacional\/"},"img":{"alt_text":"","src":"https:\/\/i0.wp.com\/politicosaldesnudo.com.mx\/wp-content\/uploads\/2026\/08\/descarrilamiento-de-tren-en-inglaterra-deja-20-heridos-dos-graves.webp?fit=1200%2C675&ssl=1&resize=350%2C200","width":350,"height":200,"srcset":"https:\/\/i0.wp.com\/politicosaldesnudo.com.mx\/wp-content\/uploads\/2026\/08\/descarrilamiento-de-tren-en-inglaterra-deja-20-heridos-dos-graves.webp?fit=1200%2C675&ssl=1&resize=350%2C200 1x, https:\/\/i0.wp.com\/politicosaldesnudo.com.mx\/wp-content\/uploads\/2026\/08\/descarrilamiento-de-tren-en-inglaterra-deja-20-heridos-dos-graves.webp?fit=1200%2C675&ssl=1&resize=525%2C300 1.5x, https:\/\/i0.wp.com\/politicosaldesnudo.com.mx\/wp-content\/uploads\/2026\/08\/descarrilamiento-de-tren-en-inglaterra-deja-20-heridos-dos-graves.webp?fit=1200%2C675&ssl=1&resize=700%2C400 2x, https:\/\/i0.wp.com\/politicosaldesnudo.com.mx\/wp-content\/uploads\/2026\/08\/descarrilamiento-de-tren-en-inglaterra-deja-20-heridos-dos-graves.webp?fit=1200%2C675&ssl=1&resize=1050%2C600 3x"},"classes":[]},{"id":53619,"url":"https:\/\/politicosaldesnudo.com.mx\/index.php\/2025\/01\/04\/opositor-venezolano-edmundo-gonzalez-llega-a-argentina-para-reunirse-con-milei\/","url_meta":{"origin":88183,"position":3},"title":"Opositor venezolano, Edmundo Gonz\u00e1lez, llega a Argentina para reunirse con Milei","author":"Redacci\u00f3n Pol\u00edticos","date":"4 de enero de 2025","format":false,"excerpt":"El opositor Edmundo Gonz\u00e1lez Urrutia, quien reclama el triunfo electoral de 2024 frente a Nicol\u00e1s Maduro, llega a Argentina este viernes para reunirse el s\u00e1bado con el presidente Javier Milei, en el inicio de una \"gira latinoamericana\" antes de la asunci\u00f3n presidencial venezolana del 10 de enero. La visita de\u2026","rel":"","context":"En \u00abINTERNACIONAL\u00bb","block_context":{"text":"INTERNACIONAL","link":"https:\/\/politicosaldesnudo.com.mx\/index.php\/category\/internacional\/"},"img":{"alt_text":"","src":"https:\/\/i0.wp.com\/politicosaldesnudo.com.mx\/wp-content\/uploads\/2025\/01\/descarga-1.jpg?fit=1200%2C675&ssl=1&resize=350%2C200","width":350,"height":200,"srcset":"https:\/\/i0.wp.com\/politicosaldesnudo.com.mx\/wp-content\/uploads\/2025\/01\/descarga-1.jpg?fit=1200%2C675&ssl=1&resize=350%2C200 1x, https:\/\/i0.wp.com\/politicosaldesnudo.com.mx\/wp-content\/uploads\/2025\/01\/descarga-1.jpg?fit=1200%2C675&ssl=1&resize=525%2C300 1.5x, https:\/\/i0.wp.com\/politicosaldesnudo.com.mx\/wp-content\/uploads\/2025\/01\/descarga-1.jpg?fit=1200%2C675&ssl=1&resize=700%2C400 2x, https:\/\/i0.wp.com\/politicosaldesnudo.com.mx\/wp-content\/uploads\/2025\/01\/descarga-1.jpg?fit=1200%2C675&ssl=1&resize=1050%2C600 3x"},"classes":[]},{"id":87059,"url":"https:\/\/politicosaldesnudo.com.mx\/index.php\/2026\/07\/20\/claudia-sheinbaum-cuida-su-relacion-con-eu\/","url_meta":{"origin":88183,"position":4},"title":"Claudia Sheinbaum cuida su relaci\u00f3n con EU","author":"Redacci\u00f3n Pol\u00edticos","date":"20 de julio de 2026","format":false,"excerpt":"ALMA GRANDE POR \u00c1NGEL \u00c1LVARO PE\u00d1A La imagen de la presidenta de M\u00e9xico, Claudia Sheinbaum, junto al presidente de Estados Unidos, Donald Trump, y al primer ministro de Canad\u00e1, Mark Carney, durante la final de la Copa Mundial de la FIFA 2026 en Nueva York tiene un significado que rebasa\u2026","rel":"","context":"En \u00abOPINI\u00d3N\u00bb","block_context":{"text":"OPINI\u00d3N","link":"https:\/\/politicosaldesnudo.com.mx\/index.php\/category\/columnistas\/"},"img":{"alt_text":"","src":"https:\/\/i0.wp.com\/politicosaldesnudo.com.mx\/wp-content\/uploads\/2026\/07\/BANNER-LOPEZ-DORIGA-DIGITAL-3.jpg?fit=800%2C445&ssl=1&resize=350%2C200","width":350,"height":200,"srcset":"https:\/\/i0.wp.com\/politicosaldesnudo.com.mx\/wp-content\/uploads\/2026\/07\/BANNER-LOPEZ-DORIGA-DIGITAL-3.jpg?fit=800%2C445&ssl=1&resize=350%2C200 1x, https:\/\/i0.wp.com\/politicosaldesnudo.com.mx\/wp-content\/uploads\/2026\/07\/BANNER-LOPEZ-DORIGA-DIGITAL-3.jpg?fit=800%2C445&ssl=1&resize=525%2C300 1.5x, https:\/\/i0.wp.com\/politicosaldesnudo.com.mx\/wp-content\/uploads\/2026\/07\/BANNER-LOPEZ-DORIGA-DIGITAL-3.jpg?fit=800%2C445&ssl=1&resize=700%2C400 2x"},"classes":[]},{"id":87918,"url":"https:\/\/politicosaldesnudo.com.mx\/index.php\/2026\/08\/20\/fuerte-sismo-de-magnitud-7-2-sacude-el-sur-de-peru-descartan-alerta-de-tsunami\/","url_meta":{"origin":88183,"position":5},"title":"Fuerte sismo de magnitud 7.2 sacude el sur de Per\u00fa; descartan alerta de tsunami","author":"Redacci\u00f3n Pol\u00edticos","date":"20 de agosto de 2026","format":false,"excerpt":"Un fuerte movimiento tel\u00farico sorprendi\u00f3 este jueves a los habitantes del sur de Per\u00fa. El sismo tuvo su epicentro en la regi\u00f3n de Ayacucho y fue percibido en distintas zonas del pa\u00eds, incluida la capital, Lima. De acuerdo con el Instituto Geof\u00edsico del Per\u00fa (IGP), el temblor ocurri\u00f3 a las\u2026","rel":"","context":"En \u00abINTERNACIONAL\u00bb","block_context":{"text":"INTERNACIONAL","link":"https:\/\/politicosaldesnudo.com.mx\/index.php\/category\/internacional\/"},"img":{"alt_text":"","src":"https:\/\/i0.wp.com\/politicosaldesnudo.com.mx\/wp-content\/uploads\/2026\/08\/SISMO-1.jpg?fit=768%2C576&ssl=1&resize=350%2C200","width":350,"height":200,"srcset":"https:\/\/i0.wp.com\/politicosaldesnudo.com.mx\/wp-content\/uploads\/2026\/08\/SISMO-1.jpg?fit=768%2C576&ssl=1&resize=350%2C200 1x, https:\/\/i0.wp.com\/politicosaldesnudo.com.mx\/wp-content\/uploads\/2026\/08\/SISMO-1.jpg?fit=768%2C576&ssl=1&resize=525%2C300 1.5x, https:\/\/i0.wp.com\/politicosaldesnudo.com.mx\/wp-content\/uploads\/2026\/08\/SISMO-1.jpg?fit=768%2C576&ssl=1&resize=700%2C400 2x"},"classes":[]}],"jetpack_sharing_enabled":true,"jetpack_featured_media_url":"https:\/\/i0.wp.com\/politicosaldesnudo.com.mx\/wp-content\/uploads\/2026\/08\/maduroo.png?fit=1492%2C822&ssl=1","_links":{"self":[{"href":"https:\/\/politicosaldesnudo.com.mx\/index.php\/wp-json\/wp\/v2\/posts\/88183","targetHints":{"allow":["GET"]}}],"collection":[{"href":"https:\/\/politicosaldesnudo.com.mx\/index.php\/wp-json\/wp\/v2\/posts"}],"about":[{"href":"https:\/\/politicosaldesnudo.com.mx\/index.php\/wp-json\/wp\/v2\/types\/post"}],"author":[{"embeddable":true,"href":"https:\/\/politicosaldesnudo.com.mx\/index.php\/wp-json\/wp\/v2\/users\/4"}],"replies":[{"embeddable":true,"href":"https:\/\/politicosaldesnudo.com.mx\/index.php\/wp-json\/wp\/v2\/comments?post=88183"}],"version-history":[{"count":1,"href":"https:\/\/politicosaldesnudo.com.mx\/index.php\/wp-json\/wp\/v2\/posts\/88183\/revisions"}],"predecessor-version":[{"id":88185,"href":"https:\/\/politicosaldesnudo.com.mx\/index.php\/wp-json\/wp\/v2\/posts\/88183\/revisions\/88185"}],"wp:featuredmedia":[{"embeddable":true,"href":"https:\/\/politicosaldesnudo.com.mx\/index.php\/wp-json\/wp\/v2\/media\/88184"}],"wp:attachment":[{"href":"https:\/\/politicosaldesnudo.com.mx\/index.php\/wp-json\/wp\/v2\/media?parent=88183"}],"wp:term":[{"taxonomy":"category","embeddable":true,"href":"https:\/\/politicosaldesnudo.com.mx\/index.php\/wp-json\/wp\/v2\/categories?post=88183"},{"taxonomy":"post_tag","embeddable":true,"href":"https:\/\/politicosaldesnudo.com.mx\/index.php\/wp-json\/wp\/v2\/tags?post=88183"}],"curies":[{"name":"wp","href":"https:\/\/api.w.org\/{rel}","templated":true}]}}