{"id":88205,"date":"2026-08-31T00:00:28","date_gmt":"2026-08-31T06:00:28","guid":{"rendered":"https:\/\/politicosaldesnudo.com.mx\/?p=88205"},"modified":"2026-08-30T22:38:59","modified_gmt":"2026-08-31T04:38:59","slug":"se-acabo-la-derecha-presentan-iniciativa-que-prohibe-doble-nacionalidad","status":"publish","type":"post","link":"https:\/\/politicosaldesnudo.com.mx\/index.php\/2026\/08\/31\/se-acabo-la-derecha-presentan-iniciativa-que-prohibe-doble-nacionalidad\/","title":{"rendered":"Se acab\u00f3 la derecha, presentan iniciativa que proh\u00edbe doble nacionalidad"},"content":{"rendered":"<p><span style=\"font-size: 14pt; font-family: tahoma, arial, helvetica, sans-serif;\"><strong>LEAD POLITICO\u2026<\/strong><\/span><\/p>\n<p><span style=\"font-size: 14pt; font-family: tahoma, arial, helvetica, sans-serif;\"><strong>Por Ren\u00e9 Mart\u00ednez Torres<\/strong><\/span><\/p>\n<p><span style=\"font-size: 14pt; font-family: tahoma, arial, helvetica, sans-serif;\">Durante la conferencia ma\u00f1anera de este jueves 27 de agosto, la\u00a0 presidenta Claudia Sheinbaum, present\u00f3 una important\u00edsima iniciativa que busca modificar la Constituci\u00f3n Pol\u00edtica de los Estados Mexicanos en sus art\u00edculos 86, 116 y 122. La propuesta de reforma ya fue enviada para su an\u00e1lisis, discusi\u00f3n y en su caso la aprobaci\u00f3n, al Congreso de la Uni\u00f3n.<\/span><\/p>\n<p><span style=\"font-size: 14pt; font-family: tahoma, arial, helvetica, sans-serif;\">Las modificaciones\u00a0 pretenden aclarar, especificar y\u00a0 precisar, la\u00a0 prohibici\u00f3n de personas con doble nacionalidad quienes aspiran a ocupar cargos de elecci\u00f3n popular, en espec\u00edfico para la Presidencia de la Rep\u00fablica, gubernaturas y Jefatura de Gobierno. El an\u00e1lisis y discusi\u00f3n sobre \u00e9sta Reforma Constitucional, pasa a segundo t\u00e9rmino, sencillamente porque MORENA y sus aliados tienen una mayor\u00eda aplastante para aprobarla; claro, dar\u00e1n el debate por procedimiento y por estrategia, como siempre, para exhibir a\u00fan m\u00e1s a la oposici\u00f3n en su postura de defender la doble nacionalidad y los intereses extranjeros.<\/span><\/p>\n<p><span style=\"font-size: 14pt; font-family: tahoma, arial, helvetica, sans-serif;\">En el debate no faltar\u00e1 quien diga que, con esta iniciativa M\u00e9xico est\u00e1 retrocediendo, tampoco faltar\u00e1 quien diga que la propuesta es una violaci\u00f3n a los derechos humanos. Sin embargo, a la mayor\u00eda de los mexicanos les queda claro que, en estos tiempos de injerencismo y de amenazas extranjeras, m\u00e1s vale cerrarle el paso a todo aquel que huela y representa intereses ajenos al pa\u00eds.<\/span><\/p>\n<p><span style=\"font-size: 14pt; font-family: tahoma, arial, helvetica, sans-serif;\">La Ley no es muy clara al respecto, por eso es necesario reforzarla, por ejemplo: el art\u00edculo de la\u00a0 82 y 116 y 122 de la Constituci\u00f3n establecen que para ocupar la Presidencia de la Rep\u00fablica, una gubernatura o la jefatura de Gobierno es necesario \u00bb ser ciudadano mexicano por nacimiento\u00bb. Sin embargo, el art\u00edculo 32 establece: \u00bb El ejercicio de los cargos y funciones para los cuales, por disposici\u00f3n de la presente Constituci\u00f3n, se requiera ser mexicano por nacimiento, se reserva a quienes tengan esa calidad y no adquieran otra nacionalidad.\u00bb \u00c9sta es la parte que genera un vac\u00edo legal que ha dado lugar a confusiones interpretativas por ello para garantizar que el inter\u00e9s y soberan\u00eda nacional sea qui\u00e9nes gu\u00eden a los gobernantes\u00a0\u00a0 se propone incluir el supuesto de quienes ya tengan otra nacionalidad.<\/span><\/p>\n<p><span style=\"font-size: 14pt; font-family: tahoma, arial, helvetica, sans-serif;\">La propuesta de reforma al art\u00edculo 86 quedar\u00eda de la siguiente manera: para ser Presidente o Presidenta se requiere: 1. Ser ciudadano o ciudadana por nacimiento, en pleno goce de sus derechos, hijo o hija de\u00a0 padre o madre; no tener ni adquirir otra nacionalidad, y en su caso de tenerla renunciar a ella previo a solicitar su registro como candidata o candidato, y haber residido en el pa\u00eds al menos durante veinte a\u00f1os. Quien ejerza el cargo no podr\u00e1 adquirir ni solicitar otra nacionalidad, ni invocar ante autoridad extranjera una nacionalidad distinta de la mexicana. Quedan comprendidos en esta prohibici\u00f3n el uso de pasaporte o documento de identidad expedido por un Estado extranjero, el ejercicio de los derechos pol\u00edticos inherentes a la ciudadan\u00eda ante \u00e9ste y el acogerse a su protecci\u00f3n diplom\u00e1tica. La contravenci\u00f3n de esta disposici\u00f3n se sancionar\u00e1 en los t\u00e9rminos de T\u00edtulo Cuarto de esta Constituci\u00f3n. Esta restricci\u00f3n se r\u00e9plica en los art\u00edculos 116 (gubernaturas) y 122 (Jefatura de Gobierno) de la Constituci\u00f3n.<\/span><\/p>\n<p><span style=\"font-size: 14pt; font-family: tahoma, arial, helvetica, sans-serif;\">\u00a0La iniciativa lleva dedicatoria, claro que s\u00ed, para aquellos que juegan con sus propios intereses y no de la naci\u00f3n, por lo pronto dos de ellos, Ricardo Salinas Pliego y Javier Garc\u00eda Cabeza de Vaca, ya salieron a criticar como regresiva la iniciativa en cuesti\u00f3n. Si todo es por la soberan\u00eda nacional, adelante opina la gente. La crisis que gener\u00f3 el cierre del ingenio azucarero en Lerdo de Tejada, es atendida directa y personalmente por la Gobernadora Roc\u00edo Nahle Garc\u00eda.<\/span><\/p>\n<p><span style=\"font-size: 14pt; font-family: tahoma, arial, helvetica, sans-serif;\">\u00a0La mandataria estableci\u00f3 el di\u00e1logo con la Federaci\u00f3n, productores y obreros ca\u00f1eros. Los acuerdos avanzan, ya que Grupo Porres (empresario) se comprometi\u00f3 a regresar las instalaciones del ingenio azucarero al \u00e1mbito federal, liquidando a los obreros y sus adeudos con productores. La administraci\u00f3n estatal encabezada por la Gobernadora prepara un decreto para constituir una figura u organismo p\u00fablico que se carg\u00f3 de la factor\u00eda, por lo que en breve iniciar\u00e1 la contrataci\u00f3n y recontrataci\u00f3n de obreros, de modo que les permita iniciar con \u00e9xitos la zafra 2026 &#8211; 2027.<\/span><\/p>\n<p><span style=\"font-size: 14pt; font-family: tahoma, arial, helvetica, sans-serif;\">Con este logro m\u00e1s de la Gobernadora, la oposici\u00f3n en Veracruz,\u00a0 solo ser\u00e1 espectador en las siguientes elecciones. El problema y dolor de cabeza para la Gobernadora en su gente, esa gente que en nada ayuda para que la Cuarta Transformaci\u00f3n contin\u00fae siendo factor de cambio y desarrollo en el pa\u00eds. Son funcionarios p\u00fablicos de buen nivel; entonces, de ese nivel deber\u00eda ser su visi\u00f3n y altura de miras de los implica el gobierno morenista en Veracruz y en la Rep\u00fablica, pero no, se la pasan grillando de reuni\u00f3n en reuni\u00f3n.<\/span><\/p>\n<p><span style=\"font-size: 14pt; font-family: tahoma, arial, helvetica, sans-serif;\">\u00a0La asamblea informativa de MORENA celebrada este s\u00e1bado en Cosoleacaque, es un claro ejemplo de la debacle y los malos resultados electorales en el territorio de los V\u00e1zquez Parissi. Ni en los peores momentos del Partido de la Revoluci\u00f3n Democr\u00e1tica lleg\u00f3 a tener tan poquita gente en un evento de la importancia donde se discute la soberan\u00eda nacional, pero m\u00e1s preocupante se vuelve todav\u00eda en raz\u00f3n de que se es gobierno en el Estado y en la Rep\u00fablica, se cuenta con un diputado local y federal; adem\u00e1s, senadores y regidur\u00eda. Mientras esos eventos sigan siendo un circo al puro estilo de la oposici\u00f3n representado por Lilly T\u00e9llez y Alito Moreno, nada habr\u00e1 qu\u00e9 hacer en Cosoleacaque, mientras no se tenga la capacidad, visi\u00f3n y altura de miras, los resultados seguir\u00e1n siendo lo mismo.<\/span><\/p>\n<p><span style=\"font-size: 14pt; font-family: tahoma, arial, helvetica, sans-serif;\">Ojal\u00e1 entienda los dos o tres seguidores de Esteban Bautista que solos \u00fanicamente\u00a0 lograr\u00e1n una miserable regidur\u00eda y; si a eso le agregas que est\u00e1 mal representada, entonces, nada hay que hacer.<\/span><\/p>\n","protected":false},"excerpt":{"rendered":"<p>LEAD POLITICO\u2026 Por Ren\u00e9 Mart\u00ednez Torres Durante la conferencia ma\u00f1anera de este jueves 27 de agosto, la\u00a0 presidenta Claudia Sheinbaum, [&hellip;]<\/p>\n","protected":false},"author":4,"featured_media":88206,"comment_status":"closed","ping_status":"closed","sticky":false,"template":"","format":"standard","meta":{"site-sidebar-layout":"default","site-content-layout":"","ast-site-content-layout":"default","site-content-style":"default","site-sidebar-style":"default","ast-global-header-display":"","ast-banner-title-visibility":"","ast-main-header-display":"","ast-hfb-above-header-display":"","ast-hfb-below-header-display":"","ast-hfb-mobile-header-display":"","site-post-title":"","ast-breadcrumbs-content":"","ast-featured-img":"","footer-sml-layout":"","ast-disable-related-posts":"","theme-transparent-header-meta":"default","adv-header-id-meta":"","stick-header-meta":"","header-above-stick-meta":"","header-main-stick-meta":"","header-below-stick-meta":"","astra-migrate-meta-layouts":"set","ast-page-background-enabled":"default","ast-page-background-meta":{"desktop":{"background-color":"var(--ast-global-color-5)","background-image":"","background-repeat":"repeat","background-position":"center center","background-size":"auto","background-attachment":"scroll","background-type":"","background-media":"","overlay-type":"","overlay-color":"","overlay-opacity":"","overlay-gradient":""},"tablet":{"background-color":"","background-image":"","background-repeat":"repeat","background-position":"center center","background-size":"auto","background-attachment":"scroll","background-type":"","background-media":"","overlay-type":"","overlay-color":"","overlay-opacity":"","overlay-gradient":""},"mobile":{"background-color":"","background-image":"","background-repeat":"repeat","background-position":"center center","background-size":"auto","background-attachment":"scroll","background-type":"","background-media":"","overlay-type":"","overlay-color":"","overlay-opacity":"","overlay-gradient":""}},"ast-content-background-meta":{"desktop":{"background-color":"var(--ast-global-color-4)","background-image":"","background-repeat":"repeat","background-position":"center center","background-size":"auto","background-attachment":"scroll","background-type":"","background-media":"","overlay-type":"","overlay-color":"","overlay-opacity":"","overlay-gradient":""},"tablet":{"background-color":"var(--ast-global-color-4)","background-image":"","background-repeat":"repeat","background-position":"center center","background-size":"auto","background-attachment":"scroll","background-type":"","background-media":"","overlay-type":"","overlay-color":"","overlay-opacity":"","overlay-gradient":""},"mobile":{"background-color":"var(--ast-global-color-4)","background-image":"","background-repeat":"repeat","background-position":"center center","background-size":"auto","background-attachment":"scroll","background-type":"","background-media":"","overlay-type":"","overlay-color":"","overlay-opacity":"","overlay-gradient":""}},"_jetpack_newsletter_access":"","_jetpack_dont_email_post_to_subs":false,"_jetpack_newsletter_tier_id":0,"_jetpack_memberships_contains_paywalled_content":false,"_jetpack_feature_clip_id":0,"_jetpack_memberships_contains_paid_content":false,"footnotes":"","jetpack_publicize_message":"","jetpack_publicize_feature_enabled":true,"jetpack_social_post_already_shared":true,"jetpack_social_options":{"image_generator_settings":{"template":"highway","default_image_id":0,"font":"","enabled":false},"version":2},"jetpack_post_was_ever_published":false},"categories":[26],"tags":[3555,3556],"class_list":["post-88205","post","type-post","status-publish","format-standard","has-post-thumbnail","hentry","category-columnistas","tag-lead-politico","tag-rene-martinez-torres"],"yoast_head":"<!-- This site is optimized with the Yoast SEO plugin v28.3 - https:\/\/yoast.com\/product\/yoast-seo-wordpress\/ -->\n<title>Se acab\u00f3 la derecha, presentan iniciativa que proh\u00edbe doble nacionalidad - Pol\u00edticos al Desnudo<\/title>\n<meta name=\"robots\" content=\"index, follow, max-snippet:-1, max-image-preview:large, max-video-preview:-1\" \/>\n<link rel=\"canonical\" href=\"https:\/\/politicosaldesnudo.com.mx\/index.php\/2026\/08\/31\/se-acabo-la-derecha-presentan-iniciativa-que-prohibe-doble-nacionalidad\/\" \/>\n<meta property=\"og:locale\" content=\"es_ES\" \/>\n<meta property=\"og:type\" content=\"article\" \/>\n<meta property=\"og:title\" content=\"Se acab\u00f3 la derecha, presentan iniciativa que proh\u00edbe doble nacionalidad - Pol\u00edticos al Desnudo\" \/>\n<meta property=\"og:description\" content=\"LEAD POLITICO\u2026 Por Ren\u00e9 Mart\u00ednez Torres Durante la conferencia ma\u00f1anera de este jueves 27 de agosto, la\u00a0 presidenta Claudia Sheinbaum, [&hellip;]\" \/>\n<meta property=\"og:url\" content=\"https:\/\/politicosaldesnudo.com.mx\/index.php\/2026\/08\/31\/se-acabo-la-derecha-presentan-iniciativa-que-prohibe-doble-nacionalidad\/\" \/>\n<meta property=\"og:site_name\" content=\"Pol\u00edticos al Desnudo\" \/>\n<meta property=\"article:publisher\" content=\"https:\/\/www.facebook.com\/PoliticosAD\" \/>\n<meta property=\"article:published_time\" content=\"2026-08-31T06:00:28+00:00\" \/>\n<meta property=\"og:image\" content=\"https:\/\/politicosaldesnudo.com.mx\/wp-content\/uploads\/2026\/08\/lead-31008-1024x562.png\" \/>\n\t<meta property=\"og:image:width\" content=\"1024\" \/>\n\t<meta property=\"og:image:height\" content=\"562\" \/>\n\t<meta property=\"og:image:type\" content=\"image\/png\" \/>\n<meta name=\"author\" content=\"Redacci\u00f3n Pol\u00edticos\" \/>\n<meta name=\"twitter:card\" content=\"summary_large_image\" \/>\n<meta name=\"twitter:label1\" content=\"Escrito por\" \/>\n\t<meta name=\"twitter:data1\" content=\"Redacci\u00f3n Pol\u00edticos\" \/>\n\t<meta name=\"twitter:label2\" content=\"Tiempo de lectura\" \/>\n\t<meta name=\"twitter:data2\" content=\"5 minutos\" \/>\n<script type=\"application\/ld+json\" class=\"yoast-schema-graph\">{\"@context\":\"https:\\\/\\\/schema.org\",\"@graph\":[{\"@type\":\"Article\",\"@id\":\"https:\\\/\\\/politicosaldesnudo.com.mx\\\/index.php\\\/2026\\\/08\\\/31\\\/se-acabo-la-derecha-presentan-iniciativa-que-prohibe-doble-nacionalidad\\\/#article\",\"isPartOf\":{\"@id\":\"https:\\\/\\\/politicosaldesnudo.com.mx\\\/index.php\\\/2026\\\/08\\\/31\\\/se-acabo-la-derecha-presentan-iniciativa-que-prohibe-doble-nacionalidad\\\/\"},\"author\":{\"name\":\"Redacci\u00f3n Pol\u00edticos\",\"@id\":\"https:\\\/\\\/politicosaldesnudo.com.mx\\\/#\\\/schema\\\/person\\\/ef3a64e561cc3f3f5dc52fab81adde7e\"},\"headline\":\"Se acab\u00f3 la derecha, presentan iniciativa que proh\u00edbe doble nacionalidad\",\"datePublished\":\"2026-08-31T06:00:28+00:00\",\"mainEntityOfPage\":{\"@id\":\"https:\\\/\\\/politicosaldesnudo.com.mx\\\/index.php\\\/2026\\\/08\\\/31\\\/se-acabo-la-derecha-presentan-iniciativa-que-prohibe-doble-nacionalidad\\\/\"},\"wordCount\":1036,\"publisher\":{\"@id\":\"https:\\\/\\\/politicosaldesnudo.com.mx\\\/#organization\"},\"image\":{\"@id\":\"https:\\\/\\\/politicosaldesnudo.com.mx\\\/index.php\\\/2026\\\/08\\\/31\\\/se-acabo-la-derecha-presentan-iniciativa-que-prohibe-doble-nacionalidad\\\/#primaryimage\"},\"thumbnailUrl\":\"https:\\\/\\\/i0.wp.com\\\/politicosaldesnudo.com.mx\\\/wp-content\\\/uploads\\\/2026\\\/08\\\/lead-31008.png?fit=2116%2C1161&ssl=1\",\"keywords\":[\"LEAD POL\u00cdTICO\",\"REN\u00c9 MART\u00cdNEZ TORRES\"],\"articleSection\":[\"OPINI\u00d3N\"],\"inLanguage\":\"es\"},{\"@type\":\"WebPage\",\"@id\":\"https:\\\/\\\/politicosaldesnudo.com.mx\\\/index.php\\\/2026\\\/08\\\/31\\\/se-acabo-la-derecha-presentan-iniciativa-que-prohibe-doble-nacionalidad\\\/\",\"url\":\"https:\\\/\\\/politicosaldesnudo.com.mx\\\/index.php\\\/2026\\\/08\\\/31\\\/se-acabo-la-derecha-presentan-iniciativa-que-prohibe-doble-nacionalidad\\\/\",\"name\":\"Se acab\u00f3 la derecha, presentan iniciativa que proh\u00edbe doble nacionalidad - Pol\u00edticos al Desnudo\",\"isPartOf\":{\"@id\":\"https:\\\/\\\/politicosaldesnudo.com.mx\\\/#website\"},\"primaryImageOfPage\":{\"@id\":\"https:\\\/\\\/politicosaldesnudo.com.mx\\\/index.php\\\/2026\\\/08\\\/31\\\/se-acabo-la-derecha-presentan-iniciativa-que-prohibe-doble-nacionalidad\\\/#primaryimage\"},\"image\":{\"@id\":\"https:\\\/\\\/politicosaldesnudo.com.mx\\\/index.php\\\/2026\\\/08\\\/31\\\/se-acabo-la-derecha-presentan-iniciativa-que-prohibe-doble-nacionalidad\\\/#primaryimage\"},\"thumbnailUrl\":\"https:\\\/\\\/i0.wp.com\\\/politicosaldesnudo.com.mx\\\/wp-content\\\/uploads\\\/2026\\\/08\\\/lead-31008.png?fit=2116%2C1161&ssl=1\",\"datePublished\":\"2026-08-31T06:00:28+00:00\",\"breadcrumb\":{\"@id\":\"https:\\\/\\\/politicosaldesnudo.com.mx\\\/index.php\\\/2026\\\/08\\\/31\\\/se-acabo-la-derecha-presentan-iniciativa-que-prohibe-doble-nacionalidad\\\/#breadcrumb\"},\"inLanguage\":\"es\",\"potentialAction\":[{\"@type\":\"ReadAction\",\"target\":[\"https:\\\/\\\/politicosaldesnudo.com.mx\\\/index.php\\\/2026\\\/08\\\/31\\\/se-acabo-la-derecha-presentan-iniciativa-que-prohibe-doble-nacionalidad\\\/\"]}]},{\"@type\":\"ImageObject\",\"inLanguage\":\"es\",\"@id\":\"https:\\\/\\\/politicosaldesnudo.com.mx\\\/index.php\\\/2026\\\/08\\\/31\\\/se-acabo-la-derecha-presentan-iniciativa-que-prohibe-doble-nacionalidad\\\/#primaryimage\",\"url\":\"https:\\\/\\\/i0.wp.com\\\/politicosaldesnudo.com.mx\\\/wp-content\\\/uploads\\\/2026\\\/08\\\/lead-31008.png?fit=2116%2C1161&ssl=1\",\"contentUrl\":\"https:\\\/\\\/i0.wp.com\\\/politicosaldesnudo.com.mx\\\/wp-content\\\/uploads\\\/2026\\\/08\\\/lead-31008.png?fit=2116%2C1161&ssl=1\",\"width\":2116,\"height\":1161},{\"@type\":\"BreadcrumbList\",\"@id\":\"https:\\\/\\\/politicosaldesnudo.com.mx\\\/index.php\\\/2026\\\/08\\\/31\\\/se-acabo-la-derecha-presentan-iniciativa-que-prohibe-doble-nacionalidad\\\/#breadcrumb\",\"itemListElement\":[{\"@type\":\"ListItem\",\"position\":1,\"name\":\"Portada\",\"item\":\"https:\\\/\\\/politicosaldesnudo.com.mx\\\/\"},{\"@type\":\"ListItem\",\"position\":2,\"name\":\"Se acab\u00f3 la derecha, presentan iniciativa que proh\u00edbe doble nacionalidad\"}]},{\"@type\":\"WebSite\",\"@id\":\"https:\\\/\\\/politicosaldesnudo.com.mx\\\/#website\",\"url\":\"https:\\\/\\\/politicosaldesnudo.com.mx\\\/\",\"name\":\"Pol\u00edticos al Desnudo\",\"description\":\"\",\"publisher\":{\"@id\":\"https:\\\/\\\/politicosaldesnudo.com.mx\\\/#organization\"},\"potentialAction\":[{\"@type\":\"SearchAction\",\"target\":{\"@type\":\"EntryPoint\",\"urlTemplate\":\"https:\\\/\\\/politicosaldesnudo.com.mx\\\/?s={search_term_string}\"},\"query-input\":{\"@type\":\"PropertyValueSpecification\",\"valueRequired\":true,\"valueName\":\"search_term_string\"}}],\"inLanguage\":\"es\"},{\"@type\":\"Organization\",\"@id\":\"https:\\\/\\\/politicosaldesnudo.com.mx\\\/#organization\",\"name\":\"Pol\u00edticos al Desnudo\",\"url\":\"https:\\\/\\\/politicosaldesnudo.com.mx\\\/\",\"logo\":{\"@type\":\"ImageObject\",\"inLanguage\":\"es\",\"@id\":\"https:\\\/\\\/politicosaldesnudo.com.mx\\\/#\\\/schema\\\/logo\\\/image\\\/\",\"url\":\"https:\\\/\\\/i0.wp.com\\\/politicosaldesnudo.com.mx\\\/wp-content\\\/uploads\\\/2026\\\/08\\\/cropped-logo.webp?fit=400%2C126&ssl=1\",\"contentUrl\":\"https:\\\/\\\/i0.wp.com\\\/politicosaldesnudo.com.mx\\\/wp-content\\\/uploads\\\/2026\\\/08\\\/cropped-logo.webp?fit=400%2C126&ssl=1\",\"width\":400,\"height\":126,\"caption\":\"Pol\u00edticos al Desnudo\"},\"image\":{\"@id\":\"https:\\\/\\\/politicosaldesnudo.com.mx\\\/#\\\/schema\\\/logo\\\/image\\\/\"},\"sameAs\":[\"https:\\\/\\\/www.facebook.com\\\/PoliticosAD\"]},{\"@type\":\"Person\",\"@id\":\"https:\\\/\\\/politicosaldesnudo.com.mx\\\/#\\\/schema\\\/person\\\/ef3a64e561cc3f3f5dc52fab81adde7e\",\"name\":\"Redacci\u00f3n Pol\u00edticos\",\"url\":\"https:\\\/\\\/politicosaldesnudo.com.mx\\\/index.php\\\/author\\\/redaccion-politicos\\\/\"}]}<\/script>\n<!-- \/ Yoast SEO plugin. -->","yoast_head_json":{"title":"Se acab\u00f3 la derecha, presentan iniciativa que proh\u00edbe doble nacionalidad - Pol\u00edticos al Desnudo","robots":{"index":"index","follow":"follow","max-snippet":"max-snippet:-1","max-image-preview":"max-image-preview:large","max-video-preview":"max-video-preview:-1"},"canonical":"https:\/\/politicosaldesnudo.com.mx\/index.php\/2026\/08\/31\/se-acabo-la-derecha-presentan-iniciativa-que-prohibe-doble-nacionalidad\/","og_locale":"es_ES","og_type":"article","og_title":"Se acab\u00f3 la derecha, presentan iniciativa que proh\u00edbe doble nacionalidad - Pol\u00edticos al Desnudo","og_description":"LEAD POLITICO\u2026 Por Ren\u00e9 Mart\u00ednez Torres Durante la conferencia ma\u00f1anera de este jueves 27 de agosto, la\u00a0 presidenta Claudia Sheinbaum, [&hellip;]","og_url":"https:\/\/politicosaldesnudo.com.mx\/index.php\/2026\/08\/31\/se-acabo-la-derecha-presentan-iniciativa-que-prohibe-doble-nacionalidad\/","og_site_name":"Pol\u00edticos al Desnudo","article_publisher":"https:\/\/www.facebook.com\/PoliticosAD","article_published_time":"2026-08-31T06:00:28+00:00","og_image":[{"width":1024,"height":562,"url":"https:\/\/politicosaldesnudo.com.mx\/wp-content\/uploads\/2026\/08\/lead-31008-1024x562.png","type":"image\/png"}],"author":"Redacci\u00f3n Pol\u00edticos","twitter_card":"summary_large_image","twitter_misc":{"Escrito por":"Redacci\u00f3n Pol\u00edticos","Tiempo de lectura":"5 minutos"},"schema":{"@context":"https:\/\/schema.org","@graph":[{"@type":"Article","@id":"https:\/\/politicosaldesnudo.com.mx\/index.php\/2026\/08\/31\/se-acabo-la-derecha-presentan-iniciativa-que-prohibe-doble-nacionalidad\/#article","isPartOf":{"@id":"https:\/\/politicosaldesnudo.com.mx\/index.php\/2026\/08\/31\/se-acabo-la-derecha-presentan-iniciativa-que-prohibe-doble-nacionalidad\/"},"author":{"name":"Redacci\u00f3n Pol\u00edticos","@id":"https:\/\/politicosaldesnudo.com.mx\/#\/schema\/person\/ef3a64e561cc3f3f5dc52fab81adde7e"},"headline":"Se acab\u00f3 la derecha, presentan iniciativa que proh\u00edbe doble nacionalidad","datePublished":"2026-08-31T06:00:28+00:00","mainEntityOfPage":{"@id":"https:\/\/politicosaldesnudo.com.mx\/index.php\/2026\/08\/31\/se-acabo-la-derecha-presentan-iniciativa-que-prohibe-doble-nacionalidad\/"},"wordCount":1036,"publisher":{"@id":"https:\/\/politicosaldesnudo.com.mx\/#organization"},"image":{"@id":"https:\/\/politicosaldesnudo.com.mx\/index.php\/2026\/08\/31\/se-acabo-la-derecha-presentan-iniciativa-que-prohibe-doble-nacionalidad\/#primaryimage"},"thumbnailUrl":"https:\/\/i0.wp.com\/politicosaldesnudo.com.mx\/wp-content\/uploads\/2026\/08\/lead-31008.png?fit=2116%2C1161&ssl=1","keywords":["LEAD POL\u00cdTICO","REN\u00c9 MART\u00cdNEZ TORRES"],"articleSection":["OPINI\u00d3N"],"inLanguage":"es"},{"@type":"WebPage","@id":"https:\/\/politicosaldesnudo.com.mx\/index.php\/2026\/08\/31\/se-acabo-la-derecha-presentan-iniciativa-que-prohibe-doble-nacionalidad\/","url":"https:\/\/politicosaldesnudo.com.mx\/index.php\/2026\/08\/31\/se-acabo-la-derecha-presentan-iniciativa-que-prohibe-doble-nacionalidad\/","name":"Se acab\u00f3 la derecha, presentan iniciativa que proh\u00edbe doble nacionalidad - Pol\u00edticos al Desnudo","isPartOf":{"@id":"https:\/\/politicosaldesnudo.com.mx\/#website"},"primaryImageOfPage":{"@id":"https:\/\/politicosaldesnudo.com.mx\/index.php\/2026\/08\/31\/se-acabo-la-derecha-presentan-iniciativa-que-prohibe-doble-nacionalidad\/#primaryimage"},"image":{"@id":"https:\/\/politicosaldesnudo.com.mx\/index.php\/2026\/08\/31\/se-acabo-la-derecha-presentan-iniciativa-que-prohibe-doble-nacionalidad\/#primaryimage"},"thumbnailUrl":"https:\/\/i0.wp.com\/politicosaldesnudo.com.mx\/wp-content\/uploads\/2026\/08\/lead-31008.png?fit=2116%2C1161&ssl=1","datePublished":"2026-08-31T06:00:28+00:00","breadcrumb":{"@id":"https:\/\/politicosaldesnudo.com.mx\/index.php\/2026\/08\/31\/se-acabo-la-derecha-presentan-iniciativa-que-prohibe-doble-nacionalidad\/#breadcrumb"},"inLanguage":"es","potentialAction":[{"@type":"ReadAction","target":["https:\/\/politicosaldesnudo.com.mx\/index.php\/2026\/08\/31\/se-acabo-la-derecha-presentan-iniciativa-que-prohibe-doble-nacionalidad\/"]}]},{"@type":"ImageObject","inLanguage":"es","@id":"https:\/\/politicosaldesnudo.com.mx\/index.php\/2026\/08\/31\/se-acabo-la-derecha-presentan-iniciativa-que-prohibe-doble-nacionalidad\/#primaryimage","url":"https:\/\/i0.wp.com\/politicosaldesnudo.com.mx\/wp-content\/uploads\/2026\/08\/lead-31008.png?fit=2116%2C1161&ssl=1","contentUrl":"https:\/\/i0.wp.com\/politicosaldesnudo.com.mx\/wp-content\/uploads\/2026\/08\/lead-31008.png?fit=2116%2C1161&ssl=1","width":2116,"height":1161},{"@type":"BreadcrumbList","@id":"https:\/\/politicosaldesnudo.com.mx\/index.php\/2026\/08\/31\/se-acabo-la-derecha-presentan-iniciativa-que-prohibe-doble-nacionalidad\/#breadcrumb","itemListElement":[{"@type":"ListItem","position":1,"name":"Portada","item":"https:\/\/politicosaldesnudo.com.mx\/"},{"@type":"ListItem","position":2,"name":"Se acab\u00f3 la derecha, presentan iniciativa que proh\u00edbe doble nacionalidad"}]},{"@type":"WebSite","@id":"https:\/\/politicosaldesnudo.com.mx\/#website","url":"https:\/\/politicosaldesnudo.com.mx\/","name":"Pol\u00edticos al Desnudo","description":"","publisher":{"@id":"https:\/\/politicosaldesnudo.com.mx\/#organization"},"potentialAction":[{"@type":"SearchAction","target":{"@type":"EntryPoint","urlTemplate":"https:\/\/politicosaldesnudo.com.mx\/?s={search_term_string}"},"query-input":{"@type":"PropertyValueSpecification","valueRequired":true,"valueName":"search_term_string"}}],"inLanguage":"es"},{"@type":"Organization","@id":"https:\/\/politicosaldesnudo.com.mx\/#organization","name":"Pol\u00edticos al Desnudo","url":"https:\/\/politicosaldesnudo.com.mx\/","logo":{"@type":"ImageObject","inLanguage":"es","@id":"https:\/\/politicosaldesnudo.com.mx\/#\/schema\/logo\/image\/","url":"https:\/\/i0.wp.com\/politicosaldesnudo.com.mx\/wp-content\/uploads\/2026\/08\/cropped-logo.webp?fit=400%2C126&ssl=1","contentUrl":"https:\/\/i0.wp.com\/politicosaldesnudo.com.mx\/wp-content\/uploads\/2026\/08\/cropped-logo.webp?fit=400%2C126&ssl=1","width":400,"height":126,"caption":"Pol\u00edticos al Desnudo"},"image":{"@id":"https:\/\/politicosaldesnudo.com.mx\/#\/schema\/logo\/image\/"},"sameAs":["https:\/\/www.facebook.com\/PoliticosAD"]},{"@type":"Person","@id":"https:\/\/politicosaldesnudo.com.mx\/#\/schema\/person\/ef3a64e561cc3f3f5dc52fab81adde7e","name":"Redacci\u00f3n Pol\u00edticos","url":"https:\/\/politicosaldesnudo.com.mx\/index.php\/author\/redaccion-politicos\/"}]}},"jetpack_publicize_connections":[],"jetpack-related-posts":[{"id":87805,"url":"https:\/\/politicosaldesnudo.com.mx\/index.php\/2026\/08\/17\/luisa-maria-alcalde-la-pendejada-mas-grande-de-todas\/","url_meta":{"origin":88205,"position":0},"title":"Luisa Mar\u00eda Alcalde: la pendejada m\u00e1s grande de todas","author":"Redacci\u00f3n Pol\u00edticos","date":"17 de agosto de 2026","format":false,"excerpt":"PRIMICIAS POR VICENTE MART\u00cdNEZ Luisa Mar\u00eda Alcalde sali\u00f3 a decir que no existe una \u201clista negra\u201d de periodistas y que lo presentado durante el espacio \u201cDerecho de R\u00e9plica\u201d fue solamente un \u201can\u00e1lisis digital\u201d. El problema es que la explicaci\u00f3n no borra lo que se mostr\u00f3. Desde el Gobierno Federal se\u2026","rel":"","context":"En \u00abOPINI\u00d3N\u00bb","block_context":{"text":"OPINI\u00d3N","link":"https:\/\/politicosaldesnudo.com.mx\/index.php\/category\/columnistas\/"},"img":{"alt_text":"","src":"https:\/\/i0.wp.com\/politicosaldesnudo.com.mx\/wp-content\/uploads\/2026\/08\/primicias-170826-scaled.png?fit=1200%2C659&ssl=1&resize=350%2C200","width":350,"height":200,"srcset":"https:\/\/i0.wp.com\/politicosaldesnudo.com.mx\/wp-content\/uploads\/2026\/08\/primicias-170826-scaled.png?fit=1200%2C659&ssl=1&resize=350%2C200 1x, https:\/\/i0.wp.com\/politicosaldesnudo.com.mx\/wp-content\/uploads\/2026\/08\/primicias-170826-scaled.png?fit=1200%2C659&ssl=1&resize=525%2C300 1.5x, https:\/\/i0.wp.com\/politicosaldesnudo.com.mx\/wp-content\/uploads\/2026\/08\/primicias-170826-scaled.png?fit=1200%2C659&ssl=1&resize=700%2C400 2x, https:\/\/i0.wp.com\/politicosaldesnudo.com.mx\/wp-content\/uploads\/2026\/08\/primicias-170826-scaled.png?fit=1200%2C659&ssl=1&resize=1050%2C600 3x"},"classes":[]},{"id":88017,"url":"https:\/\/politicosaldesnudo.com.mx\/index.php\/2026\/08\/24\/peligrosa-estrategia-injerencista-contra-mexico\/","url_meta":{"origin":88205,"position":1},"title":"Peligrosa estrategia injerencista contra M\u00e9xico","author":"Redacci\u00f3n Pol\u00edticos","date":"24 de agosto de 2026","format":false,"excerpt":"LEAD POLITICO\u2026 Por: Ren\u00e9 Mart\u00ednez Torres * Roci\u00f3 Nahle convirti\u00f3 el municipio de Chinameca en sede de entrega de apoyos escolares a 13 municipios.\u00a0\u00a0 El estratega digital y asesor pol\u00edtico argentino, Fernando Cerimedo,\u00a0 due\u00f1o de la Derecha Diario, ex asesor de Javier Gerdo Milei - presidente de Argentina y Jair\u2026","rel":"","context":"En \u00abOPINI\u00d3N\u00bb","block_context":{"text":"OPINI\u00d3N","link":"https:\/\/politicosaldesnudo.com.mx\/index.php\/category\/columnistas\/"},"img":{"alt_text":"","src":"https:\/\/i0.wp.com\/politicosaldesnudo.com.mx\/wp-content\/uploads\/2026\/02\/LEAD-POLITICO-AZUL.jpg?fit=800%2C445&ssl=1&resize=350%2C200","width":350,"height":200,"srcset":"https:\/\/i0.wp.com\/politicosaldesnudo.com.mx\/wp-content\/uploads\/2026\/02\/LEAD-POLITICO-AZUL.jpg?fit=800%2C445&ssl=1&resize=350%2C200 1x, https:\/\/i0.wp.com\/politicosaldesnudo.com.mx\/wp-content\/uploads\/2026\/02\/LEAD-POLITICO-AZUL.jpg?fit=800%2C445&ssl=1&resize=525%2C300 1.5x, https:\/\/i0.wp.com\/politicosaldesnudo.com.mx\/wp-content\/uploads\/2026\/02\/LEAD-POLITICO-AZUL.jpg?fit=800%2C445&ssl=1&resize=700%2C400 2x"},"classes":[]},{"id":87471,"url":"https:\/\/politicosaldesnudo.com.mx\/index.php\/2026\/08\/03\/las-elecciones-del-2027-seran-el-termometro-politico-y-social-de-la-presidenta-claudia-sheinbaum\/","url_meta":{"origin":88205,"position":2},"title":"Las elecciones del 2027 ser\u00e1n el term\u00f3metro pol\u00edtico y social de la presidenta Claudia Sheinbaum","author":"Redacci\u00f3n Pol\u00edticos","date":"3 de agosto de 2026","format":false,"excerpt":"LEAD POL\u00cdTICO\u2026 Por: Ren\u00e9 Mart\u00ednez Torres Los procesos electorales federales del 2027, la renovaci\u00f3n del Senado de la Rep\u00fablica, el Congreso Federal, 17 estados renovar\u00e1n sus gubernaturas, en algunas entidades solo habr\u00e1 elecci\u00f3n de diputados locales y federales como el caso de Veracruz, ser\u00e1 el term\u00f3metro pol\u00edtico y social de\u2026","rel":"","context":"En \u00abOPINI\u00d3N\u00bb","block_context":{"text":"OPINI\u00d3N","link":"https:\/\/politicosaldesnudo.com.mx\/index.php\/category\/columnistas\/"},"img":{"alt_text":"","src":"https:\/\/i0.wp.com\/politicosaldesnudo.com.mx\/wp-content\/uploads\/2026\/02\/LEAD-POLITICO-AZUL.jpg?fit=800%2C445&ssl=1&resize=350%2C200","width":350,"height":200,"srcset":"https:\/\/i0.wp.com\/politicosaldesnudo.com.mx\/wp-content\/uploads\/2026\/02\/LEAD-POLITICO-AZUL.jpg?fit=800%2C445&ssl=1&resize=350%2C200 1x, https:\/\/i0.wp.com\/politicosaldesnudo.com.mx\/wp-content\/uploads\/2026\/02\/LEAD-POLITICO-AZUL.jpg?fit=800%2C445&ssl=1&resize=525%2C300 1.5x, https:\/\/i0.wp.com\/politicosaldesnudo.com.mx\/wp-content\/uploads\/2026\/02\/LEAD-POLITICO-AZUL.jpg?fit=800%2C445&ssl=1&resize=700%2C400 2x"},"classes":[]},{"id":88208,"url":"https:\/\/politicosaldesnudo.com.mx\/index.php\/2026\/08\/31\/contra-la-doble-nacionalidad-carlos-fuentes-y-ernesto-zedillo\/","url_meta":{"origin":88205,"position":3},"title":"Contra la doble nacionalidad: Carlos Fuentes y Ernesto Zedillo","author":"Redacci\u00f3n Pol\u00edticos","date":"31 de agosto de 2026","format":false,"excerpt":"TEL\u00c9FONO ROJO Por: Jos\u00e9 Ure\u00f1a La doble nacionalidad es un tema recurrente. Claudia Sheinbaum\u00a0ha vuelto sobre ella durante la presente semana con el objetivo de impedir constitucionalmente a un mexicano el ascenso a la Presidencia de la Rep\u00fablica o a una gubernatura. Pronto ser\u00e1 disposici\u00f3n suprema, dado el dominio de\u2026","rel":"","context":"En \u00abOPINI\u00d3N\u00bb","block_context":{"text":"OPINI\u00d3N","link":"https:\/\/politicosaldesnudo.com.mx\/index.php\/category\/columnistas\/"},"img":{"alt_text":"","src":"https:\/\/i0.wp.com\/politicosaldesnudo.com.mx\/wp-content\/uploads\/2026\/08\/tel-rojo-3108.png?fit=1200%2C658&ssl=1&resize=350%2C200","width":350,"height":200,"srcset":"https:\/\/i0.wp.com\/politicosaldesnudo.com.mx\/wp-content\/uploads\/2026\/08\/tel-rojo-3108.png?fit=1200%2C658&ssl=1&resize=350%2C200 1x, https:\/\/i0.wp.com\/politicosaldesnudo.com.mx\/wp-content\/uploads\/2026\/08\/tel-rojo-3108.png?fit=1200%2C658&ssl=1&resize=525%2C300 1.5x, https:\/\/i0.wp.com\/politicosaldesnudo.com.mx\/wp-content\/uploads\/2026\/08\/tel-rojo-3108.png?fit=1200%2C658&ssl=1&resize=700%2C400 2x, https:\/\/i0.wp.com\/politicosaldesnudo.com.mx\/wp-content\/uploads\/2026\/08\/tel-rojo-3108.png?fit=1200%2C658&ssl=1&resize=1050%2C600 3x"},"classes":[]},{"id":60707,"url":"https:\/\/politicosaldesnudo.com.mx\/index.php\/2025\/04\/11\/suterm-anuncia-su-separacion-del-pri\/","url_meta":{"origin":88205,"position":4},"title":"SUTERM anuncia su separaci\u00f3n del PRI","author":"Redacci\u00f3n Pol\u00edticos","date":"11 de abril de 2025","format":false,"excerpt":"Los dirigentes del Sindicato \u00danico de Trabajadores Electricistas de la Rep\u00fablica Mexicana en Tuxpan, Rolando N\u00fa\u00f1ez Uribe y David Reyes Casta\u00f1eda, respaldaron la decisi\u00f3n de Mario Alberto Mart\u00ednez Zapata de renunciar al Partido Revolucionario Institucional (PRI) y tambi\u00e9n anunciaron su retiro del partido. La raz\u00f3n de su decisi\u00f3n es la\u2026","rel":"","context":"En \u00abTUXPAN\u00bb","block_context":{"text":"TUXPAN","link":"https:\/\/politicosaldesnudo.com.mx\/index.php\/category\/tuxpan\/"},"img":{"alt_text":"","src":"https:\/\/i0.wp.com\/politicosaldesnudo.com.mx\/wp-content\/uploads\/2025\/04\/5a1.jpg?fit=1200%2C675&ssl=1&resize=350%2C200","width":350,"height":200,"srcset":"https:\/\/i0.wp.com\/politicosaldesnudo.com.mx\/wp-content\/uploads\/2025\/04\/5a1.jpg?fit=1200%2C675&ssl=1&resize=350%2C200 1x, https:\/\/i0.wp.com\/politicosaldesnudo.com.mx\/wp-content\/uploads\/2025\/04\/5a1.jpg?fit=1200%2C675&ssl=1&resize=525%2C300 1.5x, https:\/\/i0.wp.com\/politicosaldesnudo.com.mx\/wp-content\/uploads\/2025\/04\/5a1.jpg?fit=1200%2C675&ssl=1&resize=700%2C400 2x, https:\/\/i0.wp.com\/politicosaldesnudo.com.mx\/wp-content\/uploads\/2025\/04\/5a1.jpg?fit=1200%2C675&ssl=1&resize=1050%2C600 3x"},"classes":[]},{"id":20097,"url":"https:\/\/politicosaldesnudo.com.mx\/index.php\/2023\/05\/22\/inicia-nueva-era-para-egresados-del-ipn\/","url_meta":{"origin":88205,"position":5},"title":"Inicia nueva era para Egresados del Instituto Polit\u00e9cnico Nacional","author":"Redacci\u00f3n Pol\u00edticos","date":"22 de mayo de 2023","format":false,"excerpt":"\u00a0 <<El presidente Marcos Antonio \u00c1vila Cadena hace un llamado: \u201cLas mujeres son primero\u201d desde tribuna invita a sumarse al plan de trabajo Consejo Nacional de Egresados>> \u00a0 CIUDAD DE M\u00c9XICO. Toma protesta Marcos Antonio \u00c1vila Cadena, como presidente del Consejo Nacional de Egresados del Instituto Polit\u00e9cnico Nacional, en el\u2026","rel":"","context":"En \u00abESTADOS\u00bb","block_context":{"text":"ESTADOS","link":"https:\/\/politicosaldesnudo.com.mx\/index.php\/category\/estados\/"},"img":{"alt_text":"","src":"https:\/\/i0.wp.com\/politicosaldesnudo.com.mx\/wp-content\/uploads\/2023\/05\/P-EGRESADOS-TOMA-PROTESTA-1.png?fit=1200%2C671&ssl=1&resize=350%2C200","width":350,"height":200,"srcset":"https:\/\/i0.wp.com\/politicosaldesnudo.com.mx\/wp-content\/uploads\/2023\/05\/P-EGRESADOS-TOMA-PROTESTA-1.png?fit=1200%2C671&ssl=1&resize=350%2C200 1x, https:\/\/i0.wp.com\/politicosaldesnudo.com.mx\/wp-content\/uploads\/2023\/05\/P-EGRESADOS-TOMA-PROTESTA-1.png?fit=1200%2C671&ssl=1&resize=525%2C300 1.5x, https:\/\/i0.wp.com\/politicosaldesnudo.com.mx\/wp-content\/uploads\/2023\/05\/P-EGRESADOS-TOMA-PROTESTA-1.png?fit=1200%2C671&ssl=1&resize=700%2C400 2x, https:\/\/i0.wp.com\/politicosaldesnudo.com.mx\/wp-content\/uploads\/2023\/05\/P-EGRESADOS-TOMA-PROTESTA-1.png?fit=1200%2C671&ssl=1&resize=1050%2C600 3x"},"classes":[]}],"jetpack_sharing_enabled":true,"jetpack_featured_media_url":"https:\/\/i0.wp.com\/politicosaldesnudo.com.mx\/wp-content\/uploads\/2026\/08\/lead-31008.png?fit=2116%2C1161&ssl=1","_links":{"self":[{"href":"https:\/\/politicosaldesnudo.com.mx\/index.php\/wp-json\/wp\/v2\/posts\/88205","targetHints":{"allow":["GET"]}}],"collection":[{"href":"https:\/\/politicosaldesnudo.com.mx\/index.php\/wp-json\/wp\/v2\/posts"}],"about":[{"href":"https:\/\/politicosaldesnudo.com.mx\/index.php\/wp-json\/wp\/v2\/types\/post"}],"author":[{"embeddable":true,"href":"https:\/\/politicosaldesnudo.com.mx\/index.php\/wp-json\/wp\/v2\/users\/4"}],"replies":[{"embeddable":true,"href":"https:\/\/politicosaldesnudo.com.mx\/index.php\/wp-json\/wp\/v2\/comments?post=88205"}],"version-history":[{"count":1,"href":"https:\/\/politicosaldesnudo.com.mx\/index.php\/wp-json\/wp\/v2\/posts\/88205\/revisions"}],"predecessor-version":[{"id":88207,"href":"https:\/\/politicosaldesnudo.com.mx\/index.php\/wp-json\/wp\/v2\/posts\/88205\/revisions\/88207"}],"wp:featuredmedia":[{"embeddable":true,"href":"https:\/\/politicosaldesnudo.com.mx\/index.php\/wp-json\/wp\/v2\/media\/88206"}],"wp:attachment":[{"href":"https:\/\/politicosaldesnudo.com.mx\/index.php\/wp-json\/wp\/v2\/media?parent=88205"}],"wp:term":[{"taxonomy":"category","embeddable":true,"href":"https:\/\/politicosaldesnudo.com.mx\/index.php\/wp-json\/wp\/v2\/categories?post=88205"},{"taxonomy":"post_tag","embeddable":true,"href":"https:\/\/politicosaldesnudo.com.mx\/index.php\/wp-json\/wp\/v2\/tags?post=88205"}],"curies":[{"name":"wp","href":"https:\/\/api.w.org\/{rel}","templated":true}]}}