{"id":88270,"date":"2026-09-02T12:36:51","date_gmt":"2026-09-02T18:36:51","guid":{"rendered":"https:\/\/politicosaldesnudo.com.mx\/?p=88270"},"modified":"2026-09-02T12:36:51","modified_gmt":"2026-09-02T18:36:51","slug":"nepal-busca-frenar-cancelaciones-turisticas-en-medio-de-la-tragedia-por-las-inundaciones","status":"publish","type":"post","link":"https:\/\/politicosaldesnudo.com.mx\/index.php\/2026\/09\/02\/nepal-busca-frenar-cancelaciones-turisticas-en-medio-de-la-tragedia-por-las-inundaciones\/","title":{"rendered":"Nepal busca frenar cancelaciones tur\u00edsticas en medio de la tragedia por las inundaciones"},"content":{"rendered":"<p><span style=\"font-family: tahoma, arial, helvetica, sans-serif; font-size: 14pt;\">Mientras los equipos de emergencia contin\u00faan buscando a miles de personas desaparecidas, Nepal enfrenta otra amenaza derivada de las devastadoras inundaciones: el desplome de su actividad tur\u00edstica, una de las principales fuentes de ingresos del pa\u00eds.<\/span><\/p>\n<p><span style=\"font-family: tahoma, arial, helvetica, sans-serif; font-size: 14pt;\">El Gobierno nepal\u00ed pidi\u00f3 a los viajeros extranjeros no abandonar sus planes de visitar la naci\u00f3n asi\u00e1tica. Su ministro de Turismo, Khadak Raj Paudel, explic\u00f3 que la cat\u00e1strofe se concentr\u00f3 en determinadas regiones y que numerosos destinos permanecen abiertos y en condiciones de recibir visitantes.<\/span><\/p>\n<p><span style=\"font-family: tahoma, arial, helvetica, sans-serif; font-size: 14pt;\">De acuerdo con el funcionario, mantener los viajes representa una forma directa de respaldar a hoteles, gu\u00edas, transportistas, restaurantes, comercios y familias cuyo sustento depende de la llegada de extranjeros.<\/span><\/p>\n<p><span style=\"font-family: tahoma, arial, helvetica, sans-serif; font-size: 14pt;\">La petici\u00f3n ocurre despu\u00e9s de que las reservaciones comenzaran a caer aceleradamente. Mandip Giri, director del hotel Dom Himalaya, inform\u00f3 que la ocupaci\u00f3n para los meses de septiembre a noviembre \u2014considerados temporada alta\u2014 superaba 90 por ciento antes del desastre, pero alrededor de una quinta parte de las reservas ya fue cancelada.<\/span><\/p>\n<p><span style=\"font-family: tahoma, arial, helvetica, sans-serif; font-size: 14pt;\">El sector todav\u00eda no se recuperaba por completo de las protestas registradas en 2025 ni de las afectaciones internacionales provocadas por la guerra en Oriente Medio. El nuevo desastre amenaza con profundizar las p\u00e9rdidas econ\u00f3micas en un pa\u00eds que recibe aproximadamente 1.2 millones de turistas anualmente y donde esta actividad aporta cerca de 8 por ciento del producto interno bruto.<\/span><\/p>\n<p><span style=\"font-family: tahoma, arial, helvetica, sans-serif; font-size: 14pt;\">La emergencia comenz\u00f3 el 26 de agosto, cuando el colapso de un glaciar provoc\u00f3 una violenta corriente de agua, hielo, piedras y lodo que arras\u00f3 comunidades cercanas a la frontera con China. La cifra de v\u00edctimas supera el millar, mientras m\u00e1s de 4 mil personas contin\u00faan sin ser localizadas. <\/span><\/p>\n<p><span style=\"font-family: tahoma, arial, helvetica, sans-serif; font-size: 14pt;\">Entre los desaparecidos se encuentran cientos de viajeros internacionales. Reportes recientes contabilizan alrededor de 590 extranjeros de 39 pa\u00edses cuyo paradero todav\u00eda no ha sido confirmado, aunque algunos turistas lograron restablecer la comunicaci\u00f3n con las autoridades. <\/span><\/p>\n<p><span style=\"font-family: tahoma, arial, helvetica, sans-serif; font-size: 14pt;\">Las autoridades aclararon que el llamado a mantener los viajes no incluye las zonas devastadas. Quienes tengan previsto visitar Nepal deber\u00e1n comprobar previamente las condiciones de su ruta, mantenerse atentos a los avisos oficiales y evitar las regiones donde persisten inundaciones, deslaves, da\u00f1os carreteros y labores de rescate.<\/span><\/p>\n","protected":false},"excerpt":{"rendered":"<p>Mientras los equipos de emergencia contin\u00faan buscando a miles de personas desaparecidas, Nepal enfrenta otra amenaza derivada de las devastadoras [&hellip;]<\/p>\n","protected":false},"author":4,"featured_media":88271,"comment_status":"closed","ping_status":"closed","sticky":false,"template":"","format":"standard","meta":{"site-sidebar-layout":"default","site-content-layout":"","ast-site-content-layout":"default","site-content-style":"default","site-sidebar-style":"default","ast-global-header-display":"","ast-banner-title-visibility":"","ast-main-header-display":"","ast-hfb-above-header-display":"","ast-hfb-below-header-display":"","ast-hfb-mobile-header-display":"","site-post-title":"","ast-breadcrumbs-content":"","ast-featured-img":"","footer-sml-layout":"","ast-disable-related-posts":"","theme-transparent-header-meta":"default","adv-header-id-meta":"","stick-header-meta":"","header-above-stick-meta":"","header-main-stick-meta":"","header-below-stick-meta":"","astra-migrate-meta-layouts":"set","ast-page-background-enabled":"default","ast-page-background-meta":{"desktop":{"background-color":"var(--ast-global-color-5)","background-image":"","background-repeat":"repeat","background-position":"center center","background-size":"auto","background-attachment":"scroll","background-type":"","background-media":"","overlay-type":"","overlay-color":"","overlay-opacity":"","overlay-gradient":""},"tablet":{"background-color":"","background-image":"","background-repeat":"repeat","background-position":"center center","background-size":"auto","background-attachment":"scroll","background-type":"","background-media":"","overlay-type":"","overlay-color":"","overlay-opacity":"","overlay-gradient":""},"mobile":{"background-color":"","background-image":"","background-repeat":"repeat","background-position":"center center","background-size":"auto","background-attachment":"scroll","background-type":"","background-media":"","overlay-type":"","overlay-color":"","overlay-opacity":"","overlay-gradient":""}},"ast-content-background-meta":{"desktop":{"background-color":"var(--ast-global-color-4)","background-image":"","background-repeat":"repeat","background-position":"center center","background-size":"auto","background-attachment":"scroll","background-type":"","background-media":"","overlay-type":"","overlay-color":"","overlay-opacity":"","overlay-gradient":""},"tablet":{"background-color":"var(--ast-global-color-4)","background-image":"","background-repeat":"repeat","background-position":"center center","background-size":"auto","background-attachment":"scroll","background-type":"","background-media":"","overlay-type":"","overlay-color":"","overlay-opacity":"","overlay-gradient":""},"mobile":{"background-color":"var(--ast-global-color-4)","background-image":"","background-repeat":"repeat","background-position":"center center","background-size":"auto","background-attachment":"scroll","background-type":"","background-media":"","overlay-type":"","overlay-color":"","overlay-opacity":"","overlay-gradient":""}},"_jetpack_newsletter_access":"","_jetpack_dont_email_post_to_subs":false,"_jetpack_newsletter_tier_id":0,"_jetpack_memberships_contains_paywalled_content":false,"_jetpack_feature_clip_id":0,"_jetpack_memberships_contains_paid_content":false,"footnotes":"","jetpack_publicize_message":"","jetpack_publicize_feature_enabled":true,"jetpack_social_post_already_shared":true,"jetpack_social_options":{"image_generator_settings":{"template":"highway","default_image_id":0,"font":"","enabled":false},"version":2},"jetpack_post_was_ever_published":false},"categories":[28],"tags":[],"class_list":["post-88270","post","type-post","status-publish","format-standard","has-post-thumbnail","hentry","category-internacional"],"yoast_head":"<!-- This site is optimized with the Yoast SEO plugin v28.3 - https:\/\/yoast.com\/product\/yoast-seo-wordpress\/ -->\n<title>Nepal busca frenar cancelaciones tur\u00edsticas en medio de la tragedia por las inundaciones - Pol\u00edticos al Desnudo<\/title>\n<meta name=\"robots\" content=\"index, follow, max-snippet:-1, max-image-preview:large, max-video-preview:-1\" \/>\n<link rel=\"canonical\" href=\"https:\/\/politicosaldesnudo.com.mx\/index.php\/2026\/09\/02\/nepal-busca-frenar-cancelaciones-turisticas-en-medio-de-la-tragedia-por-las-inundaciones\/\" \/>\n<meta property=\"og:locale\" content=\"es_ES\" \/>\n<meta property=\"og:type\" content=\"article\" \/>\n<meta property=\"og:title\" content=\"Nepal busca frenar cancelaciones tur\u00edsticas en medio de la tragedia por las inundaciones - Pol\u00edticos al Desnudo\" \/>\n<meta property=\"og:description\" content=\"Mientras los equipos de emergencia contin\u00faan buscando a miles de personas desaparecidas, Nepal enfrenta otra amenaza derivada de las devastadoras [&hellip;]\" \/>\n<meta property=\"og:url\" content=\"https:\/\/politicosaldesnudo.com.mx\/index.php\/2026\/09\/02\/nepal-busca-frenar-cancelaciones-turisticas-en-medio-de-la-tragedia-por-las-inundaciones\/\" \/>\n<meta property=\"og:site_name\" content=\"Pol\u00edticos al Desnudo\" \/>\n<meta property=\"article:publisher\" content=\"https:\/\/www.facebook.com\/PoliticosAD\" \/>\n<meta property=\"article:published_time\" content=\"2026-09-02T18:36:51+00:00\" \/>\n<meta property=\"og:image\" content=\"https:\/\/politicosaldesnudo.com.mx\/wp-content\/uploads\/2026\/09\/nep.jpg\" \/>\n\t<meta property=\"og:image:width\" content=\"1024\" \/>\n\t<meta property=\"og:image:height\" content=\"683\" \/>\n\t<meta property=\"og:image:type\" content=\"image\/jpeg\" \/>\n<meta name=\"author\" content=\"Redacci\u00f3n Pol\u00edticos\" \/>\n<meta name=\"twitter:card\" content=\"summary_large_image\" \/>\n<meta name=\"twitter:label1\" content=\"Escrito por\" \/>\n\t<meta name=\"twitter:data1\" content=\"Redacci\u00f3n Pol\u00edticos\" \/>\n\t<meta name=\"twitter:label2\" content=\"Tiempo de lectura\" \/>\n\t<meta name=\"twitter:data2\" content=\"2 minutos\" \/>\n<script type=\"application\/ld+json\" class=\"yoast-schema-graph\">{\"@context\":\"https:\\\/\\\/schema.org\",\"@graph\":[{\"@type\":\"Article\",\"@id\":\"https:\\\/\\\/politicosaldesnudo.com.mx\\\/index.php\\\/2026\\\/09\\\/02\\\/nepal-busca-frenar-cancelaciones-turisticas-en-medio-de-la-tragedia-por-las-inundaciones\\\/#article\",\"isPartOf\":{\"@id\":\"https:\\\/\\\/politicosaldesnudo.com.mx\\\/index.php\\\/2026\\\/09\\\/02\\\/nepal-busca-frenar-cancelaciones-turisticas-en-medio-de-la-tragedia-por-las-inundaciones\\\/\"},\"author\":{\"name\":\"Redacci\u00f3n Pol\u00edticos\",\"@id\":\"https:\\\/\\\/politicosaldesnudo.com.mx\\\/#\\\/schema\\\/person\\\/ef3a64e561cc3f3f5dc52fab81adde7e\"},\"headline\":\"Nepal busca frenar cancelaciones tur\u00edsticas en medio de la tragedia por las inundaciones\",\"datePublished\":\"2026-09-02T18:36:51+00:00\",\"mainEntityOfPage\":{\"@id\":\"https:\\\/\\\/politicosaldesnudo.com.mx\\\/index.php\\\/2026\\\/09\\\/02\\\/nepal-busca-frenar-cancelaciones-turisticas-en-medio-de-la-tragedia-por-las-inundaciones\\\/\"},\"wordCount\":384,\"publisher\":{\"@id\":\"https:\\\/\\\/politicosaldesnudo.com.mx\\\/#organization\"},\"image\":{\"@id\":\"https:\\\/\\\/politicosaldesnudo.com.mx\\\/index.php\\\/2026\\\/09\\\/02\\\/nepal-busca-frenar-cancelaciones-turisticas-en-medio-de-la-tragedia-por-las-inundaciones\\\/#primaryimage\"},\"thumbnailUrl\":\"https:\\\/\\\/i0.wp.com\\\/politicosaldesnudo.com.mx\\\/wp-content\\\/uploads\\\/2026\\\/09\\\/nep.jpg?fit=1024%2C683&ssl=1\",\"articleSection\":[\"INTERNACIONAL\"],\"inLanguage\":\"es\"},{\"@type\":\"WebPage\",\"@id\":\"https:\\\/\\\/politicosaldesnudo.com.mx\\\/index.php\\\/2026\\\/09\\\/02\\\/nepal-busca-frenar-cancelaciones-turisticas-en-medio-de-la-tragedia-por-las-inundaciones\\\/\",\"url\":\"https:\\\/\\\/politicosaldesnudo.com.mx\\\/index.php\\\/2026\\\/09\\\/02\\\/nepal-busca-frenar-cancelaciones-turisticas-en-medio-de-la-tragedia-por-las-inundaciones\\\/\",\"name\":\"Nepal busca frenar cancelaciones tur\u00edsticas en medio de la tragedia por las inundaciones - Pol\u00edticos al Desnudo\",\"isPartOf\":{\"@id\":\"https:\\\/\\\/politicosaldesnudo.com.mx\\\/#website\"},\"primaryImageOfPage\":{\"@id\":\"https:\\\/\\\/politicosaldesnudo.com.mx\\\/index.php\\\/2026\\\/09\\\/02\\\/nepal-busca-frenar-cancelaciones-turisticas-en-medio-de-la-tragedia-por-las-inundaciones\\\/#primaryimage\"},\"image\":{\"@id\":\"https:\\\/\\\/politicosaldesnudo.com.mx\\\/index.php\\\/2026\\\/09\\\/02\\\/nepal-busca-frenar-cancelaciones-turisticas-en-medio-de-la-tragedia-por-las-inundaciones\\\/#primaryimage\"},\"thumbnailUrl\":\"https:\\\/\\\/i0.wp.com\\\/politicosaldesnudo.com.mx\\\/wp-content\\\/uploads\\\/2026\\\/09\\\/nep.jpg?fit=1024%2C683&ssl=1\",\"datePublished\":\"2026-09-02T18:36:51+00:00\",\"breadcrumb\":{\"@id\":\"https:\\\/\\\/politicosaldesnudo.com.mx\\\/index.php\\\/2026\\\/09\\\/02\\\/nepal-busca-frenar-cancelaciones-turisticas-en-medio-de-la-tragedia-por-las-inundaciones\\\/#breadcrumb\"},\"inLanguage\":\"es\",\"potentialAction\":[{\"@type\":\"ReadAction\",\"target\":[\"https:\\\/\\\/politicosaldesnudo.com.mx\\\/index.php\\\/2026\\\/09\\\/02\\\/nepal-busca-frenar-cancelaciones-turisticas-en-medio-de-la-tragedia-por-las-inundaciones\\\/\"]}]},{\"@type\":\"ImageObject\",\"inLanguage\":\"es\",\"@id\":\"https:\\\/\\\/politicosaldesnudo.com.mx\\\/index.php\\\/2026\\\/09\\\/02\\\/nepal-busca-frenar-cancelaciones-turisticas-en-medio-de-la-tragedia-por-las-inundaciones\\\/#primaryimage\",\"url\":\"https:\\\/\\\/i0.wp.com\\\/politicosaldesnudo.com.mx\\\/wp-content\\\/uploads\\\/2026\\\/09\\\/nep.jpg?fit=1024%2C683&ssl=1\",\"contentUrl\":\"https:\\\/\\\/i0.wp.com\\\/politicosaldesnudo.com.mx\\\/wp-content\\\/uploads\\\/2026\\\/09\\\/nep.jpg?fit=1024%2C683&ssl=1\",\"width\":1024,\"height\":683},{\"@type\":\"BreadcrumbList\",\"@id\":\"https:\\\/\\\/politicosaldesnudo.com.mx\\\/index.php\\\/2026\\\/09\\\/02\\\/nepal-busca-frenar-cancelaciones-turisticas-en-medio-de-la-tragedia-por-las-inundaciones\\\/#breadcrumb\",\"itemListElement\":[{\"@type\":\"ListItem\",\"position\":1,\"name\":\"Portada\",\"item\":\"https:\\\/\\\/politicosaldesnudo.com.mx\\\/\"},{\"@type\":\"ListItem\",\"position\":2,\"name\":\"Nepal busca frenar cancelaciones tur\u00edsticas en medio de la tragedia por las inundaciones\"}]},{\"@type\":\"WebSite\",\"@id\":\"https:\\\/\\\/politicosaldesnudo.com.mx\\\/#website\",\"url\":\"https:\\\/\\\/politicosaldesnudo.com.mx\\\/\",\"name\":\"Pol\u00edticos al Desnudo\",\"description\":\"\",\"publisher\":{\"@id\":\"https:\\\/\\\/politicosaldesnudo.com.mx\\\/#organization\"},\"potentialAction\":[{\"@type\":\"SearchAction\",\"target\":{\"@type\":\"EntryPoint\",\"urlTemplate\":\"https:\\\/\\\/politicosaldesnudo.com.mx\\\/?s={search_term_string}\"},\"query-input\":{\"@type\":\"PropertyValueSpecification\",\"valueRequired\":true,\"valueName\":\"search_term_string\"}}],\"inLanguage\":\"es\"},{\"@type\":\"Organization\",\"@id\":\"https:\\\/\\\/politicosaldesnudo.com.mx\\\/#organization\",\"name\":\"Pol\u00edticos al Desnudo\",\"url\":\"https:\\\/\\\/politicosaldesnudo.com.mx\\\/\",\"logo\":{\"@type\":\"ImageObject\",\"inLanguage\":\"es\",\"@id\":\"https:\\\/\\\/politicosaldesnudo.com.mx\\\/#\\\/schema\\\/logo\\\/image\\\/\",\"url\":\"https:\\\/\\\/i0.wp.com\\\/politicosaldesnudo.com.mx\\\/wp-content\\\/uploads\\\/2026\\\/08\\\/cropped-logo.webp?fit=400%2C126&ssl=1\",\"contentUrl\":\"https:\\\/\\\/i0.wp.com\\\/politicosaldesnudo.com.mx\\\/wp-content\\\/uploads\\\/2026\\\/08\\\/cropped-logo.webp?fit=400%2C126&ssl=1\",\"width\":400,\"height\":126,\"caption\":\"Pol\u00edticos al Desnudo\"},\"image\":{\"@id\":\"https:\\\/\\\/politicosaldesnudo.com.mx\\\/#\\\/schema\\\/logo\\\/image\\\/\"},\"sameAs\":[\"https:\\\/\\\/www.facebook.com\\\/PoliticosAD\"]},{\"@type\":\"Person\",\"@id\":\"https:\\\/\\\/politicosaldesnudo.com.mx\\\/#\\\/schema\\\/person\\\/ef3a64e561cc3f3f5dc52fab81adde7e\",\"name\":\"Redacci\u00f3n Pol\u00edticos\",\"url\":\"https:\\\/\\\/politicosaldesnudo.com.mx\\\/index.php\\\/author\\\/redaccion-politicos\\\/\"}]}<\/script>\n<!-- \/ Yoast SEO plugin. -->","yoast_head_json":{"title":"Nepal busca frenar cancelaciones tur\u00edsticas en medio de la tragedia por las inundaciones - Pol\u00edticos al Desnudo","robots":{"index":"index","follow":"follow","max-snippet":"max-snippet:-1","max-image-preview":"max-image-preview:large","max-video-preview":"max-video-preview:-1"},"canonical":"https:\/\/politicosaldesnudo.com.mx\/index.php\/2026\/09\/02\/nepal-busca-frenar-cancelaciones-turisticas-en-medio-de-la-tragedia-por-las-inundaciones\/","og_locale":"es_ES","og_type":"article","og_title":"Nepal busca frenar cancelaciones tur\u00edsticas en medio de la tragedia por las inundaciones - Pol\u00edticos al Desnudo","og_description":"Mientras los equipos de emergencia contin\u00faan buscando a miles de personas desaparecidas, Nepal enfrenta otra amenaza derivada de las devastadoras [&hellip;]","og_url":"https:\/\/politicosaldesnudo.com.mx\/index.php\/2026\/09\/02\/nepal-busca-frenar-cancelaciones-turisticas-en-medio-de-la-tragedia-por-las-inundaciones\/","og_site_name":"Pol\u00edticos al Desnudo","article_publisher":"https:\/\/www.facebook.com\/PoliticosAD","article_published_time":"2026-09-02T18:36:51+00:00","og_image":[{"width":1024,"height":683,"url":"https:\/\/politicosaldesnudo.com.mx\/wp-content\/uploads\/2026\/09\/nep.jpg","type":"image\/jpeg"}],"author":"Redacci\u00f3n Pol\u00edticos","twitter_card":"summary_large_image","twitter_misc":{"Escrito por":"Redacci\u00f3n Pol\u00edticos","Tiempo de lectura":"2 minutos"},"schema":{"@context":"https:\/\/schema.org","@graph":[{"@type":"Article","@id":"https:\/\/politicosaldesnudo.com.mx\/index.php\/2026\/09\/02\/nepal-busca-frenar-cancelaciones-turisticas-en-medio-de-la-tragedia-por-las-inundaciones\/#article","isPartOf":{"@id":"https:\/\/politicosaldesnudo.com.mx\/index.php\/2026\/09\/02\/nepal-busca-frenar-cancelaciones-turisticas-en-medio-de-la-tragedia-por-las-inundaciones\/"},"author":{"name":"Redacci\u00f3n Pol\u00edticos","@id":"https:\/\/politicosaldesnudo.com.mx\/#\/schema\/person\/ef3a64e561cc3f3f5dc52fab81adde7e"},"headline":"Nepal busca frenar cancelaciones tur\u00edsticas en medio de la tragedia por las inundaciones","datePublished":"2026-09-02T18:36:51+00:00","mainEntityOfPage":{"@id":"https:\/\/politicosaldesnudo.com.mx\/index.php\/2026\/09\/02\/nepal-busca-frenar-cancelaciones-turisticas-en-medio-de-la-tragedia-por-las-inundaciones\/"},"wordCount":384,"publisher":{"@id":"https:\/\/politicosaldesnudo.com.mx\/#organization"},"image":{"@id":"https:\/\/politicosaldesnudo.com.mx\/index.php\/2026\/09\/02\/nepal-busca-frenar-cancelaciones-turisticas-en-medio-de-la-tragedia-por-las-inundaciones\/#primaryimage"},"thumbnailUrl":"https:\/\/i0.wp.com\/politicosaldesnudo.com.mx\/wp-content\/uploads\/2026\/09\/nep.jpg?fit=1024%2C683&ssl=1","articleSection":["INTERNACIONAL"],"inLanguage":"es"},{"@type":"WebPage","@id":"https:\/\/politicosaldesnudo.com.mx\/index.php\/2026\/09\/02\/nepal-busca-frenar-cancelaciones-turisticas-en-medio-de-la-tragedia-por-las-inundaciones\/","url":"https:\/\/politicosaldesnudo.com.mx\/index.php\/2026\/09\/02\/nepal-busca-frenar-cancelaciones-turisticas-en-medio-de-la-tragedia-por-las-inundaciones\/","name":"Nepal busca frenar cancelaciones tur\u00edsticas en medio de la tragedia por las inundaciones - Pol\u00edticos al Desnudo","isPartOf":{"@id":"https:\/\/politicosaldesnudo.com.mx\/#website"},"primaryImageOfPage":{"@id":"https:\/\/politicosaldesnudo.com.mx\/index.php\/2026\/09\/02\/nepal-busca-frenar-cancelaciones-turisticas-en-medio-de-la-tragedia-por-las-inundaciones\/#primaryimage"},"image":{"@id":"https:\/\/politicosaldesnudo.com.mx\/index.php\/2026\/09\/02\/nepal-busca-frenar-cancelaciones-turisticas-en-medio-de-la-tragedia-por-las-inundaciones\/#primaryimage"},"thumbnailUrl":"https:\/\/i0.wp.com\/politicosaldesnudo.com.mx\/wp-content\/uploads\/2026\/09\/nep.jpg?fit=1024%2C683&ssl=1","datePublished":"2026-09-02T18:36:51+00:00","breadcrumb":{"@id":"https:\/\/politicosaldesnudo.com.mx\/index.php\/2026\/09\/02\/nepal-busca-frenar-cancelaciones-turisticas-en-medio-de-la-tragedia-por-las-inundaciones\/#breadcrumb"},"inLanguage":"es","potentialAction":[{"@type":"ReadAction","target":["https:\/\/politicosaldesnudo.com.mx\/index.php\/2026\/09\/02\/nepal-busca-frenar-cancelaciones-turisticas-en-medio-de-la-tragedia-por-las-inundaciones\/"]}]},{"@type":"ImageObject","inLanguage":"es","@id":"https:\/\/politicosaldesnudo.com.mx\/index.php\/2026\/09\/02\/nepal-busca-frenar-cancelaciones-turisticas-en-medio-de-la-tragedia-por-las-inundaciones\/#primaryimage","url":"https:\/\/i0.wp.com\/politicosaldesnudo.com.mx\/wp-content\/uploads\/2026\/09\/nep.jpg?fit=1024%2C683&ssl=1","contentUrl":"https:\/\/i0.wp.com\/politicosaldesnudo.com.mx\/wp-content\/uploads\/2026\/09\/nep.jpg?fit=1024%2C683&ssl=1","width":1024,"height":683},{"@type":"BreadcrumbList","@id":"https:\/\/politicosaldesnudo.com.mx\/index.php\/2026\/09\/02\/nepal-busca-frenar-cancelaciones-turisticas-en-medio-de-la-tragedia-por-las-inundaciones\/#breadcrumb","itemListElement":[{"@type":"ListItem","position":1,"name":"Portada","item":"https:\/\/politicosaldesnudo.com.mx\/"},{"@type":"ListItem","position":2,"name":"Nepal busca frenar cancelaciones tur\u00edsticas en medio de la tragedia por las inundaciones"}]},{"@type":"WebSite","@id":"https:\/\/politicosaldesnudo.com.mx\/#website","url":"https:\/\/politicosaldesnudo.com.mx\/","name":"Pol\u00edticos al Desnudo","description":"","publisher":{"@id":"https:\/\/politicosaldesnudo.com.mx\/#organization"},"potentialAction":[{"@type":"SearchAction","target":{"@type":"EntryPoint","urlTemplate":"https:\/\/politicosaldesnudo.com.mx\/?s={search_term_string}"},"query-input":{"@type":"PropertyValueSpecification","valueRequired":true,"valueName":"search_term_string"}}],"inLanguage":"es"},{"@type":"Organization","@id":"https:\/\/politicosaldesnudo.com.mx\/#organization","name":"Pol\u00edticos al Desnudo","url":"https:\/\/politicosaldesnudo.com.mx\/","logo":{"@type":"ImageObject","inLanguage":"es","@id":"https:\/\/politicosaldesnudo.com.mx\/#\/schema\/logo\/image\/","url":"https:\/\/i0.wp.com\/politicosaldesnudo.com.mx\/wp-content\/uploads\/2026\/08\/cropped-logo.webp?fit=400%2C126&ssl=1","contentUrl":"https:\/\/i0.wp.com\/politicosaldesnudo.com.mx\/wp-content\/uploads\/2026\/08\/cropped-logo.webp?fit=400%2C126&ssl=1","width":400,"height":126,"caption":"Pol\u00edticos al Desnudo"},"image":{"@id":"https:\/\/politicosaldesnudo.com.mx\/#\/schema\/logo\/image\/"},"sameAs":["https:\/\/www.facebook.com\/PoliticosAD"]},{"@type":"Person","@id":"https:\/\/politicosaldesnudo.com.mx\/#\/schema\/person\/ef3a64e561cc3f3f5dc52fab81adde7e","name":"Redacci\u00f3n Pol\u00edticos","url":"https:\/\/politicosaldesnudo.com.mx\/index.php\/author\/redaccion-politicos\/"}]}},"jetpack_publicize_connections":[],"jetpack-related-posts":[{"id":88156,"url":"https:\/\/politicosaldesnudo.com.mx\/index.php\/2026\/08\/29\/aumenta-a-675-la-cifra-de-muertos-por-el-alud-en-nepal\/","url_meta":{"origin":88270,"position":0},"title":"Aumenta a 675 la cifra de muertos por el alud en Nepal","author":"Redacci\u00f3n Pol\u00edticos","date":"29 de agosto de 2026","format":false,"excerpt":"La tragedia contin\u00faa creciendo en Nepal. El n\u00famero provisional de personas fallecidas por el devastador alud ocurrido el mi\u00e9rcoles aument\u00f3 a 675, mientras miles de familias siguen esperando noticias de sus seres queridos. La autoridad nacional de gesti\u00f3n de desastres actualiz\u00f3 este s\u00e1bado el balance, que anteriormente contabilizaba 633 v\u00edctimas\u2026","rel":"","context":"En \u00abINTERNACIONAL\u00bb","block_context":{"text":"INTERNACIONAL","link":"https:\/\/politicosaldesnudo.com.mx\/index.php\/category\/internacional\/"},"img":{"alt_text":"","src":"https:\/\/i0.wp.com\/politicosaldesnudo.com.mx\/wp-content\/uploads\/2026\/08\/nepal.jpg?fit=1000%2C666&ssl=1&resize=350%2C200","width":350,"height":200,"srcset":"https:\/\/i0.wp.com\/politicosaldesnudo.com.mx\/wp-content\/uploads\/2026\/08\/nepal.jpg?fit=1000%2C666&ssl=1&resize=350%2C200 1x, https:\/\/i0.wp.com\/politicosaldesnudo.com.mx\/wp-content\/uploads\/2026\/08\/nepal.jpg?fit=1000%2C666&ssl=1&resize=525%2C300 1.5x, https:\/\/i0.wp.com\/politicosaldesnudo.com.mx\/wp-content\/uploads\/2026\/08\/nepal.jpg?fit=1000%2C666&ssl=1&resize=700%2C400 2x"},"classes":[]},{"id":88090,"url":"https:\/\/politicosaldesnudo.com.mx\/index.php\/2026\/08\/27\/tragedia-en-el-himalaya-mas-de-300-muertos-y-cerca-de-mil-500-desaparecidos-tras-devastadora-riada\/","url_meta":{"origin":88270,"position":1},"title":"Tragedia en el Himalaya: m\u00e1s de 300 muertos y cerca de mil 500 desaparecidos tras devastadora riada","author":"Redacci\u00f3n Pol\u00edticos","date":"27 de agosto de 2026","format":false,"excerpt":"La emergencia golpe\u00f3 una zona fronteriza entre Nepal y el T\u00edbet frecuentada por excursionistas y peregrinos. Entre las personas no localizadas figuran cientos de extranjeros. Una gigantesca corriente de agua, lodo y rocas dej\u00f3 un escenario de destrucci\u00f3n en la regi\u00f3n del Himalaya, donde el n\u00famero provisional de v\u00edctimas aument\u00f3\u2026","rel":"","context":"En \u00abINTERNACIONAL\u00bb","block_context":{"text":"INTERNACIONAL","link":"https:\/\/politicosaldesnudo.com.mx\/index.php\/category\/internacional\/"},"img":{"alt_text":"","src":"https:\/\/i0.wp.com\/politicosaldesnudo.com.mx\/wp-content\/uploads\/2026\/08\/nepal.png?fit=1200%2C606&ssl=1&resize=350%2C200","width":350,"height":200,"srcset":"https:\/\/i0.wp.com\/politicosaldesnudo.com.mx\/wp-content\/uploads\/2026\/08\/nepal.png?fit=1200%2C606&ssl=1&resize=350%2C200 1x, https:\/\/i0.wp.com\/politicosaldesnudo.com.mx\/wp-content\/uploads\/2026\/08\/nepal.png?fit=1200%2C606&ssl=1&resize=525%2C300 1.5x, https:\/\/i0.wp.com\/politicosaldesnudo.com.mx\/wp-content\/uploads\/2026\/08\/nepal.png?fit=1200%2C606&ssl=1&resize=700%2C400 2x, https:\/\/i0.wp.com\/politicosaldesnudo.com.mx\/wp-content\/uploads\/2026\/08\/nepal.png?fit=1200%2C606&ssl=1&resize=1050%2C600 3x"},"classes":[]},{"id":88134,"url":"https:\/\/politicosaldesnudo.com.mx\/index.php\/2026\/08\/28\/nepal-mantiene-alerta-maxima-ante-amenaza-de-otra-inundacion-glaciar\/","url_meta":{"origin":88270,"position":2},"title":"Nepal mantiene alerta m\u00e1xima ante amenaza de otra inundaci\u00f3n glaciar","author":"Redacci\u00f3n Pol\u00edticos","date":"28 de agosto de 2026","format":false,"excerpt":"Las comunidades ubicadas en el valle del r\u00edo Bhote Koshi, en Nepal, enfrentan una nueva evacuaci\u00f3n ante el riesgo de que dos lagos formados tras el colapso de un glaciar provoquen otra inundaci\u00f3n repentina. La advertencia activ\u00f3 el desplazamiento de familias que apenas comenzaban a dimensionar los da\u00f1os ocasionados por\u2026","rel":"","context":"En \u00abINTERNACIONAL\u00bb","block_context":{"text":"INTERNACIONAL","link":"https:\/\/politicosaldesnudo.com.mx\/index.php\/category\/internacional\/"},"img":{"alt_text":"","src":"https:\/\/i0.wp.com\/politicosaldesnudo.com.mx\/wp-content\/uploads\/2026\/08\/nepal4.jpg?fit=1200%2C767&ssl=1&resize=350%2C200","width":350,"height":200,"srcset":"https:\/\/i0.wp.com\/politicosaldesnudo.com.mx\/wp-content\/uploads\/2026\/08\/nepal4.jpg?fit=1200%2C767&ssl=1&resize=350%2C200 1x, https:\/\/i0.wp.com\/politicosaldesnudo.com.mx\/wp-content\/uploads\/2026\/08\/nepal4.jpg?fit=1200%2C767&ssl=1&resize=525%2C300 1.5x, https:\/\/i0.wp.com\/politicosaldesnudo.com.mx\/wp-content\/uploads\/2026\/08\/nepal4.jpg?fit=1200%2C767&ssl=1&resize=700%2C400 2x, https:\/\/i0.wp.com\/politicosaldesnudo.com.mx\/wp-content\/uploads\/2026\/08\/nepal4.jpg?fit=1200%2C767&ssl=1&resize=1050%2C600 3x"},"classes":[]},{"id":88233,"url":"https:\/\/politicosaldesnudo.com.mx\/index.php\/2026\/08\/31\/argentina-en-alerta-tragedia-en-nepal-desata-presion-contra-milei-por-reforma-a-los-glaciares\/","url_meta":{"origin":88270,"position":3},"title":"Argentina en alerta: tragedia en Nepal desata presi\u00f3n contra Milei por reforma a los glaciares","author":"Redacci\u00f3n Pol\u00edticos","date":"31 de agosto de 2026","format":false,"excerpt":"La tragedia provocada por el colapso de una masa de hielo en Nepal encendi\u00f3 las alarmas a miles de kil\u00f3metros de distancia. En Argentina, organizaciones ambientalistas retomaron las protestas contra la reforma impulsada por Javier Milei, que flexibiliz\u00f3 la protecci\u00f3n de los glaciares y permiti\u00f3 el avance de proyectos mineros\u2026","rel":"","context":"En \u00abINTERNACIONAL\u00bb","block_context":{"text":"INTERNACIONAL","link":"https:\/\/politicosaldesnudo.com.mx\/index.php\/category\/internacional\/"},"img":{"alt_text":"","src":"https:\/\/i0.wp.com\/politicosaldesnudo.com.mx\/wp-content\/uploads\/2026\/08\/glaciar-perito-moreno-1280x720-1.jpg?fit=1200%2C675&ssl=1&resize=350%2C200","width":350,"height":200,"srcset":"https:\/\/i0.wp.com\/politicosaldesnudo.com.mx\/wp-content\/uploads\/2026\/08\/glaciar-perito-moreno-1280x720-1.jpg?fit=1200%2C675&ssl=1&resize=350%2C200 1x, https:\/\/i0.wp.com\/politicosaldesnudo.com.mx\/wp-content\/uploads\/2026\/08\/glaciar-perito-moreno-1280x720-1.jpg?fit=1200%2C675&ssl=1&resize=525%2C300 1.5x, https:\/\/i0.wp.com\/politicosaldesnudo.com.mx\/wp-content\/uploads\/2026\/08\/glaciar-perito-moreno-1280x720-1.jpg?fit=1200%2C675&ssl=1&resize=700%2C400 2x, https:\/\/i0.wp.com\/politicosaldesnudo.com.mx\/wp-content\/uploads\/2026\/08\/glaciar-perito-moreno-1280x720-1.jpg?fit=1200%2C675&ssl=1&resize=1050%2C600 3x"},"classes":[]},{"id":88186,"url":"https:\/\/politicosaldesnudo.com.mx\/index.php\/2026\/08\/30\/gobierno-busca-poner-lupa-a-capital-extranjero-en-sectores-estrategicos-de-mexico\/","url_meta":{"origin":88270,"position":4},"title":"Gobierno busca poner lupa a capital extranjero en sectores estrat\u00e9gicos de M\u00e9xico","author":"Redacci\u00f3n Pol\u00edticos","date":"30 de agosto de 2026","format":false,"excerpt":"El Gobierno federal pretende reforzar la vigilancia sobre las operaciones mediante las cuales inversionistas extranjeros adquieren el control de compa\u00f1\u00edas mexicanas vinculadas con infraestructura, tecnolog\u00eda o informaci\u00f3n considerada sensible. La presidenta Claudia Sheinbaum envi\u00f3 al Senado una iniciativa para modificar la Ley de Inversi\u00f3n Extranjera y establecer un procedimiento especial\u2026","rel":"","context":"En \u00abNACIONAL\u00bb","block_context":{"text":"NACIONAL","link":"https:\/\/politicosaldesnudo.com.mx\/index.php\/category\/nacional\/"},"img":{"alt_text":"","src":"https:\/\/i0.wp.com\/politicosaldesnudo.com.mx\/wp-content\/uploads\/2026\/08\/maxresdefault.jpg?fit=1200%2C675&ssl=1&resize=350%2C200","width":350,"height":200,"srcset":"https:\/\/i0.wp.com\/politicosaldesnudo.com.mx\/wp-content\/uploads\/2026\/08\/maxresdefault.jpg?fit=1200%2C675&ssl=1&resize=350%2C200 1x, https:\/\/i0.wp.com\/politicosaldesnudo.com.mx\/wp-content\/uploads\/2026\/08\/maxresdefault.jpg?fit=1200%2C675&ssl=1&resize=525%2C300 1.5x, https:\/\/i0.wp.com\/politicosaldesnudo.com.mx\/wp-content\/uploads\/2026\/08\/maxresdefault.jpg?fit=1200%2C675&ssl=1&resize=700%2C400 2x, https:\/\/i0.wp.com\/politicosaldesnudo.com.mx\/wp-content\/uploads\/2026\/08\/maxresdefault.jpg?fit=1200%2C675&ssl=1&resize=1050%2C600 3x"},"classes":[]},{"id":88169,"url":"https:\/\/politicosaldesnudo.com.mx\/index.php\/2026\/08\/29\/sheinbaum-destaca-cinco-senales-positivas-de-la-economia-mexicana-rumbo-a-su-segundo-informe\/","url_meta":{"origin":88270,"position":5},"title":"Sheinbaum destaca cinco se\u00f1ales positivas de la econom\u00eda mexicana rumbo a su Segundo Informe","author":"Redacci\u00f3n Pol\u00edticos","date":"29 de agosto de 2026","format":false,"excerpt":"La presidenta Claudia Sheinbaum present\u00f3 un balance sobre la situaci\u00f3n econ\u00f3mica del pa\u00eds, en el que resalt\u00f3 el comportamiento de los combustibles, el empleo, los salarios, la inflaci\u00f3n y la inversi\u00f3n extranjera. A trav\u00e9s de un mensaje difundido en sus redes sociales, la mandataria asegur\u00f3 que durante su administraci\u00f3n se\u2026","rel":"","context":"En \u00abNACIONAL\u00bb","block_context":{"text":"NACIONAL","link":"https:\/\/politicosaldesnudo.com.mx\/index.php\/category\/nacional\/"},"img":{"alt_text":"","src":"https:\/\/i0.wp.com\/politicosaldesnudo.com.mx\/wp-content\/uploads\/2026\/08\/SHIN.png?fit=1200%2C673&ssl=1&resize=350%2C200","width":350,"height":200,"srcset":"https:\/\/i0.wp.com\/politicosaldesnudo.com.mx\/wp-content\/uploads\/2026\/08\/SHIN.png?fit=1200%2C673&ssl=1&resize=350%2C200 1x, https:\/\/i0.wp.com\/politicosaldesnudo.com.mx\/wp-content\/uploads\/2026\/08\/SHIN.png?fit=1200%2C673&ssl=1&resize=525%2C300 1.5x, https:\/\/i0.wp.com\/politicosaldesnudo.com.mx\/wp-content\/uploads\/2026\/08\/SHIN.png?fit=1200%2C673&ssl=1&resize=700%2C400 2x, https:\/\/i0.wp.com\/politicosaldesnudo.com.mx\/wp-content\/uploads\/2026\/08\/SHIN.png?fit=1200%2C673&ssl=1&resize=1050%2C600 3x"},"classes":[]}],"jetpack_sharing_enabled":true,"jetpack_featured_media_url":"https:\/\/i0.wp.com\/politicosaldesnudo.com.mx\/wp-content\/uploads\/2026\/09\/nep.jpg?fit=1024%2C683&ssl=1","_links":{"self":[{"href":"https:\/\/politicosaldesnudo.com.mx\/index.php\/wp-json\/wp\/v2\/posts\/88270","targetHints":{"allow":["GET"]}}],"collection":[{"href":"https:\/\/politicosaldesnudo.com.mx\/index.php\/wp-json\/wp\/v2\/posts"}],"about":[{"href":"https:\/\/politicosaldesnudo.com.mx\/index.php\/wp-json\/wp\/v2\/types\/post"}],"author":[{"embeddable":true,"href":"https:\/\/politicosaldesnudo.com.mx\/index.php\/wp-json\/wp\/v2\/users\/4"}],"replies":[{"embeddable":true,"href":"https:\/\/politicosaldesnudo.com.mx\/index.php\/wp-json\/wp\/v2\/comments?post=88270"}],"version-history":[{"count":1,"href":"https:\/\/politicosaldesnudo.com.mx\/index.php\/wp-json\/wp\/v2\/posts\/88270\/revisions"}],"predecessor-version":[{"id":88272,"href":"https:\/\/politicosaldesnudo.com.mx\/index.php\/wp-json\/wp\/v2\/posts\/88270\/revisions\/88272"}],"wp:featuredmedia":[{"embeddable":true,"href":"https:\/\/politicosaldesnudo.com.mx\/index.php\/wp-json\/wp\/v2\/media\/88271"}],"wp:attachment":[{"href":"https:\/\/politicosaldesnudo.com.mx\/index.php\/wp-json\/wp\/v2\/media?parent=88270"}],"wp:term":[{"taxonomy":"category","embeddable":true,"href":"https:\/\/politicosaldesnudo.com.mx\/index.php\/wp-json\/wp\/v2\/categories?post=88270"},{"taxonomy":"post_tag","embeddable":true,"href":"https:\/\/politicosaldesnudo.com.mx\/index.php\/wp-json\/wp\/v2\/tags?post=88270"}],"curies":[{"name":"wp","href":"https:\/\/api.w.org\/{rel}","templated":true}]}}