{"id":88276,"date":"2026-09-02T18:07:20","date_gmt":"2026-09-03T00:07:20","guid":{"rendered":"https:\/\/politicosaldesnudo.com.mx\/?p=88276"},"modified":"2026-09-02T18:07:20","modified_gmt":"2026-09-03T00:07:20","slug":"socio-del-tecladista-de-camilo-septimo-entre-los-detenidos-por-crimen-de-una-familia-en-atizapan","status":"publish","type":"post","link":"https:\/\/politicosaldesnudo.com.mx\/index.php\/2026\/09\/02\/socio-del-tecladista-de-camilo-septimo-entre-los-detenidos-por-crimen-de-una-familia-en-atizapan\/","title":{"rendered":"Socio del tecladista de Camilo S\u00e9ptimo, entre los detenidos por crimen de una familia en Atizap\u00e1n"},"content":{"rendered":"<p><span style=\"font-size: 14pt; font-family: tahoma, arial, helvetica, sans-serif;\">Dos hombres fueron detenidos por su presunta participaci\u00f3n en el asesinato de Jonathan Mel\u00e9ndez Ochoa, tecladista y fundador de Camilo S\u00e9ptimo, as\u00ed como de otras tres integrantes de su familia en un departamento de Atizap\u00e1n de Zaragoza, Estado de M\u00e9xico.<\/span><\/p>\n<p><span style=\"font-size: 14pt; font-family: tahoma, arial, helvetica, sans-serif;\">Uno de los investigados fue identificado como Diego Sebasti\u00e1n \u201cN\u201d, de 51 a\u00f1os, quien manten\u00eda una relaci\u00f3n personal y de negocios con el m\u00fasico. Esa cercan\u00eda presuntamente le habr\u00eda permitido ingresar al inmueble sin levantar sospechas.<\/span><\/p>\n<p><span style=\"font-size: 14pt; font-family: tahoma, arial, helvetica, sans-serif;\">Una grabaci\u00f3n de seguridad muestra a un hombre llegando al complejo residencial alrededor de las 17:24 horas del martes 1 de septiembre. Portaba gorra, gafas oscuras y ropa negra. Las im\u00e1genes ya forman parte de las investigaciones para reconstruir sus movimientos antes y despu\u00e9s del crimen.<\/span><\/p>\n<p><span style=\"font-size: 14pt; font-family: tahoma, arial, helvetica, sans-serif;\">Los hechos habr\u00edan ocurrido entre las 17:30 y las 19:40 horas en un departamento del fraccionamiento Gran Viure, ubicado en Zona Esmeralda. La Polic\u00eda Municipal recibi\u00f3 el reporte varias horas despu\u00e9s, cerca de las 23:50.<\/span><\/p>\n<p><span style=\"font-size: 14pt; font-family: tahoma, arial, helvetica, sans-serif;\">Dentro de la vivienda fueron encontrados sin vida Jonathan Mel\u00e9ndez, de 38 a\u00f1os; su esposa Ana Paula, de 35 y con cuatro meses de embarazo; una ni\u00f1a de tres a\u00f1os y una trabajadora del hogar de 21 a\u00f1os. La mascota de la familia tambi\u00e9n fue asesinada.<\/span><\/p>\n<p><span style=\"font-size: 14pt; font-family: tahoma, arial, helvetica, sans-serif;\">Un ni\u00f1o de seis a\u00f1os fue localizado con vida y sin lesiones aparentes dentro del domicilio.<\/span><\/p>\n<h2><span style=\"font-size: 14pt; font-family: tahoma, arial, helvetica, sans-serif;\">Capturan a dos posibles involucrados<\/span><\/h2>\n<p><span style=\"font-size: 14pt; font-family: tahoma, arial, helvetica, sans-serif;\">Las primeras indagatorias permitieron identificar a Diego Sebasti\u00e1n \u201cN\u201d y Gerardo \u201cN\u201d como posibles participantes. El primero fue localizado la ma\u00f1ana del mi\u00e9rcoles en la zona de La Marquesa y posteriormente trasladado ante las autoridades correspondientes.<\/span><\/p>\n<p><span style=\"font-size: 14pt; font-family: tahoma, arial, helvetica, sans-serif;\">La detenci\u00f3n de ambos se realiz\u00f3 mediante un operativo coordinado entre la Fiscal\u00eda General de Justicia del Estado de M\u00e9xico, la Secretar\u00eda de Seguridad y Protecci\u00f3n Ciudadana y la Secretar\u00eda de Seguridad Ciudadana de la Ciudad de M\u00e9xico.<\/span><\/p>\n<p><span style=\"font-size: 14pt; font-family: tahoma, arial, helvetica, sans-serif;\">Las autoridades investigan el robo como una de las posibles l\u00edneas del caso. Versiones period\u00edsticas tambi\u00e9n se\u00f1alan la existencia de un conflicto econ\u00f3mico entre el m\u00fasico y uno de los detenidos; sin embargo, esta hip\u00f3tesis deber\u00e1 ser confirmada por la Fiscal\u00eda.<\/span><\/p>\n<p><span style=\"font-size: 14pt; font-family: tahoma, arial, helvetica, sans-serif;\">Los dos hombres permanecen bajo investigaci\u00f3n y deber\u00e1n ser considerados inocentes mientras no exista una sentencia condenatoria.<\/span><\/p>\n<h2><span style=\"font-size: 14pt; font-family: tahoma, arial, helvetica, sans-serif;\">La m\u00fasica despide a \u201cHonas\u201d<\/span><\/h2>\n<p><span style=\"font-size: 14pt; font-family: tahoma, arial, helvetica, sans-serif;\">Jonathan Mel\u00e9ndez, conocido art\u00edsticamente como \u201cHonas\u201d, fue uno de los fundadores de Camilo S\u00e9ptimo, agrupaci\u00f3n mexicana de rock alternativo y synthpop formada en 2013. Se desempe\u00f1aba como tecladista y productor, junto con Manuel Mendoza y Erik V\u00e1zquez.<\/span><\/p>\n<p><span style=\"font-size: 14pt; font-family: tahoma, arial, helvetica, sans-serif;\">La noticia provoc\u00f3 conmoci\u00f3n entre seguidores, m\u00fasicos y personas cercanas a la banda, quienes han publicado mensajes de despedida y exigido justicia por el asesinato de la familia.<\/span><\/p>\n<p><span style=\"font-size: 14pt; font-family: tahoma, arial, helvetica, sans-serif;\">La Fiscal\u00eda mexiquense contin\u00faa reuniendo grabaciones, testimonios y pruebas periciales para esclarecer la participaci\u00f3n de cada detenido y determinar el m\u00f3vil del crimen.<\/span><\/p>\n","protected":false},"excerpt":{"rendered":"<p>Dos hombres fueron detenidos por su presunta participaci\u00f3n en el asesinato de Jonathan Mel\u00e9ndez Ochoa, tecladista y fundador de Camilo [&hellip;]<\/p>\n","protected":false},"author":4,"featured_media":88277,"comment_status":"closed","ping_status":"closed","sticky":false,"template":"","format":"standard","meta":{"site-sidebar-layout":"default","site-content-layout":"","ast-site-content-layout":"default","site-content-style":"default","site-sidebar-style":"default","ast-global-header-display":"","ast-banner-title-visibility":"","ast-main-header-display":"","ast-hfb-above-header-display":"","ast-hfb-below-header-display":"","ast-hfb-mobile-header-display":"","site-post-title":"","ast-breadcrumbs-content":"","ast-featured-img":"","footer-sml-layout":"","ast-disable-related-posts":"","theme-transparent-header-meta":"default","adv-header-id-meta":"","stick-header-meta":"","header-above-stick-meta":"","header-main-stick-meta":"","header-below-stick-meta":"","astra-migrate-meta-layouts":"set","ast-page-background-enabled":"default","ast-page-background-meta":{"desktop":{"background-color":"var(--ast-global-color-5)","background-image":"","background-repeat":"repeat","background-position":"center center","background-size":"auto","background-attachment":"scroll","background-type":"","background-media":"","overlay-type":"","overlay-color":"","overlay-opacity":"","overlay-gradient":""},"tablet":{"background-color":"","background-image":"","background-repeat":"repeat","background-position":"center center","background-size":"auto","background-attachment":"scroll","background-type":"","background-media":"","overlay-type":"","overlay-color":"","overlay-opacity":"","overlay-gradient":""},"mobile":{"background-color":"","background-image":"","background-repeat":"repeat","background-position":"center center","background-size":"auto","background-attachment":"scroll","background-type":"","background-media":"","overlay-type":"","overlay-color":"","overlay-opacity":"","overlay-gradient":""}},"ast-content-background-meta":{"desktop":{"background-color":"var(--ast-global-color-4)","background-image":"","background-repeat":"repeat","background-position":"center center","background-size":"auto","background-attachment":"scroll","background-type":"","background-media":"","overlay-type":"","overlay-color":"","overlay-opacity":"","overlay-gradient":""},"tablet":{"background-color":"var(--ast-global-color-4)","background-image":"","background-repeat":"repeat","background-position":"center center","background-size":"auto","background-attachment":"scroll","background-type":"","background-media":"","overlay-type":"","overlay-color":"","overlay-opacity":"","overlay-gradient":""},"mobile":{"background-color":"var(--ast-global-color-4)","background-image":"","background-repeat":"repeat","background-position":"center center","background-size":"auto","background-attachment":"scroll","background-type":"","background-media":"","overlay-type":"","overlay-color":"","overlay-opacity":"","overlay-gradient":""}},"_jetpack_newsletter_access":"","_jetpack_dont_email_post_to_subs":false,"_jetpack_newsletter_tier_id":0,"_jetpack_memberships_contains_paywalled_content":false,"_jetpack_feature_clip_id":0,"_jetpack_memberships_contains_paid_content":false,"footnotes":"","jetpack_publicize_message":"","jetpack_publicize_feature_enabled":true,"jetpack_social_post_already_shared":true,"jetpack_social_options":{"image_generator_settings":{"template":"highway","default_image_id":0,"font":"","enabled":false},"version":2},"jetpack_post_was_ever_published":false},"categories":[33],"tags":[],"class_list":["post-88276","post","type-post","status-publish","format-standard","has-post-thumbnail","hentry","category-nacional"],"yoast_head":"<!-- This site is optimized with the Yoast SEO plugin v28.3 - https:\/\/yoast.com\/product\/yoast-seo-wordpress\/ -->\n<title>Socio del tecladista de Camilo S\u00e9ptimo, entre los detenidos por crimen de una familia en Atizap\u00e1n - Pol\u00edticos al Desnudo<\/title>\n<meta name=\"robots\" content=\"index, follow, max-snippet:-1, max-image-preview:large, max-video-preview:-1\" \/>\n<link rel=\"canonical\" href=\"https:\/\/politicosaldesnudo.com.mx\/index.php\/2026\/09\/02\/socio-del-tecladista-de-camilo-septimo-entre-los-detenidos-por-crimen-de-una-familia-en-atizapan\/\" \/>\n<meta property=\"og:locale\" content=\"es_ES\" \/>\n<meta property=\"og:type\" content=\"article\" \/>\n<meta property=\"og:title\" content=\"Socio del tecladista de Camilo S\u00e9ptimo, entre los detenidos por crimen de una familia en Atizap\u00e1n - Pol\u00edticos al Desnudo\" \/>\n<meta property=\"og:description\" content=\"Dos hombres fueron detenidos por su presunta participaci\u00f3n en el asesinato de Jonathan Mel\u00e9ndez Ochoa, tecladista y fundador de Camilo [&hellip;]\" \/>\n<meta property=\"og:url\" content=\"https:\/\/politicosaldesnudo.com.mx\/index.php\/2026\/09\/02\/socio-del-tecladista-de-camilo-septimo-entre-los-detenidos-por-crimen-de-una-familia-en-atizapan\/\" \/>\n<meta property=\"og:site_name\" content=\"Pol\u00edticos al Desnudo\" \/>\n<meta property=\"article:publisher\" content=\"https:\/\/www.facebook.com\/PoliticosAD\" \/>\n<meta property=\"article:published_time\" content=\"2026-09-03T00:07:20+00:00\" \/>\n<meta property=\"og:image\" content=\"https:\/\/politicosaldesnudo.com.mx\/wp-content\/uploads\/2026\/09\/0ec8851f-47b2-421e-9899-03186b240722-1024x576.png\" \/>\n\t<meta property=\"og:image:width\" content=\"1024\" \/>\n\t<meta property=\"og:image:height\" content=\"576\" \/>\n\t<meta property=\"og:image:type\" content=\"image\/png\" \/>\n<meta name=\"author\" content=\"Redacci\u00f3n Pol\u00edticos\" \/>\n<meta name=\"twitter:card\" content=\"summary_large_image\" \/>\n<meta name=\"twitter:label1\" content=\"Escrito por\" \/>\n\t<meta name=\"twitter:data1\" content=\"Redacci\u00f3n Pol\u00edticos\" \/>\n\t<meta name=\"twitter:label2\" content=\"Tiempo de lectura\" \/>\n\t<meta name=\"twitter:data2\" content=\"3 minutos\" \/>\n<script type=\"application\/ld+json\" class=\"yoast-schema-graph\">{\"@context\":\"https:\\\/\\\/schema.org\",\"@graph\":[{\"@type\":\"Article\",\"@id\":\"https:\\\/\\\/politicosaldesnudo.com.mx\\\/index.php\\\/2026\\\/09\\\/02\\\/socio-del-tecladista-de-camilo-septimo-entre-los-detenidos-por-crimen-de-una-familia-en-atizapan\\\/#article\",\"isPartOf\":{\"@id\":\"https:\\\/\\\/politicosaldesnudo.com.mx\\\/index.php\\\/2026\\\/09\\\/02\\\/socio-del-tecladista-de-camilo-septimo-entre-los-detenidos-por-crimen-de-una-familia-en-atizapan\\\/\"},\"author\":{\"name\":\"Redacci\u00f3n Pol\u00edticos\",\"@id\":\"https:\\\/\\\/politicosaldesnudo.com.mx\\\/#\\\/schema\\\/person\\\/ef3a64e561cc3f3f5dc52fab81adde7e\"},\"headline\":\"Socio del tecladista de Camilo S\u00e9ptimo, entre los detenidos por crimen de una familia en Atizap\u00e1n\",\"datePublished\":\"2026-09-03T00:07:20+00:00\",\"mainEntityOfPage\":{\"@id\":\"https:\\\/\\\/politicosaldesnudo.com.mx\\\/index.php\\\/2026\\\/09\\\/02\\\/socio-del-tecladista-de-camilo-septimo-entre-los-detenidos-por-crimen-de-una-familia-en-atizapan\\\/\"},\"wordCount\":516,\"publisher\":{\"@id\":\"https:\\\/\\\/politicosaldesnudo.com.mx\\\/#organization\"},\"image\":{\"@id\":\"https:\\\/\\\/politicosaldesnudo.com.mx\\\/index.php\\\/2026\\\/09\\\/02\\\/socio-del-tecladista-de-camilo-septimo-entre-los-detenidos-por-crimen-de-una-familia-en-atizapan\\\/#primaryimage\"},\"thumbnailUrl\":\"https:\\\/\\\/i0.wp.com\\\/politicosaldesnudo.com.mx\\\/wp-content\\\/uploads\\\/2026\\\/09\\\/0ec8851f-47b2-421e-9899-03186b240722.png?fit=1672%2C941&ssl=1\",\"articleSection\":[\"NACIONAL\"],\"inLanguage\":\"es\"},{\"@type\":\"WebPage\",\"@id\":\"https:\\\/\\\/politicosaldesnudo.com.mx\\\/index.php\\\/2026\\\/09\\\/02\\\/socio-del-tecladista-de-camilo-septimo-entre-los-detenidos-por-crimen-de-una-familia-en-atizapan\\\/\",\"url\":\"https:\\\/\\\/politicosaldesnudo.com.mx\\\/index.php\\\/2026\\\/09\\\/02\\\/socio-del-tecladista-de-camilo-septimo-entre-los-detenidos-por-crimen-de-una-familia-en-atizapan\\\/\",\"name\":\"Socio del tecladista de Camilo S\u00e9ptimo, entre los detenidos por crimen de una familia en Atizap\u00e1n - Pol\u00edticos al Desnudo\",\"isPartOf\":{\"@id\":\"https:\\\/\\\/politicosaldesnudo.com.mx\\\/#website\"},\"primaryImageOfPage\":{\"@id\":\"https:\\\/\\\/politicosaldesnudo.com.mx\\\/index.php\\\/2026\\\/09\\\/02\\\/socio-del-tecladista-de-camilo-septimo-entre-los-detenidos-por-crimen-de-una-familia-en-atizapan\\\/#primaryimage\"},\"image\":{\"@id\":\"https:\\\/\\\/politicosaldesnudo.com.mx\\\/index.php\\\/2026\\\/09\\\/02\\\/socio-del-tecladista-de-camilo-septimo-entre-los-detenidos-por-crimen-de-una-familia-en-atizapan\\\/#primaryimage\"},\"thumbnailUrl\":\"https:\\\/\\\/i0.wp.com\\\/politicosaldesnudo.com.mx\\\/wp-content\\\/uploads\\\/2026\\\/09\\\/0ec8851f-47b2-421e-9899-03186b240722.png?fit=1672%2C941&ssl=1\",\"datePublished\":\"2026-09-03T00:07:20+00:00\",\"breadcrumb\":{\"@id\":\"https:\\\/\\\/politicosaldesnudo.com.mx\\\/index.php\\\/2026\\\/09\\\/02\\\/socio-del-tecladista-de-camilo-septimo-entre-los-detenidos-por-crimen-de-una-familia-en-atizapan\\\/#breadcrumb\"},\"inLanguage\":\"es\",\"potentialAction\":[{\"@type\":\"ReadAction\",\"target\":[\"https:\\\/\\\/politicosaldesnudo.com.mx\\\/index.php\\\/2026\\\/09\\\/02\\\/socio-del-tecladista-de-camilo-septimo-entre-los-detenidos-por-crimen-de-una-familia-en-atizapan\\\/\"]}]},{\"@type\":\"ImageObject\",\"inLanguage\":\"es\",\"@id\":\"https:\\\/\\\/politicosaldesnudo.com.mx\\\/index.php\\\/2026\\\/09\\\/02\\\/socio-del-tecladista-de-camilo-septimo-entre-los-detenidos-por-crimen-de-una-familia-en-atizapan\\\/#primaryimage\",\"url\":\"https:\\\/\\\/i0.wp.com\\\/politicosaldesnudo.com.mx\\\/wp-content\\\/uploads\\\/2026\\\/09\\\/0ec8851f-47b2-421e-9899-03186b240722.png?fit=1672%2C941&ssl=1\",\"contentUrl\":\"https:\\\/\\\/i0.wp.com\\\/politicosaldesnudo.com.mx\\\/wp-content\\\/uploads\\\/2026\\\/09\\\/0ec8851f-47b2-421e-9899-03186b240722.png?fit=1672%2C941&ssl=1\",\"width\":1672,\"height\":941},{\"@type\":\"BreadcrumbList\",\"@id\":\"https:\\\/\\\/politicosaldesnudo.com.mx\\\/index.php\\\/2026\\\/09\\\/02\\\/socio-del-tecladista-de-camilo-septimo-entre-los-detenidos-por-crimen-de-una-familia-en-atizapan\\\/#breadcrumb\",\"itemListElement\":[{\"@type\":\"ListItem\",\"position\":1,\"name\":\"Portada\",\"item\":\"https:\\\/\\\/politicosaldesnudo.com.mx\\\/\"},{\"@type\":\"ListItem\",\"position\":2,\"name\":\"Socio del tecladista de Camilo S\u00e9ptimo, entre los detenidos por crimen de una familia en Atizap\u00e1n\"}]},{\"@type\":\"WebSite\",\"@id\":\"https:\\\/\\\/politicosaldesnudo.com.mx\\\/#website\",\"url\":\"https:\\\/\\\/politicosaldesnudo.com.mx\\\/\",\"name\":\"Pol\u00edticos al Desnudo\",\"description\":\"\",\"publisher\":{\"@id\":\"https:\\\/\\\/politicosaldesnudo.com.mx\\\/#organization\"},\"potentialAction\":[{\"@type\":\"SearchAction\",\"target\":{\"@type\":\"EntryPoint\",\"urlTemplate\":\"https:\\\/\\\/politicosaldesnudo.com.mx\\\/?s={search_term_string}\"},\"query-input\":{\"@type\":\"PropertyValueSpecification\",\"valueRequired\":true,\"valueName\":\"search_term_string\"}}],\"inLanguage\":\"es\"},{\"@type\":\"Organization\",\"@id\":\"https:\\\/\\\/politicosaldesnudo.com.mx\\\/#organization\",\"name\":\"Pol\u00edticos al Desnudo\",\"url\":\"https:\\\/\\\/politicosaldesnudo.com.mx\\\/\",\"logo\":{\"@type\":\"ImageObject\",\"inLanguage\":\"es\",\"@id\":\"https:\\\/\\\/politicosaldesnudo.com.mx\\\/#\\\/schema\\\/logo\\\/image\\\/\",\"url\":\"https:\\\/\\\/i0.wp.com\\\/politicosaldesnudo.com.mx\\\/wp-content\\\/uploads\\\/2026\\\/08\\\/cropped-logo.webp?fit=400%2C126&ssl=1\",\"contentUrl\":\"https:\\\/\\\/i0.wp.com\\\/politicosaldesnudo.com.mx\\\/wp-content\\\/uploads\\\/2026\\\/08\\\/cropped-logo.webp?fit=400%2C126&ssl=1\",\"width\":400,\"height\":126,\"caption\":\"Pol\u00edticos al Desnudo\"},\"image\":{\"@id\":\"https:\\\/\\\/politicosaldesnudo.com.mx\\\/#\\\/schema\\\/logo\\\/image\\\/\"},\"sameAs\":[\"https:\\\/\\\/www.facebook.com\\\/PoliticosAD\"]},{\"@type\":\"Person\",\"@id\":\"https:\\\/\\\/politicosaldesnudo.com.mx\\\/#\\\/schema\\\/person\\\/ef3a64e561cc3f3f5dc52fab81adde7e\",\"name\":\"Redacci\u00f3n Pol\u00edticos\",\"url\":\"https:\\\/\\\/politicosaldesnudo.com.mx\\\/index.php\\\/author\\\/redaccion-politicos\\\/\"}]}<\/script>\n<!-- \/ Yoast SEO plugin. -->","yoast_head_json":{"title":"Socio del tecladista de Camilo S\u00e9ptimo, entre los detenidos por crimen de una familia en Atizap\u00e1n - Pol\u00edticos al Desnudo","robots":{"index":"index","follow":"follow","max-snippet":"max-snippet:-1","max-image-preview":"max-image-preview:large","max-video-preview":"max-video-preview:-1"},"canonical":"https:\/\/politicosaldesnudo.com.mx\/index.php\/2026\/09\/02\/socio-del-tecladista-de-camilo-septimo-entre-los-detenidos-por-crimen-de-una-familia-en-atizapan\/","og_locale":"es_ES","og_type":"article","og_title":"Socio del tecladista de Camilo S\u00e9ptimo, entre los detenidos por crimen de una familia en Atizap\u00e1n - Pol\u00edticos al Desnudo","og_description":"Dos hombres fueron detenidos por su presunta participaci\u00f3n en el asesinato de Jonathan Mel\u00e9ndez Ochoa, tecladista y fundador de Camilo [&hellip;]","og_url":"https:\/\/politicosaldesnudo.com.mx\/index.php\/2026\/09\/02\/socio-del-tecladista-de-camilo-septimo-entre-los-detenidos-por-crimen-de-una-familia-en-atizapan\/","og_site_name":"Pol\u00edticos al Desnudo","article_publisher":"https:\/\/www.facebook.com\/PoliticosAD","article_published_time":"2026-09-03T00:07:20+00:00","og_image":[{"width":1024,"height":576,"url":"https:\/\/politicosaldesnudo.com.mx\/wp-content\/uploads\/2026\/09\/0ec8851f-47b2-421e-9899-03186b240722-1024x576.png","type":"image\/png"}],"author":"Redacci\u00f3n Pol\u00edticos","twitter_card":"summary_large_image","twitter_misc":{"Escrito por":"Redacci\u00f3n Pol\u00edticos","Tiempo de lectura":"3 minutos"},"schema":{"@context":"https:\/\/schema.org","@graph":[{"@type":"Article","@id":"https:\/\/politicosaldesnudo.com.mx\/index.php\/2026\/09\/02\/socio-del-tecladista-de-camilo-septimo-entre-los-detenidos-por-crimen-de-una-familia-en-atizapan\/#article","isPartOf":{"@id":"https:\/\/politicosaldesnudo.com.mx\/index.php\/2026\/09\/02\/socio-del-tecladista-de-camilo-septimo-entre-los-detenidos-por-crimen-de-una-familia-en-atizapan\/"},"author":{"name":"Redacci\u00f3n Pol\u00edticos","@id":"https:\/\/politicosaldesnudo.com.mx\/#\/schema\/person\/ef3a64e561cc3f3f5dc52fab81adde7e"},"headline":"Socio del tecladista de Camilo S\u00e9ptimo, entre los detenidos por crimen de una familia en Atizap\u00e1n","datePublished":"2026-09-03T00:07:20+00:00","mainEntityOfPage":{"@id":"https:\/\/politicosaldesnudo.com.mx\/index.php\/2026\/09\/02\/socio-del-tecladista-de-camilo-septimo-entre-los-detenidos-por-crimen-de-una-familia-en-atizapan\/"},"wordCount":516,"publisher":{"@id":"https:\/\/politicosaldesnudo.com.mx\/#organization"},"image":{"@id":"https:\/\/politicosaldesnudo.com.mx\/index.php\/2026\/09\/02\/socio-del-tecladista-de-camilo-septimo-entre-los-detenidos-por-crimen-de-una-familia-en-atizapan\/#primaryimage"},"thumbnailUrl":"https:\/\/i0.wp.com\/politicosaldesnudo.com.mx\/wp-content\/uploads\/2026\/09\/0ec8851f-47b2-421e-9899-03186b240722.png?fit=1672%2C941&ssl=1","articleSection":["NACIONAL"],"inLanguage":"es"},{"@type":"WebPage","@id":"https:\/\/politicosaldesnudo.com.mx\/index.php\/2026\/09\/02\/socio-del-tecladista-de-camilo-septimo-entre-los-detenidos-por-crimen-de-una-familia-en-atizapan\/","url":"https:\/\/politicosaldesnudo.com.mx\/index.php\/2026\/09\/02\/socio-del-tecladista-de-camilo-septimo-entre-los-detenidos-por-crimen-de-una-familia-en-atizapan\/","name":"Socio del tecladista de Camilo S\u00e9ptimo, entre los detenidos por crimen de una familia en Atizap\u00e1n - Pol\u00edticos al Desnudo","isPartOf":{"@id":"https:\/\/politicosaldesnudo.com.mx\/#website"},"primaryImageOfPage":{"@id":"https:\/\/politicosaldesnudo.com.mx\/index.php\/2026\/09\/02\/socio-del-tecladista-de-camilo-septimo-entre-los-detenidos-por-crimen-de-una-familia-en-atizapan\/#primaryimage"},"image":{"@id":"https:\/\/politicosaldesnudo.com.mx\/index.php\/2026\/09\/02\/socio-del-tecladista-de-camilo-septimo-entre-los-detenidos-por-crimen-de-una-familia-en-atizapan\/#primaryimage"},"thumbnailUrl":"https:\/\/i0.wp.com\/politicosaldesnudo.com.mx\/wp-content\/uploads\/2026\/09\/0ec8851f-47b2-421e-9899-03186b240722.png?fit=1672%2C941&ssl=1","datePublished":"2026-09-03T00:07:20+00:00","breadcrumb":{"@id":"https:\/\/politicosaldesnudo.com.mx\/index.php\/2026\/09\/02\/socio-del-tecladista-de-camilo-septimo-entre-los-detenidos-por-crimen-de-una-familia-en-atizapan\/#breadcrumb"},"inLanguage":"es","potentialAction":[{"@type":"ReadAction","target":["https:\/\/politicosaldesnudo.com.mx\/index.php\/2026\/09\/02\/socio-del-tecladista-de-camilo-septimo-entre-los-detenidos-por-crimen-de-una-familia-en-atizapan\/"]}]},{"@type":"ImageObject","inLanguage":"es","@id":"https:\/\/politicosaldesnudo.com.mx\/index.php\/2026\/09\/02\/socio-del-tecladista-de-camilo-septimo-entre-los-detenidos-por-crimen-de-una-familia-en-atizapan\/#primaryimage","url":"https:\/\/i0.wp.com\/politicosaldesnudo.com.mx\/wp-content\/uploads\/2026\/09\/0ec8851f-47b2-421e-9899-03186b240722.png?fit=1672%2C941&ssl=1","contentUrl":"https:\/\/i0.wp.com\/politicosaldesnudo.com.mx\/wp-content\/uploads\/2026\/09\/0ec8851f-47b2-421e-9899-03186b240722.png?fit=1672%2C941&ssl=1","width":1672,"height":941},{"@type":"BreadcrumbList","@id":"https:\/\/politicosaldesnudo.com.mx\/index.php\/2026\/09\/02\/socio-del-tecladista-de-camilo-septimo-entre-los-detenidos-por-crimen-de-una-familia-en-atizapan\/#breadcrumb","itemListElement":[{"@type":"ListItem","position":1,"name":"Portada","item":"https:\/\/politicosaldesnudo.com.mx\/"},{"@type":"ListItem","position":2,"name":"Socio del tecladista de Camilo S\u00e9ptimo, entre los detenidos por crimen de una familia en Atizap\u00e1n"}]},{"@type":"WebSite","@id":"https:\/\/politicosaldesnudo.com.mx\/#website","url":"https:\/\/politicosaldesnudo.com.mx\/","name":"Pol\u00edticos al Desnudo","description":"","publisher":{"@id":"https:\/\/politicosaldesnudo.com.mx\/#organization"},"potentialAction":[{"@type":"SearchAction","target":{"@type":"EntryPoint","urlTemplate":"https:\/\/politicosaldesnudo.com.mx\/?s={search_term_string}"},"query-input":{"@type":"PropertyValueSpecification","valueRequired":true,"valueName":"search_term_string"}}],"inLanguage":"es"},{"@type":"Organization","@id":"https:\/\/politicosaldesnudo.com.mx\/#organization","name":"Pol\u00edticos al Desnudo","url":"https:\/\/politicosaldesnudo.com.mx\/","logo":{"@type":"ImageObject","inLanguage":"es","@id":"https:\/\/politicosaldesnudo.com.mx\/#\/schema\/logo\/image\/","url":"https:\/\/i0.wp.com\/politicosaldesnudo.com.mx\/wp-content\/uploads\/2026\/08\/cropped-logo.webp?fit=400%2C126&ssl=1","contentUrl":"https:\/\/i0.wp.com\/politicosaldesnudo.com.mx\/wp-content\/uploads\/2026\/08\/cropped-logo.webp?fit=400%2C126&ssl=1","width":400,"height":126,"caption":"Pol\u00edticos al Desnudo"},"image":{"@id":"https:\/\/politicosaldesnudo.com.mx\/#\/schema\/logo\/image\/"},"sameAs":["https:\/\/www.facebook.com\/PoliticosAD"]},{"@type":"Person","@id":"https:\/\/politicosaldesnudo.com.mx\/#\/schema\/person\/ef3a64e561cc3f3f5dc52fab81adde7e","name":"Redacci\u00f3n Pol\u00edticos","url":"https:\/\/politicosaldesnudo.com.mx\/index.php\/author\/redaccion-politicos\/"}]}},"jetpack_publicize_connections":[],"jetpack-related-posts":[{"id":88078,"url":"https:\/\/politicosaldesnudo.com.mx\/index.php\/2026\/08\/26\/cae-en-puebla-presunto-tirador-de-cesar-gastelum-operativo-termina-con-un-muerto-y-dos-detenidos\/","url_meta":{"origin":88276,"position":0},"title":"Cae en Puebla presunto tirador de C\u00e9sar Gast\u00e9lum; operativo termina con un muerto y dos detenidos","author":"Redacci\u00f3n Pol\u00edticos","date":"26 de agosto de 2026","format":false,"excerpt":"La investigaci\u00f3n por el asesinato del creador de contenido C\u00e9sar Daniel Nolazco Gast\u00e9lum, conocido en redes sociales como \u201cCesar\u00edn\u201d, llev\u00f3 a las autoridades hasta Puebla, donde fue capturado uno de los hombres se\u00f1alados como presunto autor material del crimen. El detenido fue identificado como Jes\u00fas Alberto \u201cN\u201d, quien habr\u00eda participado\u2026","rel":"","context":"En \u00abNACIONAL\u00bb","block_context":{"text":"NACIONAL","link":"https:\/\/politicosaldesnudo.com.mx\/index.php\/category\/nacional\/"},"img":{"alt_text":"","src":"https:\/\/i0.wp.com\/politicosaldesnudo.com.mx\/wp-content\/uploads\/2026\/08\/9bf1b478-8aa6-4326-90de-c846d4161717-e340a99c-focus-min0.14-0.34-856-514.webp?fit=856%2C514&ssl=1&resize=350%2C200","width":350,"height":200,"srcset":"https:\/\/i0.wp.com\/politicosaldesnudo.com.mx\/wp-content\/uploads\/2026\/08\/9bf1b478-8aa6-4326-90de-c846d4161717-e340a99c-focus-min0.14-0.34-856-514.webp?fit=856%2C514&ssl=1&resize=350%2C200 1x, https:\/\/i0.wp.com\/politicosaldesnudo.com.mx\/wp-content\/uploads\/2026\/08\/9bf1b478-8aa6-4326-90de-c846d4161717-e340a99c-focus-min0.14-0.34-856-514.webp?fit=856%2C514&ssl=1&resize=525%2C300 1.5x, https:\/\/i0.wp.com\/politicosaldesnudo.com.mx\/wp-content\/uploads\/2026\/08\/9bf1b478-8aa6-4326-90de-c846d4161717-e340a99c-focus-min0.14-0.34-856-514.webp?fit=856%2C514&ssl=1&resize=700%2C400 2x"},"classes":[]},{"id":87980,"url":"https:\/\/politicosaldesnudo.com.mx\/index.php\/2026\/08\/22\/prision-preventiva-para-presunto-implicado-en-la-desaparicion-de-wendy-y-karime-en-poza-rica\/","url_meta":{"origin":88276,"position":1},"title":"Prisi\u00f3n preventiva para presunto implicado en la desaparici\u00f3n de Wendy y Karime en Poza Rica","author":"Redacci\u00f3n Pol\u00edticos","date":"22 de agosto de 2026","format":false,"excerpt":"A m\u00e1s de siete meses de que Wendy Arantxa Portilla Ramos y Karime Monserrat Murrieta Res\u00e9ndiz desaparecieran en Poza Rica, la Fiscal\u00eda General del Estado de Veracruz inform\u00f3 sobre la detenci\u00f3n e imputaci\u00f3n de un hombre presuntamente relacionado con el caso. El acusado fue identificado como El\u00edas \u201cN\u201d, tambi\u00e9n conocido\u2026","rel":"","context":"En \u00abESTADOS\u00bb","block_context":{"text":"ESTADOS","link":"https:\/\/politicosaldesnudo.com.mx\/index.php\/category\/estados\/"},"img":{"alt_text":"","src":"https:\/\/i0.wp.com\/politicosaldesnudo.com.mx\/wp-content\/uploads\/2026\/08\/poza.png?fit=1200%2C675&ssl=1&resize=350%2C200","width":350,"height":200,"srcset":"https:\/\/i0.wp.com\/politicosaldesnudo.com.mx\/wp-content\/uploads\/2026\/08\/poza.png?fit=1200%2C675&ssl=1&resize=350%2C200 1x, https:\/\/i0.wp.com\/politicosaldesnudo.com.mx\/wp-content\/uploads\/2026\/08\/poza.png?fit=1200%2C675&ssl=1&resize=525%2C300 1.5x, https:\/\/i0.wp.com\/politicosaldesnudo.com.mx\/wp-content\/uploads\/2026\/08\/poza.png?fit=1200%2C675&ssl=1&resize=700%2C400 2x, https:\/\/i0.wp.com\/politicosaldesnudo.com.mx\/wp-content\/uploads\/2026\/08\/poza.png?fit=1200%2C675&ssl=1&resize=1050%2C600 3x"},"classes":[]},{"id":87852,"url":"https:\/\/politicosaldesnudo.com.mx\/index.php\/2026\/08\/17\/sin-detenidos-por-crimen-de-estudiantes-de-la-uv-fiscalia-mantiene-abiertas-lineas-de-investigacion\/","url_meta":{"origin":88276,"position":2},"title":"Sin detenidos por crimen de estudiantes de la UV; Fiscal\u00eda mantiene abiertas l\u00edneas de investigaci\u00f3n","author":"Redacci\u00f3n Pol\u00edticos","date":"17 de agosto de 2026","format":false,"excerpt":"El asesinato de Melanie Michelle M\u00e9ndez Morales y Luis Fernando Hern\u00e1ndez Ib\u00e1\u00f1ez, estudiantes de Psicolog\u00eda de la Universidad Veracruzana (UV), contin\u00faa sin esclarecerse mientras la Fiscal\u00eda General del Estado (FGE) mantiene abiertas distintas l\u00edneas de investigaci\u00f3n para determinar qu\u00e9 ocurri\u00f3 antes de que ambos fueran encontrados sin vida. Los j\u00f3venes\u2026","rel":"","context":"En \u00abESTADOS\u00bb","block_context":{"text":"ESTADOS","link":"https:\/\/politicosaldesnudo.com.mx\/index.php\/category\/estados\/"},"img":{"alt_text":"","src":"https:\/\/i0.wp.com\/politicosaldesnudo.com.mx\/wp-content\/uploads\/2026\/08\/melanie_luis_fernando.jpg?fit=1200%2C800&ssl=1&resize=350%2C200","width":350,"height":200,"srcset":"https:\/\/i0.wp.com\/politicosaldesnudo.com.mx\/wp-content\/uploads\/2026\/08\/melanie_luis_fernando.jpg?fit=1200%2C800&ssl=1&resize=350%2C200 1x, https:\/\/i0.wp.com\/politicosaldesnudo.com.mx\/wp-content\/uploads\/2026\/08\/melanie_luis_fernando.jpg?fit=1200%2C800&ssl=1&resize=525%2C300 1.5x, https:\/\/i0.wp.com\/politicosaldesnudo.com.mx\/wp-content\/uploads\/2026\/08\/melanie_luis_fernando.jpg?fit=1200%2C800&ssl=1&resize=700%2C400 2x, https:\/\/i0.wp.com\/politicosaldesnudo.com.mx\/wp-content\/uploads\/2026\/08\/melanie_luis_fernando.jpg?fit=1200%2C800&ssl=1&resize=1050%2C600 3x"},"classes":[]},{"id":87839,"url":"https:\/\/politicosaldesnudo.com.mx\/index.php\/2026\/08\/17\/exjefe-de-seguridad-de-sinaloa-sale-de-prision-en-eu-su-proceso-por-presuntos-nexos-con-los-chapitos-continua\/","url_meta":{"origin":88276,"position":3},"title":"Exjefe de Seguridad de Sinaloa sale de prisi\u00f3n en EU; su proceso por presuntos nexos con Los Chapitos contin\u00faa","author":"Redacci\u00f3n Pol\u00edticos","date":"17 de agosto de 2026","format":false,"excerpt":"Gerardo M\u00e9rida S\u00e1nchez, exsecretario de Seguridad P\u00fablica de Sinaloa durante el gobierno de Rub\u00e9n Rocha Moya, dej\u00f3 la prisi\u00f3n federal de Brooklyn en la que permanec\u00eda recluido mientras enfrenta un proceso en Estados Unidos por presuntos v\u00ednculos con el C\u00e1rtel de Sinaloa. Registros del Bur\u00f3 Federal de Prisiones (BOP) indican\u2026","rel":"","context":"En \u00abINTERNACIONAL\u00bb","block_context":{"text":"INTERNACIONAL","link":"https:\/\/politicosaldesnudo.com.mx\/index.php\/category\/internacional\/"},"img":{"alt_text":"","src":"https:\/\/i0.wp.com\/politicosaldesnudo.com.mx\/wp-content\/uploads\/2026\/08\/gerardo-merida-sanchez-presento-su-renuncia-como-secretario-de-seguridad-en-sinaloa.jpg?fit=1200%2C680&ssl=1&resize=350%2C200","width":350,"height":200,"srcset":"https:\/\/i0.wp.com\/politicosaldesnudo.com.mx\/wp-content\/uploads\/2026\/08\/gerardo-merida-sanchez-presento-su-renuncia-como-secretario-de-seguridad-en-sinaloa.jpg?fit=1200%2C680&ssl=1&resize=350%2C200 1x, https:\/\/i0.wp.com\/politicosaldesnudo.com.mx\/wp-content\/uploads\/2026\/08\/gerardo-merida-sanchez-presento-su-renuncia-como-secretario-de-seguridad-en-sinaloa.jpg?fit=1200%2C680&ssl=1&resize=525%2C300 1.5x, https:\/\/i0.wp.com\/politicosaldesnudo.com.mx\/wp-content\/uploads\/2026\/08\/gerardo-merida-sanchez-presento-su-renuncia-como-secretario-de-seguridad-en-sinaloa.jpg?fit=1200%2C680&ssl=1&resize=700%2C400 2x, https:\/\/i0.wp.com\/politicosaldesnudo.com.mx\/wp-content\/uploads\/2026\/08\/gerardo-merida-sanchez-presento-su-renuncia-como-secretario-de-seguridad-en-sinaloa.jpg?fit=1200%2C680&ssl=1&resize=1050%2C600 3x"},"classes":[]},{"id":88118,"url":"https:\/\/politicosaldesnudo.com.mx\/index.php\/2026\/08\/27\/cateo-en-tuxpan-aseguran-negocio-investigado-por-presunta-extorsion-a-avicultores\/","url_meta":{"origin":88276,"position":4},"title":"Cateo en Tuxpan: aseguran negocio investigado por presunta extorsi\u00f3n a avicultores","author":"Redacci\u00f3n Pol\u00edticos","date":"27 de agosto de 2026","format":false,"excerpt":"Un establecimiento comercial de la colonia An\u00e1huac, en Tuxpan, qued\u00f3 bajo resguardo de las autoridades tras un operativo relacionado con una investigaci\u00f3n por posibles extorsiones contra integrantes del sector av\u00edcola. La diligencia fue realizada por agentes de la Unidad Especializada en Combate al Secuestro y la Extorsi\u00f3n (UECS), quienes contaron\u2026","rel":"","context":"En \u00abESTADOS\u00bb","block_context":{"text":"ESTADOS","link":"https:\/\/politicosaldesnudo.com.mx\/index.php\/category\/estados\/"},"img":{"alt_text":"","src":"https:\/\/i0.wp.com\/politicosaldesnudo.com.mx\/wp-content\/uploads\/2026\/08\/avc-tuxpan-horizontal.png?fit=1200%2C675&ssl=1&resize=350%2C200","width":350,"height":200,"srcset":"https:\/\/i0.wp.com\/politicosaldesnudo.com.mx\/wp-content\/uploads\/2026\/08\/avc-tuxpan-horizontal.png?fit=1200%2C675&ssl=1&resize=350%2C200 1x, https:\/\/i0.wp.com\/politicosaldesnudo.com.mx\/wp-content\/uploads\/2026\/08\/avc-tuxpan-horizontal.png?fit=1200%2C675&ssl=1&resize=525%2C300 1.5x, https:\/\/i0.wp.com\/politicosaldesnudo.com.mx\/wp-content\/uploads\/2026\/08\/avc-tuxpan-horizontal.png?fit=1200%2C675&ssl=1&resize=700%2C400 2x, https:\/\/i0.wp.com\/politicosaldesnudo.com.mx\/wp-content\/uploads\/2026\/08\/avc-tuxpan-horizontal.png?fit=1200%2C675&ssl=1&resize=1050%2C600 3x"},"classes":[]},{"id":88149,"url":"https:\/\/politicosaldesnudo.com.mx\/index.php\/2026\/08\/29\/golpe-financiero-al-cartel-de-sinaloa-capturan-en-mexicali-a-presunto-operador-de-los-chapitos\/","url_meta":{"origin":88276,"position":5},"title":"Golpe financiero al C\u00e1rtel de Sinaloa: capturan en Mexicali a presunto operador de Los Chapitos","author":"Redacci\u00f3n Pol\u00edticos","date":"29 de agosto de 2026","format":false,"excerpt":"Autoridades federales detuvieron en Mexicali, Baja California, a Salvador \u201cN\u201d, se\u00f1alado como presunto operador financiero de Los Chapitos, una de las facciones del C\u00e1rtel de Sinaloa. Omar Garc\u00eda Harfuch, titular de la Secretar\u00eda de Seguridad y Protecci\u00f3n Ciudadana, inform\u00f3 que la captura fue resultado de labores de inteligencia realizadas por\u2026","rel":"","context":"En \u00abNACIONAL\u00bb","block_context":{"text":"NACIONAL","link":"https:\/\/politicosaldesnudo.com.mx\/index.php\/category\/nacional\/"},"img":{"alt_text":"","src":"https:\/\/i0.wp.com\/politicosaldesnudo.com.mx\/wp-content\/uploads\/2026\/08\/detienen-en-mexicali-a-presunto-operador-de-los-chapitos.jpg?fit=1200%2C740&ssl=1&resize=350%2C200","width":350,"height":200,"srcset":"https:\/\/i0.wp.com\/politicosaldesnudo.com.mx\/wp-content\/uploads\/2026\/08\/detienen-en-mexicali-a-presunto-operador-de-los-chapitos.jpg?fit=1200%2C740&ssl=1&resize=350%2C200 1x, https:\/\/i0.wp.com\/politicosaldesnudo.com.mx\/wp-content\/uploads\/2026\/08\/detienen-en-mexicali-a-presunto-operador-de-los-chapitos.jpg?fit=1200%2C740&ssl=1&resize=525%2C300 1.5x, https:\/\/i0.wp.com\/politicosaldesnudo.com.mx\/wp-content\/uploads\/2026\/08\/detienen-en-mexicali-a-presunto-operador-de-los-chapitos.jpg?fit=1200%2C740&ssl=1&resize=700%2C400 2x, https:\/\/i0.wp.com\/politicosaldesnudo.com.mx\/wp-content\/uploads\/2026\/08\/detienen-en-mexicali-a-presunto-operador-de-los-chapitos.jpg?fit=1200%2C740&ssl=1&resize=1050%2C600 3x"},"classes":[]}],"jetpack_sharing_enabled":true,"jetpack_featured_media_url":"https:\/\/i0.wp.com\/politicosaldesnudo.com.mx\/wp-content\/uploads\/2026\/09\/0ec8851f-47b2-421e-9899-03186b240722.png?fit=1672%2C941&ssl=1","_links":{"self":[{"href":"https:\/\/politicosaldesnudo.com.mx\/index.php\/wp-json\/wp\/v2\/posts\/88276","targetHints":{"allow":["GET"]}}],"collection":[{"href":"https:\/\/politicosaldesnudo.com.mx\/index.php\/wp-json\/wp\/v2\/posts"}],"about":[{"href":"https:\/\/politicosaldesnudo.com.mx\/index.php\/wp-json\/wp\/v2\/types\/post"}],"author":[{"embeddable":true,"href":"https:\/\/politicosaldesnudo.com.mx\/index.php\/wp-json\/wp\/v2\/users\/4"}],"replies":[{"embeddable":true,"href":"https:\/\/politicosaldesnudo.com.mx\/index.php\/wp-json\/wp\/v2\/comments?post=88276"}],"version-history":[{"count":1,"href":"https:\/\/politicosaldesnudo.com.mx\/index.php\/wp-json\/wp\/v2\/posts\/88276\/revisions"}],"predecessor-version":[{"id":88278,"href":"https:\/\/politicosaldesnudo.com.mx\/index.php\/wp-json\/wp\/v2\/posts\/88276\/revisions\/88278"}],"wp:featuredmedia":[{"embeddable":true,"href":"https:\/\/politicosaldesnudo.com.mx\/index.php\/wp-json\/wp\/v2\/media\/88277"}],"wp:attachment":[{"href":"https:\/\/politicosaldesnudo.com.mx\/index.php\/wp-json\/wp\/v2\/media?parent=88276"}],"wp:term":[{"taxonomy":"category","embeddable":true,"href":"https:\/\/politicosaldesnudo.com.mx\/index.php\/wp-json\/wp\/v2\/categories?post=88276"},{"taxonomy":"post_tag","embeddable":true,"href":"https:\/\/politicosaldesnudo.com.mx\/index.php\/wp-json\/wp\/v2\/tags?post=88276"}],"curies":[{"name":"wp","href":"https:\/\/api.w.org\/{rel}","templated":true}]}}