{"id":8882,"date":"2022-08-15T01:26:15","date_gmt":"2022-08-15T06:26:15","guid":{"rendered":"https:\/\/politicosaldesnudo.com.mx\/?p=8882"},"modified":"2022-08-15T01:26:34","modified_gmt":"2022-08-15T06:26:34","slug":"amlo-entrega-el-poder-al-ejercito","status":"publish","type":"post","link":"https:\/\/politicosaldesnudo.com.mx\/index.php\/2022\/08\/15\/amlo-entrega-el-poder-al-ejercito\/","title":{"rendered":"AMLO entrega el poder al ej\u00e9rcito"},"content":{"rendered":"<p class=\"p1\"><span style=\"font-size: 18pt;\"><b>Por Pepe Valencia<\/b><\/span><\/p>\n<p class=\"p1\"><span style=\"font-size: 14pt;\">No es cuento de terror. La militarizaci\u00f3n va en serio, es grave y est\u00e1 en marcha. El ej\u00e9rcito hizo un aeropuerto internacional que nadie usa, construye un tren Maya que arrasa con selvas y bosques, controlar\u00e1 una Guardia Nacional que en vez de enfrentar a los delincuentes ha recibido \u00f3rdenes presidenciales de abrazarlos mientras ellos s\u00ed pueden desarmar, humillar y hasta asesinar a los soldados.<\/span><\/p>\n<p class=\"p1\"><span style=\"font-size: 14pt;\">La Secretar\u00eda de la Defensa Nacional<span class=\"Apple-converted-space\">\u00a0 <\/span>realiza obras p\u00fablicas y ejerce el presupuesto m\u00e1s alto de la historia en M\u00e9xico. Si continuamos como hasta ahora, pronto veremos a los militares organizando las elecciones por encima del INE y controlando la educaci\u00f3n y la salud.<\/span><\/p>\n<p class=\"p1\"><span style=\"font-size: 14pt;\">Imag\u00ednense a un pac\u00edfico ciudadano caminando en la v\u00eda p\u00fablica que de improviso es interceptado e interrogado por una patrulla militar por parecer sospechoso. En lo que se investiga y aclara su situaci\u00f3n, va derechito e incomunicado al cuartel. En los hechos no habr\u00eda ley que lo protegiera.<\/span><\/p>\n<p class=\"p1\"><span style=\"font-size: 14pt;\"><span class=\"Apple-converted-space\">\u00a0<\/span>La Constituci\u00f3n es violada a cada rato desde la mism\u00edsima cumbre del poder.<\/span><\/p>\n<p class=\"p1\"><span style=\"font-size: 14pt;\">Nadie criticar\u00eda al gobierno sin sufrir las consecuencias. C\u00e1rcel o desaparici\u00f3n forzada. Ni el Chapul\u00edn Colorado podr\u00eda defendernos&#8230; porque ya se muri\u00f3.<\/span><\/p>\n<p class=\"p1\"><span style=\"font-size: 14pt;\">El presidente Andr\u00e9s Manuel L\u00f3pez Obrador ha entregado casi todo el control a las fuerzas armadas. Y lo que a\u00fan falta. Anal\u00edcenlo, no es exageraci\u00f3n.<span class=\"Apple-converted-space\">\u00a0<\/span><\/span><\/p>\n<p class=\"p1\"><span style=\"font-size: 14pt;\">Algunos opositores de AMLO sugieren la inminente consumaci\u00f3n de un pac\u00edfico autogolpe de estado con miras a una eventual dictadura o prolongaci\u00f3n del mandato presidencial. Para el caso es lo mismo.<\/span><\/p>\n<p class=\"p1\"><span style=\"font-size: 14pt;\">No sabemos qu\u00e9 es peor, si encontrarnos a merced del crimen organizado cobr\u00e1ndonos derechos de piso, extorsionando, levantando y ejecutando gente, o vivir bajo un r\u00e9gimen castrense con todas sus consecuencias. Ser\u00eda como caer del comal a las brasas.<\/span><\/p>\n<p class=\"p1\"><span style=\"font-size: 14pt;\">No hay muchas opciones a la vista.<span class=\"Apple-converted-space\">\u00a0<\/span><\/span><\/p>\n<p class=\"p1\"><span style=\"font-size: 14pt;\">\u00bfQu\u00e9 opinan, inteligentes y valientes lectores? \u00bfVamos bien o cambiamos?<\/span><\/p>\n<p>&nbsp;<\/p>\n<p><span style=\"font-size: 18pt; color: #319eca;\"><em><strong>**Las columnas firmadas en este medio son responsabilidad de quienes las firman**<\/strong><\/em><\/span><\/p>\n<p>&nbsp;<\/p>\n<p>&nbsp;<\/p>\n<p>&nbsp;<\/p>\n","protected":false},"excerpt":{"rendered":"<p>Por Pepe Valencia No es cuento de terror. La militarizaci\u00f3n va en serio, es grave y est\u00e1 en marcha. El<\/p>\n","protected":false},"author":4,"featured_media":4618,"comment_status":"closed","ping_status":"closed","sticky":false,"template":"","format":"standard","meta":{"colormag_page_container_layout":"default_layout","colormag_page_sidebar_layout":"default_layout","_jetpack_memberships_contains_paid_content":false,"footnotes":"","jetpack_publicize_message":"","jetpack_publicize_feature_enabled":true,"jetpack_social_post_already_shared":false,"jetpack_social_options":{"image_generator_settings":{"template":"highway","default_image_id":0,"font":"","enabled":false},"version":2}},"categories":[26],"tags":[],"class_list":["post-8882","post","type-post","status-publish","format-standard","has-post-thumbnail","hentry","category-columnistas"],"jetpack_publicize_connections":[],"jetpack_featured_media_url":"https:\/\/i0.wp.com\/politicosaldesnudo.com.mx\/wp-content\/uploads\/2022\/05\/EJEMPLO.png?fit=1816%2C1016&ssl=1","jetpack-related-posts":[],"jetpack_sharing_enabled":true,"_links":{"self":[{"href":"https:\/\/politicosaldesnudo.com.mx\/index.php\/wp-json\/wp\/v2\/posts\/8882","targetHints":{"allow":["GET"]}}],"collection":[{"href":"https:\/\/politicosaldesnudo.com.mx\/index.php\/wp-json\/wp\/v2\/posts"}],"about":[{"href":"https:\/\/politicosaldesnudo.com.mx\/index.php\/wp-json\/wp\/v2\/types\/post"}],"author":[{"embeddable":true,"href":"https:\/\/politicosaldesnudo.com.mx\/index.php\/wp-json\/wp\/v2\/users\/4"}],"replies":[{"embeddable":true,"href":"https:\/\/politicosaldesnudo.com.mx\/index.php\/wp-json\/wp\/v2\/comments?post=8882"}],"version-history":[{"count":0,"href":"https:\/\/politicosaldesnudo.com.mx\/index.php\/wp-json\/wp\/v2\/posts\/8882\/revisions"}],"wp:featuredmedia":[{"embeddable":true,"href":"https:\/\/politicosaldesnudo.com.mx\/index.php\/wp-json\/wp\/v2\/media\/4618"}],"wp:attachment":[{"href":"https:\/\/politicosaldesnudo.com.mx\/index.php\/wp-json\/wp\/v2\/media?parent=8882"}],"wp:term":[{"taxonomy":"category","embeddable":true,"href":"https:\/\/politicosaldesnudo.com.mx\/index.php\/wp-json\/wp\/v2\/categories?post=8882"},{"taxonomy":"post_tag","embeddable":true,"href":"https:\/\/politicosaldesnudo.com.mx\/index.php\/wp-json\/wp\/v2\/tags?post=8882"}],"curies":[{"name":"wp","href":"https:\/\/api.w.org\/{rel}","templated":true}]}}