{"id":9057,"date":"2022-08-18T07:32:51","date_gmt":"2022-08-18T12:32:51","guid":{"rendered":"https:\/\/politicosaldesnudo.com.mx\/?p=9057"},"modified":"2022-08-18T07:32:51","modified_gmt":"2022-08-18T12:32:51","slug":"increible-pero-cierto","status":"publish","type":"post","link":"https:\/\/politicosaldesnudo.com.mx\/index.php\/2022\/08\/18\/increible-pero-cierto\/","title":{"rendered":"Incre\u00edble, pero cierto"},"content":{"rendered":"<p>&nbsp;<\/p>\n<p class=\"p1\"><span style=\"font-size: 18pt;\"><strong>Por Laura Cevallos\u00a0<\/strong><\/span><\/p>\n<p class=\"p3\"><span style=\"font-size: 14pt;\">De verdad que es incre\u00edble que en \u00e9ste, nuestro M\u00e9xico, haya que cuestionar al fiscal de Campeche, sobre \u201csus motivos\u201d para \u201cperseguir\u201d a Alejandro Moreno, el inexplicable diputado del PRI y objetar si el documento presentado ante la C\u00e1mara de Diputados donde se solicita el desafuero del denunciado para quitar del camino el obst\u00e1culo constitucional que no permite el cauce adecuado de las investigaciones por el enriquecimiento il\u00edcito que se endereza en su contra, por las evidentes riquezas que ostenta y de las que se hizo cuando lleg\u00f3 a ser gobernador del Estado de Campeche, no es m\u00e1s bien, un ataque debido a sus desacuerdos previos.<\/span><\/p>\n<p class=\"p3\"><span style=\"font-size: 14pt;\">Los periodistas de la fuente llegaron a preguntar en <strong><span style=\"font-size: 18pt;\"><span style=\"color: #139eca;\">modo ataque <\/span>si la persecuci\u00f3n era pol\u00edtica y no judicial<\/span><\/strong>; si el presidente de la C\u00e1mara de Diputados \u201clo hab\u00eda llevado\u201d para darle difusi\u00f3n a esa especie de amenaza que significa su presencia en el precinto legislativo; si las investigaciones son por los videos que ha presentado la Gobernadora y si ella no ha cometido actos de espionaje; si las actividades empresariales de Alito se est\u00e1n tomando en cuenta como fuente de su riqueza; o si las construcciones que se investigan fueron durante su periodo como gobernador. \u00bfLa fiscal\u00eda es aut\u00f3noma para investigar por los asuntos personales entre el fiscal y el exgobernador?<span class=\"Apple-converted-space\">\u00a0<\/span><\/span><\/p>\n<p>&nbsp;<\/p>\n<p><img data-recalc-dims=\"1\" loading=\"lazy\" decoding=\"async\" class=\"aligncenter wp-image-9059 size-large\" src=\"https:\/\/i0.wp.com\/politicosaldesnudo.com.mx\/wp-content\/uploads\/2022\/08\/P-RENATOSALES-1024x573.png?resize=800%2C448&#038;ssl=1\" alt=\"\" width=\"800\" height=\"448\" srcset=\"https:\/\/i0.wp.com\/politicosaldesnudo.com.mx\/wp-content\/uploads\/2022\/08\/P-RENATOSALES.png?resize=1024%2C573&amp;ssl=1 1024w, https:\/\/i0.wp.com\/politicosaldesnudo.com.mx\/wp-content\/uploads\/2022\/08\/P-RENATOSALES.png?resize=300%2C168&amp;ssl=1 300w, https:\/\/i0.wp.com\/politicosaldesnudo.com.mx\/wp-content\/uploads\/2022\/08\/P-RENATOSALES.png?resize=768%2C430&amp;ssl=1 768w, https:\/\/i0.wp.com\/politicosaldesnudo.com.mx\/wp-content\/uploads\/2022\/08\/P-RENATOSALES.png?resize=1536%2C859&amp;ssl=1 1536w, https:\/\/i0.wp.com\/politicosaldesnudo.com.mx\/wp-content\/uploads\/2022\/08\/P-RENATOSALES.png?w=1816&amp;ssl=1 1816w, https:\/\/i0.wp.com\/politicosaldesnudo.com.mx\/wp-content\/uploads\/2022\/08\/P-RENATOSALES.png?w=1600&amp;ssl=1 1600w\" sizes=\"auto, (max-width: 800px) 100vw, 800px\" \/><\/p>\n<p>&nbsp;<\/p>\n<p class=\"p4\"><strong><span style=\"font-size: 18pt;\"><i>Es extra\u00f1o que un presidente de la c\u00e1mara ande recibiendo una solicitud de desafuero, cuando no se ha visto la protecci\u00f3n a los derechos de un legislador al <\/i><span style=\"color: #139eca;\"><i>haber sido violada su privacidad por espionaje en su contra<\/i><\/span><i>. \u00bfC\u00f3mo podr\u00eda tener Alito un juicio imparcial si el presidente de la c\u00e1mara presenta al fiscal por la solicitud del desafuero? Y aprovechando el viaje, (se) pregunt\u00f3 si los 58mil pesos que se le otorgan para el informe anual de la c\u00e1mara le alcanzaron. <\/i>El colmo de la insidia de<i> \u201ctiene muy buenos amigos\u2026\u201d<span class=\"Apple-converted-space\">\u00a0 <\/span>y \u00bftienen registradas las \u201cganancias\u201d de Alito como exgobernador, porque en ese puesto todo se le paga, <\/i><span style=\"color: #139eca;\"><i>como al presidente<\/i><\/span><i>\u2026?<\/i><\/span><\/strong><\/p>\n<p class=\"p3\"><span style=\"font-size: 14pt;\">No s\u00e9 si yo estoy viendo moros con tranchetes, pero ni uno solo de los periodistas se enfoc\u00f3 en que lo que est\u00e1 haciendo el gobierno y la fiscal\u00eda de Campeche, son actos de b\u00fasqueda de justicia y reparaci\u00f3n de da\u00f1os cometidos contra los campechanos y el erario del Estado: las casas y los materiales con que se construyeron, obras de arte, autom\u00f3viles de colecci\u00f3n y de lujo y las joyas, por ejemplo, <span style=\"font-size: 18pt;\"><strong>no se compraron con recursos propios porque el costo de esos \u201cbienes\u201d no se corresponde con el sueldo devengado por Moreno C\u00e1rdenas cuando fue gobernador, <span style=\"color: #139eca;\">ya que percib\u00eda cada quincena 52 mil 557 pesos<\/span>, sin contar deducciones.<\/strong> <\/span>Est\u00e1 bueno que cuestionen, porque esa es la misi\u00f3n de los reporteros, pero darle a la conferencia una sensaci\u00f3n de ataque a quien est\u00e1 propiciando, a nombre del pueblo de Campeche, el fin de las prebendas y la inmoralidad de ser titular de puesto pol\u00edticos para enriquecerse de manera vil, para luego burlarse de la gente con la protecci\u00f3n que logran por la inacci\u00f3n de los \u00f3rganos de justicia, dando como resultado la asquerosa impunidad, es bajo hasta para los chayoteros\u2026<\/span><\/p>\n<p>&nbsp;<\/p>\n<p><img data-recalc-dims=\"1\" loading=\"lazy\" decoding=\"async\" class=\"aligncenter wp-image-9058 size-large\" src=\"https:\/\/i0.wp.com\/politicosaldesnudo.com.mx\/wp-content\/uploads\/2022\/08\/P-ALEJANDRO-MORENO-1024x540.png?resize=800%2C422&#038;ssl=1\" alt=\"\" width=\"800\" height=\"422\" srcset=\"https:\/\/i0.wp.com\/politicosaldesnudo.com.mx\/wp-content\/uploads\/2022\/08\/P-ALEJANDRO-MORENO.png?resize=1024%2C540&amp;ssl=1 1024w, https:\/\/i0.wp.com\/politicosaldesnudo.com.mx\/wp-content\/uploads\/2022\/08\/P-ALEJANDRO-MORENO.png?resize=300%2C158&amp;ssl=1 300w, https:\/\/i0.wp.com\/politicosaldesnudo.com.mx\/wp-content\/uploads\/2022\/08\/P-ALEJANDRO-MORENO.png?resize=768%2C405&amp;ssl=1 768w, https:\/\/i0.wp.com\/politicosaldesnudo.com.mx\/wp-content\/uploads\/2022\/08\/P-ALEJANDRO-MORENO.png?resize=1536%2C810&amp;ssl=1 1536w, https:\/\/i0.wp.com\/politicosaldesnudo.com.mx\/wp-content\/uploads\/2022\/08\/P-ALEJANDRO-MORENO.png?resize=2048%2C1079&amp;ssl=1 2048w, https:\/\/i0.wp.com\/politicosaldesnudo.com.mx\/wp-content\/uploads\/2022\/08\/P-ALEJANDRO-MORENO.png?resize=390%2C205&amp;ssl=1 390w, https:\/\/i0.wp.com\/politicosaldesnudo.com.mx\/wp-content\/uploads\/2022\/08\/P-ALEJANDRO-MORENO.png?w=1600&amp;ssl=1 1600w, https:\/\/i0.wp.com\/politicosaldesnudo.com.mx\/wp-content\/uploads\/2022\/08\/P-ALEJANDRO-MORENO.png?w=2400&amp;ssl=1 2400w\" sizes=\"auto, (max-width: 800px) 100vw, 800px\" \/><\/p>\n<p>&nbsp;<\/p>\n<p class=\"p3\"><span style=\"font-size: 18pt;\"><strong>Pero los <span style=\"color: #139eca;\">periodistas no han sido los \u00fanicos que han intentado voltear la situaci\u00f3n<\/span> y presentar a quienes est\u00e1n en esa posici\u00f3n de defensa de la ciudadan\u00eda, para convertirse en violentadores de la privacidad de un \u201cinocente\u201d exgobernador y ahora legislador que ha probado comportarse como se ha escuchado, sino que adem\u00e1s, son las posibles v\u00edctimas de sex-torsi\u00f3n quienes han atacado a la gobernadora Layda Sansores, por amenazar con difundir los videos y fotos (que voluntariamente ellas enviaron al tel\u00e9fono de Alito), cuando en realidad les advirti\u00f3 que exist\u00eda ese materia y que era posible que con \u00e9l, el presidente de su partido pod\u00eda influir en sus decisiones legislativas. Esto motiv\u00f3 que la acusaran a ella de violencia pol\u00edtica contra las mujeres en raz\u00f3n de g\u00e9nero y por consiguiente, que la autoridad electoral la obligara a \u201cbajar\u201d el material difundido en redes sociales del Estado, para no violentar los derechos de privacidad del ahora \u201cv\u00edctimo\u201d.<\/strong><\/span><\/p>\n<p class=\"p3\"><span style=\"font-size: 14pt;\">La ley protege a quien sea se\u00f1alado por la comisi\u00f3n de un delito de ser presumido inocente hasta que se demuestre lo contrario, y eso es bueno. Lo que es -no tan bueno-, es que esa presunci\u00f3n se transforme en bater\u00edas para lanzar la guerra contra el acusador de una manera tan corriente. No s\u00f3lo es la evidencia de los audios con los que hemos podido enterarnos de la forma burda en que se comporta (el que dice que no es ni su voz ni sus conversaciones), quien era el encargado de la administraci\u00f3n del Estado; tambi\u00e9n son documentos en los que se demuestran las compras m\u00e1gicas a 19 centavos por metro cuadrado, de terrenos que ten\u00edan un valor catastral de entre 2,500 y 5,000 pesos por metro cuadrado, que fueron donados a su mam\u00e1 y luego ella le don\u00f3 de regreso; que se convirtieron en casas de lujo a nombre de su esposa, amigos y arquitecto de confianza, para ser devueltos v\u00eda donaci\u00f3n porque lo quieren mucho. Es la forma en que ha amagado para votar en contra de las reformas presentadas por el presidente, m\u00e1s all\u00e1 de no estar de acuerdo con \u00e9l, como pol\u00edtico, sino llegar al punto de poner en peligro la soberan\u00eda energ\u00e9tica y la seguridad nacional en materia de electricidad (y si lo dejan, del litio y su explotaci\u00f3n), adem\u00e1s de andar prometiendo futuras gubernaturas y otros puestos de elecci\u00f3n popular, sin tener el derecho de hacerlo.<\/span><\/p>\n<p class=\"p3\"><span style=\"font-size: 18pt;\"><strong><span style=\"color: #139eca;\">El desafuero es<\/span>, como lo dijo <span style=\"color: #139eca;\">Renato Sales<\/span>, fiscal de Campeche, <span style=\"color: #139eca;\">retirar el obst\u00e1culo para poder someter a una investigaci\u00f3n judicial a quien tuvo la caradura de llegar con unos bienes relativamente entendibles, y salir con una riqueza apenas comparable con la de un hijo de la realeza<\/span>, solo que no explicada de manera l\u00f3gica, sino por argucias legales y contables que no solo despiertan la suspicacia, sino que demuestran que el poder hab\u00eda servido para \u201cpoder\u201d: robar, mentir, traicionar al pueblo. De esos pol\u00edticos ya no queremos m\u00e1s. A quien traicione la confianza del pueblo, que el pueblo se lo demande.<\/strong><\/span><\/p>\n<p>&nbsp;<\/p>\n<p>&nbsp;<\/p>\n<p><span style=\"font-size: 18pt;\"><strong>Twitter: <a href=\"http:\/\/www.twitter.com\/cevalloslaura\">@cevalloslaura<\/a><\/strong><\/span><\/p>\n<p>&nbsp;<\/p>\n<p><span style=\"font-size: 18pt; color: #319eca;\"><em><strong>**Las columnas firmadas en este medio son responsabilidad de quienes las firman**<\/strong><\/em><\/span><\/p>\n<p>&nbsp;<\/p>\n<p>&nbsp;<\/p>\n<p>&nbsp;<\/p>\n<p>&nbsp;<\/p>\n<p>&nbsp;<\/p>\n<p>&nbsp;<\/p>\n<p>&nbsp;<\/p>\n<p>&nbsp;<\/p>\n","protected":false},"excerpt":{"rendered":"<p>&nbsp; Por Laura Cevallos\u00a0 De verdad que es incre\u00edble que en \u00e9ste, nuestro M\u00e9xico, haya que cuestionar al fiscal de<\/p>\n","protected":false},"author":4,"featured_media":3978,"comment_status":"closed","ping_status":"closed","sticky":false,"template":"","format":"standard","meta":{"colormag_page_container_layout":"default_layout","colormag_page_sidebar_layout":"default_layout","_jetpack_memberships_contains_paid_content":false,"footnotes":"","jetpack_publicize_message":"","jetpack_publicize_feature_enabled":true,"jetpack_social_post_already_shared":false,"jetpack_social_options":{"image_generator_settings":{"template":"highway","default_image_id":0,"font":"","enabled":false},"version":2}},"categories":[26],"tags":[447,730,1323,1322],"class_list":["post-9057","post","type-post","status-publish","format-standard","has-post-thumbnail","hentry","category-columnistas","tag-alejandro-moreno","tag-campeche","tag-desafuero","tag-renato-sales"],"jetpack_publicize_connections":[],"jetpack_featured_media_url":"https:\/\/i0.wp.com\/politicosaldesnudo.com.mx\/wp-content\/uploads\/2022\/04\/LAURA-CEVALLOS.png?fit=1816%2C1016&ssl=1","jetpack-related-posts":[],"jetpack_sharing_enabled":true,"_links":{"self":[{"href":"https:\/\/politicosaldesnudo.com.mx\/index.php\/wp-json\/wp\/v2\/posts\/9057","targetHints":{"allow":["GET"]}}],"collection":[{"href":"https:\/\/politicosaldesnudo.com.mx\/index.php\/wp-json\/wp\/v2\/posts"}],"about":[{"href":"https:\/\/politicosaldesnudo.com.mx\/index.php\/wp-json\/wp\/v2\/types\/post"}],"author":[{"embeddable":true,"href":"https:\/\/politicosaldesnudo.com.mx\/index.php\/wp-json\/wp\/v2\/users\/4"}],"replies":[{"embeddable":true,"href":"https:\/\/politicosaldesnudo.com.mx\/index.php\/wp-json\/wp\/v2\/comments?post=9057"}],"version-history":[{"count":0,"href":"https:\/\/politicosaldesnudo.com.mx\/index.php\/wp-json\/wp\/v2\/posts\/9057\/revisions"}],"wp:featuredmedia":[{"embeddable":true,"href":"https:\/\/politicosaldesnudo.com.mx\/index.php\/wp-json\/wp\/v2\/media\/3978"}],"wp:attachment":[{"href":"https:\/\/politicosaldesnudo.com.mx\/index.php\/wp-json\/wp\/v2\/media?parent=9057"}],"wp:term":[{"taxonomy":"category","embeddable":true,"href":"https:\/\/politicosaldesnudo.com.mx\/index.php\/wp-json\/wp\/v2\/categories?post=9057"},{"taxonomy":"post_tag","embeddable":true,"href":"https:\/\/politicosaldesnudo.com.mx\/index.php\/wp-json\/wp\/v2\/tags?post=9057"}],"curies":[{"name":"wp","href":"https:\/\/api.w.org\/{rel}","templated":true}]}}