{"id":9071,"date":"2022-08-18T08:14:49","date_gmt":"2022-08-18T13:14:49","guid":{"rendered":"https:\/\/politicosaldesnudo.com.mx\/?p=9071"},"modified":"2022-08-18T21:42:54","modified_gmt":"2022-08-19T02:42:54","slug":"con-obras-de-calidad-se-abate-el-rezago-social-en-tuxpan","status":"publish","type":"post","link":"https:\/\/politicosaldesnudo.com.mx\/index.php\/2022\/08\/18\/con-obras-de-calidad-se-abate-el-rezago-social-en-tuxpan\/","title":{"rendered":"Con obras de calidad se abate el rezago social en Tuxpan"},"content":{"rendered":"<p>&nbsp;<\/p>\n<p class=\"p1\"><span style=\"font-size: 18pt;\"><strong>&lt;&lt; Jos\u00e9 Manuel Pozos Castro inaugur\u00f3 la calle Uruguay de la colonia Salinas de Gortari &gt;&gt;<\/strong><\/span><\/p>\n<p>&nbsp;<\/p>\n<p class=\"p1\"><span style=\"font-size: 14pt;\"><em><strong>TUXPAN, VER.<\/strong><span class=\"Apple-converted-space\"><strong>\u00a0<\/strong> <\/span><\/em>El <strong>Gobierno Municipal inaugur\u00f3 la pavimentaci\u00f3n<\/strong> de la calle Uruguay, en la <strong>colonia Salinas de Gortari<\/strong>, mejorando la calidad de vida de decenas de familias tuxpe\u00f1as.<\/span><\/p>\n<p class=\"p1\"><span style=\"font-size: 18pt;\"><strong>Se pavimentaron con <span style=\"color: #139eca;\">concreto hidr\u00e1ulico 724.56 metros cuadrados<\/span>, con una<span style=\"color: #139eca;\"> inversi\u00f3n de 783 mil 737 pesos<\/span> emanados del Fondo para la Infraestructura Social Municipal.<\/strong><\/span><\/p>\n<p class=\"p1\"><span style=\"font-size: 14pt;\">La Sra. Karla Joana Santiago L\u00f3pez, beneficiaria y vocal del Comit\u00e9 de Contralor\u00eda Social dio la bienvenida a las autoridades municipales, y agradeci\u00f3 por la construcci\u00f3n de esta importante obra que reforzar\u00e1 la infraestructura urbana y traer\u00e1 grandes beneficios para los vecinos de esta calle.<span class=\"Apple-converted-space\">\u00a0<\/span><\/span><\/p>\n<p>&nbsp;<\/p>\n<p><img data-recalc-dims=\"1\" loading=\"lazy\" decoding=\"async\" class=\"aligncenter wp-image-9075 size-large\" src=\"https:\/\/i0.wp.com\/politicosaldesnudo.com.mx\/wp-content\/uploads\/2022\/08\/P-OBRAS-SALINASDEGORTARI-4-1024x573.png?resize=800%2C448&#038;ssl=1\" alt=\"\" width=\"800\" height=\"448\" srcset=\"https:\/\/i0.wp.com\/politicosaldesnudo.com.mx\/wp-content\/uploads\/2022\/08\/P-OBRAS-SALINASDEGORTARI-4.png?resize=1024%2C573&amp;ssl=1 1024w, https:\/\/i0.wp.com\/politicosaldesnudo.com.mx\/wp-content\/uploads\/2022\/08\/P-OBRAS-SALINASDEGORTARI-4.png?resize=300%2C168&amp;ssl=1 300w, https:\/\/i0.wp.com\/politicosaldesnudo.com.mx\/wp-content\/uploads\/2022\/08\/P-OBRAS-SALINASDEGORTARI-4.png?resize=768%2C430&amp;ssl=1 768w, https:\/\/i0.wp.com\/politicosaldesnudo.com.mx\/wp-content\/uploads\/2022\/08\/P-OBRAS-SALINASDEGORTARI-4.png?resize=1536%2C859&amp;ssl=1 1536w, https:\/\/i0.wp.com\/politicosaldesnudo.com.mx\/wp-content\/uploads\/2022\/08\/P-OBRAS-SALINASDEGORTARI-4.png?w=1816&amp;ssl=1 1816w, https:\/\/i0.wp.com\/politicosaldesnudo.com.mx\/wp-content\/uploads\/2022\/08\/P-OBRAS-SALINASDEGORTARI-4.png?w=1600&amp;ssl=1 1600w\" sizes=\"auto, (max-width: 800px) 100vw, 800px\" \/><\/p>\n<p>&nbsp;<\/p>\n<p class=\"p1\"><span style=\"font-size: 18pt;\"><strong>El alcalde Jos\u00e9 Manuel Pozos Castro manifest\u00f3 sentirse feliz de entregar esta obra, se\u00f1alando que es un compromiso cumplido; as\u00ed mismo asegur\u00f3 que el Gobierno que encabeza seguir\u00e1 trabajando para generar bienestar en colonia Salinas de Gortari y en todo Tuxpan.<\/strong><\/span><\/p>\n<p>&nbsp;<\/p>\n<p><img data-recalc-dims=\"1\" loading=\"lazy\" decoding=\"async\" class=\"aligncenter wp-image-9073 size-large\" src=\"https:\/\/i0.wp.com\/politicosaldesnudo.com.mx\/wp-content\/uploads\/2022\/08\/P-OBRAS-SALINASDEGORTARI-2-1024x573.png?resize=800%2C448&#038;ssl=1\" alt=\"\" width=\"800\" height=\"448\" srcset=\"https:\/\/i0.wp.com\/politicosaldesnudo.com.mx\/wp-content\/uploads\/2022\/08\/P-OBRAS-SALINASDEGORTARI-2.png?resize=1024%2C573&amp;ssl=1 1024w, https:\/\/i0.wp.com\/politicosaldesnudo.com.mx\/wp-content\/uploads\/2022\/08\/P-OBRAS-SALINASDEGORTARI-2.png?resize=300%2C168&amp;ssl=1 300w, https:\/\/i0.wp.com\/politicosaldesnudo.com.mx\/wp-content\/uploads\/2022\/08\/P-OBRAS-SALINASDEGORTARI-2.png?resize=768%2C430&amp;ssl=1 768w, https:\/\/i0.wp.com\/politicosaldesnudo.com.mx\/wp-content\/uploads\/2022\/08\/P-OBRAS-SALINASDEGORTARI-2.png?resize=1536%2C859&amp;ssl=1 1536w, https:\/\/i0.wp.com\/politicosaldesnudo.com.mx\/wp-content\/uploads\/2022\/08\/P-OBRAS-SALINASDEGORTARI-2.png?w=1816&amp;ssl=1 1816w, https:\/\/i0.wp.com\/politicosaldesnudo.com.mx\/wp-content\/uploads\/2022\/08\/P-OBRAS-SALINASDEGORTARI-2.png?w=1600&amp;ssl=1 1600w\" sizes=\"auto, (max-width: 800px) 100vw, 800px\" \/><\/p>\n<p>&nbsp;<\/p>\n<blockquote>\n<p class=\"p1\"><span style=\"font-size: 14pt;\">Somos un Gobierno con sentido humano, que trabaja bajo la premisa de llevar justicia social donde antes hubo abandono\u201d<\/span><\/p>\n<\/blockquote>\n<p class=\"p1\"><span style=\"font-size: 18pt;\"><strong>Detall\u00f3 que \u201cCon mucha responsabilidad y planeaci\u00f3n se analiza cada peso que se invierte en obras en el municipio, porque esa es la \u00fanica manera de lograr una transformaci\u00f3n real y beneficiar a muchas m\u00e1s colonias y comunidades\u201d.<\/strong><\/span><\/p>\n<p class=\"p1\"><span style=\"font-size: 14pt;\">El corte del list\u00f3n inaugural estuvo encabezado por el presidente municipal Jos\u00e9 Manuel Pozos Castro; las regidoras y regidores Lucero Res\u00e9ndis Ambrocio, comisionada en Obras P\u00fablicas; Amado Guti\u00e9rrez Lima, Mar\u00eda del Pilar Mart\u00ednez Matesanz, Maryanela Monroy Flores, Anah\u00ed Aguilar L\u00f3pez, Juan G\u00f3mez Garc\u00eda, Luis Demetrio L\u00f3pez Mar\u00edn, y Axel Bernal Herrera.<\/span><\/p>\n<p>&nbsp;<\/p>\n<p><img data-recalc-dims=\"1\" loading=\"lazy\" decoding=\"async\" class=\"aligncenter wp-image-9078 size-large\" src=\"https:\/\/i0.wp.com\/politicosaldesnudo.com.mx\/wp-content\/uploads\/2022\/08\/P-TUXPAN6-1024x573.png?resize=800%2C448&#038;ssl=1\" alt=\"\" width=\"800\" height=\"448\" srcset=\"https:\/\/i0.wp.com\/politicosaldesnudo.com.mx\/wp-content\/uploads\/2022\/08\/P-TUXPAN6.png?resize=1024%2C573&amp;ssl=1 1024w, https:\/\/i0.wp.com\/politicosaldesnudo.com.mx\/wp-content\/uploads\/2022\/08\/P-TUXPAN6.png?resize=300%2C168&amp;ssl=1 300w, https:\/\/i0.wp.com\/politicosaldesnudo.com.mx\/wp-content\/uploads\/2022\/08\/P-TUXPAN6.png?resize=768%2C430&amp;ssl=1 768w, https:\/\/i0.wp.com\/politicosaldesnudo.com.mx\/wp-content\/uploads\/2022\/08\/P-TUXPAN6.png?resize=1536%2C859&amp;ssl=1 1536w, https:\/\/i0.wp.com\/politicosaldesnudo.com.mx\/wp-content\/uploads\/2022\/08\/P-TUXPAN6.png?w=1816&amp;ssl=1 1816w, https:\/\/i0.wp.com\/politicosaldesnudo.com.mx\/wp-content\/uploads\/2022\/08\/P-TUXPAN6.png?w=1600&amp;ssl=1 1600w\" sizes=\"auto, (max-width: 800px) 100vw, 800px\" \/><\/p>\n<p>&nbsp;<\/p>\n<p class=\"p1\"><span style=\"font-size: 14pt;\">Las autoridades municipales, acompa\u00f1ados por la Agente Municipal de La Ceiba, Flor Carolina Alvarado del \u00c1ngel; Francisco Hern\u00e1ndez Espinoza, consejero comunitario del Consejo de Desarrollo Municipal; Evelio Santos Lecona, vocal del Consejo de Desarrollo Municipal; y Misael Vicencio Ovando, presidente del Comit\u00e9 de Contralor\u00eda Social, y vecinos de la calle Uruguay, recorrieron la calle inaugurada.<span class=\"Apple-converted-space\">\u00a0<\/span><\/span><\/p>\n<p>&nbsp;<\/p>\n<p><span style=\"font-size: 18pt; color: #139eca;\"><strong>BENEFICIANDO CON M\u00c1S OBRAS<\/strong><\/span><\/p>\n<p class=\"p1\"><span style=\"font-size: 18pt;\"><strong>Esta misma tarde dieron el <span style=\"color: #139eca;\">banderazo de inicio de obra de la pavimentaci\u00f3n y construcci\u00f3n de guarniciones y banquetas<\/span> de la calle Puerto Salinas Cruz, en la colonia Del Puerto, beneficiando a m\u00e1s de 80 habitantes.<span class=\"Apple-converted-space\">\u00a0<\/span><\/strong><\/span><\/p>\n<p>&nbsp;<\/p>\n<p><img data-recalc-dims=\"1\" loading=\"lazy\" decoding=\"async\" class=\"aligncenter wp-image-9074 size-large\" src=\"https:\/\/i0.wp.com\/politicosaldesnudo.com.mx\/wp-content\/uploads\/2022\/08\/P-OBRAS-SALINASDEGORTARI-3-1024x573.png?resize=800%2C448&#038;ssl=1\" alt=\"\" width=\"800\" height=\"448\" srcset=\"https:\/\/i0.wp.com\/politicosaldesnudo.com.mx\/wp-content\/uploads\/2022\/08\/P-OBRAS-SALINASDEGORTARI-3.png?resize=1024%2C573&amp;ssl=1 1024w, https:\/\/i0.wp.com\/politicosaldesnudo.com.mx\/wp-content\/uploads\/2022\/08\/P-OBRAS-SALINASDEGORTARI-3.png?resize=300%2C168&amp;ssl=1 300w, https:\/\/i0.wp.com\/politicosaldesnudo.com.mx\/wp-content\/uploads\/2022\/08\/P-OBRAS-SALINASDEGORTARI-3.png?resize=768%2C430&amp;ssl=1 768w, https:\/\/i0.wp.com\/politicosaldesnudo.com.mx\/wp-content\/uploads\/2022\/08\/P-OBRAS-SALINASDEGORTARI-3.png?resize=1536%2C859&amp;ssl=1 1536w, https:\/\/i0.wp.com\/politicosaldesnudo.com.mx\/wp-content\/uploads\/2022\/08\/P-OBRAS-SALINASDEGORTARI-3.png?w=1816&amp;ssl=1 1816w, https:\/\/i0.wp.com\/politicosaldesnudo.com.mx\/wp-content\/uploads\/2022\/08\/P-OBRAS-SALINASDEGORTARI-3.png?w=1600&amp;ssl=1 1600w\" sizes=\"auto, (max-width: 800px) 100vw, 800px\" \/><\/p>\n<p>&nbsp;<\/p>\n<p class=\"p1\"><span style=\"font-size: 18pt;\"><strong>Con una <span style=\"color: #139eca;\">inversi\u00f3n de un mill\u00f3n 73 mil 814 pesos<\/span> provenientes del Fondo para Entidades Federativas y Municipios Productores de Hidrocarburos Terrestres (FEFMPHT), se construir\u00e1n 642.39 metros cuadrados de pavimentaci\u00f3n, 190.56 metros lineales de guarnici\u00f3n, y 195.77 metros cuadrados de banqueta.<\/strong><\/span><\/p>\n<p class=\"p1\"><span style=\"font-size: 14pt;\">La Sra. Meili Castillo Cort\u00e9s, consejera comunitaria del Consejo de Desarrollo Social, dio la bienvenida a las autoridades municipales; por su parte el Sr. Jos\u00e9 Jes\u00fas Campuzano Trejo, vecino de la calle Puerto Salinas, agradeci\u00f3 al actual Gobierno por la construcci\u00f3n de esta obra que llevaban muchos a\u00f1os gestionando; sin embargo, en administraciones anteriores no obtuvieron ning\u00fan resultado.<span class=\"Apple-converted-space\">\u00a0<\/span><\/span><\/p>\n<p>&nbsp;<\/p>\n<p><img data-recalc-dims=\"1\" loading=\"lazy\" decoding=\"async\" class=\"aligncenter wp-image-9076 size-large\" src=\"https:\/\/i0.wp.com\/politicosaldesnudo.com.mx\/wp-content\/uploads\/2022\/08\/P-OBRAS-SALINASDEGORTARI-5-1024x573.png?resize=800%2C448&#038;ssl=1\" alt=\"\" width=\"800\" height=\"448\" srcset=\"https:\/\/i0.wp.com\/politicosaldesnudo.com.mx\/wp-content\/uploads\/2022\/08\/P-OBRAS-SALINASDEGORTARI-5.png?resize=1024%2C573&amp;ssl=1 1024w, https:\/\/i0.wp.com\/politicosaldesnudo.com.mx\/wp-content\/uploads\/2022\/08\/P-OBRAS-SALINASDEGORTARI-5.png?resize=300%2C168&amp;ssl=1 300w, https:\/\/i0.wp.com\/politicosaldesnudo.com.mx\/wp-content\/uploads\/2022\/08\/P-OBRAS-SALINASDEGORTARI-5.png?resize=768%2C430&amp;ssl=1 768w, https:\/\/i0.wp.com\/politicosaldesnudo.com.mx\/wp-content\/uploads\/2022\/08\/P-OBRAS-SALINASDEGORTARI-5.png?resize=1536%2C859&amp;ssl=1 1536w, https:\/\/i0.wp.com\/politicosaldesnudo.com.mx\/wp-content\/uploads\/2022\/08\/P-OBRAS-SALINASDEGORTARI-5.png?w=1816&amp;ssl=1 1816w, https:\/\/i0.wp.com\/politicosaldesnudo.com.mx\/wp-content\/uploads\/2022\/08\/P-OBRAS-SALINASDEGORTARI-5.png?w=1600&amp;ssl=1 1600w\" sizes=\"auto, (max-width: 800px) 100vw, 800px\" \/><\/p>\n<p>&nbsp;<\/p>\n<p class=\"p1\"><span style=\"font-size: 18pt;\"><strong>Este tipo de obras representan un alto impacto en la calidad de vida de las y los ciudadanos, adem\u00e1s de que contribuyen a fortalecer el sistema vial que existe en el municipio.<\/strong><\/span><\/p>\n<p>&nbsp;<\/p>\n<p>&nbsp;<\/p>\n<p>&nbsp;<\/p>\n<p>&nbsp;<\/p>\n<p>&nbsp;<\/p>\n<p>&nbsp;<\/p>\n","protected":false},"excerpt":{"rendered":"<p>&nbsp; &lt;&lt; Jos\u00e9 Manuel Pozos Castro inaugur\u00f3 la calle Uruguay de la colonia Salinas de Gortari &gt;&gt; &nbsp; TUXPAN, VER.\u00a0<\/p>\n","protected":false},"author":4,"featured_media":9072,"comment_status":"closed","ping_status":"closed","sticky":false,"template":"","format":"standard","meta":{"colormag_page_container_layout":"default_layout","colormag_page_sidebar_layout":"default_layout","_jetpack_memberships_contains_paid_content":false,"footnotes":"","jetpack_publicize_message":"","jetpack_publicize_feature_enabled":true,"jetpack_social_post_already_shared":false,"jetpack_social_options":{"image_generator_settings":{"template":"highway","default_image_id":0,"font":"","enabled":false},"version":2}},"categories":[1082],"tags":[576,303,70,100],"class_list":["post-9071","post","type-post","status-publish","format-standard","has-post-thumbnail","hentry","category-tuxpan","tag-jose-manuel-pozos","tag-pavimentacion","tag-tuxpan","tag-veracruz"],"jetpack_publicize_connections":[],"jetpack_featured_media_url":"https:\/\/i0.wp.com\/politicosaldesnudo.com.mx\/wp-content\/uploads\/2022\/08\/P-OBRAS-SALINASDEGORTARI-1.png?fit=1816%2C1016&ssl=1","jetpack-related-posts":[],"jetpack_sharing_enabled":true,"_links":{"self":[{"href":"https:\/\/politicosaldesnudo.com.mx\/index.php\/wp-json\/wp\/v2\/posts\/9071","targetHints":{"allow":["GET"]}}],"collection":[{"href":"https:\/\/politicosaldesnudo.com.mx\/index.php\/wp-json\/wp\/v2\/posts"}],"about":[{"href":"https:\/\/politicosaldesnudo.com.mx\/index.php\/wp-json\/wp\/v2\/types\/post"}],"author":[{"embeddable":true,"href":"https:\/\/politicosaldesnudo.com.mx\/index.php\/wp-json\/wp\/v2\/users\/4"}],"replies":[{"embeddable":true,"href":"https:\/\/politicosaldesnudo.com.mx\/index.php\/wp-json\/wp\/v2\/comments?post=9071"}],"version-history":[{"count":0,"href":"https:\/\/politicosaldesnudo.com.mx\/index.php\/wp-json\/wp\/v2\/posts\/9071\/revisions"}],"wp:featuredmedia":[{"embeddable":true,"href":"https:\/\/politicosaldesnudo.com.mx\/index.php\/wp-json\/wp\/v2\/media\/9072"}],"wp:attachment":[{"href":"https:\/\/politicosaldesnudo.com.mx\/index.php\/wp-json\/wp\/v2\/media?parent=9071"}],"wp:term":[{"taxonomy":"category","embeddable":true,"href":"https:\/\/politicosaldesnudo.com.mx\/index.php\/wp-json\/wp\/v2\/categories?post=9071"},{"taxonomy":"post_tag","embeddable":true,"href":"https:\/\/politicosaldesnudo.com.mx\/index.php\/wp-json\/wp\/v2\/tags?post=9071"}],"curies":[{"name":"wp","href":"https:\/\/api.w.org\/{rel}","templated":true}]}}