{"id":9214,"date":"2022-08-22T03:21:02","date_gmt":"2022-08-22T08:21:02","guid":{"rendered":"https:\/\/politicosaldesnudo.com.mx\/?p=9214"},"modified":"2022-08-22T03:21:02","modified_gmt":"2022-08-22T08:21:02","slug":"atiende-pc-y-bomberos-incendio-de-pastizal-en-carretera-a-la-termoelectrica","status":"publish","type":"post","link":"https:\/\/politicosaldesnudo.com.mx\/index.php\/2022\/08\/22\/atiende-pc-y-bomberos-incendio-de-pastizal-en-carretera-a-la-termoelectrica\/","title":{"rendered":"Atiende PC y Bomberos incendio de pastizal en carretera a la Termoel\u00e9ctrica"},"content":{"rendered":"<p>&nbsp;<\/p>\n<p class=\"p1\"><span style=\"font-size: 14pt;\"><em><strong>TUXPAN, VER.<\/strong> <\/em><span style=\"color: #139eca;\"><strong>Protecci\u00f3n Civil y Bomberos atienden un incendio de pastizal<\/strong> <\/span>que se registra en las inmediaciones de la carretera a la Termoel\u00e9ctrica.<\/span><\/p>\n<p class=\"p1\"><span style=\"font-size: 14pt;\">El director de Protecci\u00f3n Civil, Jos\u00e9 Ren\u00e9 T\u00e9llez Medina indic\u00f3 que adem\u00e1s del equipo de contra incendio municipal, se cuenta con el apoyo de Semar y est\u00e1n en reserva equipos de Sedena.<\/span><\/p>\n<p>&nbsp;<\/p>\n<p><img data-recalc-dims=\"1\" loading=\"lazy\" decoding=\"async\" class=\"aligncenter wp-image-9215 size-large\" src=\"https:\/\/i0.wp.com\/politicosaldesnudo.com.mx\/wp-content\/uploads\/2022\/08\/P-INCENDIO-TUXPAN1-1024x573.png?resize=800%2C448&#038;ssl=1\" alt=\"\" width=\"800\" height=\"448\" srcset=\"https:\/\/i0.wp.com\/politicosaldesnudo.com.mx\/wp-content\/uploads\/2022\/08\/P-INCENDIO-TUXPAN1.png?resize=1024%2C573&amp;ssl=1 1024w, https:\/\/i0.wp.com\/politicosaldesnudo.com.mx\/wp-content\/uploads\/2022\/08\/P-INCENDIO-TUXPAN1.png?resize=300%2C168&amp;ssl=1 300w, https:\/\/i0.wp.com\/politicosaldesnudo.com.mx\/wp-content\/uploads\/2022\/08\/P-INCENDIO-TUXPAN1.png?resize=768%2C430&amp;ssl=1 768w, https:\/\/i0.wp.com\/politicosaldesnudo.com.mx\/wp-content\/uploads\/2022\/08\/P-INCENDIO-TUXPAN1.png?resize=1536%2C859&amp;ssl=1 1536w, https:\/\/i0.wp.com\/politicosaldesnudo.com.mx\/wp-content\/uploads\/2022\/08\/P-INCENDIO-TUXPAN1.png?w=1816&amp;ssl=1 1816w, https:\/\/i0.wp.com\/politicosaldesnudo.com.mx\/wp-content\/uploads\/2022\/08\/P-INCENDIO-TUXPAN1.png?w=1600&amp;ssl=1 1600w\" sizes=\"auto, (max-width: 800px) 100vw, 800px\" \/><\/p>\n<p>&nbsp;<\/p>\n<p class=\"p1\"><span style=\"font-size: 18pt;\"><strong>El incendio se inici\u00f3 a las 19:00 horas, en una extensa \u00e1rea de juncos y pastos donde cada a\u00f1o ocurren quemas por ignici\u00f3n generada por el efecto lupa de los vidrios.<\/strong><\/span><\/p>\n<p class=\"p1\"><span style=\"font-size: 18pt;\"><strong>Las llamas se extendieron debido a los fuertes vientos que se registraron en la tarde.<span class=\"Apple-converted-space\">\u00a0<\/span><\/strong><\/span><\/p>\n<p class=\"p1\"><span style=\"font-size: 14pt;\">Hasta el momento no se reportan da\u00f1os a ning\u00fan tipo de infraestructura.<\/span><\/p>\n<p>&nbsp;<\/p>\n<p>&nbsp;<\/p>\n<p>&nbsp;<\/p>\n","protected":false},"excerpt":{"rendered":"<p>&nbsp; TUXPAN, VER. Protecci\u00f3n Civil y Bomberos atienden un incendio de pastizal que se registra en las inmediaciones de la<\/p>\n","protected":false},"author":4,"featured_media":9216,"comment_status":"closed","ping_status":"closed","sticky":false,"template":"","format":"standard","meta":{"colormag_page_container_layout":"default_layout","colormag_page_sidebar_layout":"default_layout","_jetpack_memberships_contains_paid_content":false,"footnotes":"","jetpack_publicize_message":"","jetpack_publicize_feature_enabled":true,"jetpack_social_post_already_shared":false,"jetpack_social_options":{"image_generator_settings":{"template":"highway","default_image_id":0,"font":"","enabled":false},"version":2}},"categories":[1082],"tags":[228,70],"class_list":["post-9214","post","type-post","status-publish","format-standard","has-post-thumbnail","hentry","category-tuxpan","tag-incendio","tag-tuxpan"],"jetpack_publicize_connections":[],"jetpack_featured_media_url":"https:\/\/i0.wp.com\/politicosaldesnudo.com.mx\/wp-content\/uploads\/2022\/08\/P-INCENDIO-TUXPAN2.png?fit=1816%2C1016&ssl=1","jetpack-related-posts":[],"jetpack_sharing_enabled":true,"_links":{"self":[{"href":"https:\/\/politicosaldesnudo.com.mx\/index.php\/wp-json\/wp\/v2\/posts\/9214","targetHints":{"allow":["GET"]}}],"collection":[{"href":"https:\/\/politicosaldesnudo.com.mx\/index.php\/wp-json\/wp\/v2\/posts"}],"about":[{"href":"https:\/\/politicosaldesnudo.com.mx\/index.php\/wp-json\/wp\/v2\/types\/post"}],"author":[{"embeddable":true,"href":"https:\/\/politicosaldesnudo.com.mx\/index.php\/wp-json\/wp\/v2\/users\/4"}],"replies":[{"embeddable":true,"href":"https:\/\/politicosaldesnudo.com.mx\/index.php\/wp-json\/wp\/v2\/comments?post=9214"}],"version-history":[{"count":0,"href":"https:\/\/politicosaldesnudo.com.mx\/index.php\/wp-json\/wp\/v2\/posts\/9214\/revisions"}],"wp:featuredmedia":[{"embeddable":true,"href":"https:\/\/politicosaldesnudo.com.mx\/index.php\/wp-json\/wp\/v2\/media\/9216"}],"wp:attachment":[{"href":"https:\/\/politicosaldesnudo.com.mx\/index.php\/wp-json\/wp\/v2\/media?parent=9214"}],"wp:term":[{"taxonomy":"category","embeddable":true,"href":"https:\/\/politicosaldesnudo.com.mx\/index.php\/wp-json\/wp\/v2\/categories?post=9214"},{"taxonomy":"post_tag","embeddable":true,"href":"https:\/\/politicosaldesnudo.com.mx\/index.php\/wp-json\/wp\/v2\/tags?post=9214"}],"curies":[{"name":"wp","href":"https:\/\/api.w.org\/{rel}","templated":true}]}}