{"id":9403,"date":"2022-08-29T00:36:48","date_gmt":"2022-08-29T05:36:48","guid":{"rendered":"https:\/\/politicosaldesnudo.com.mx\/?p=9403"},"modified":"2022-08-29T00:36:48","modified_gmt":"2022-08-29T05:36:48","slug":"mujeres-pala-gubernatura","status":"publish","type":"post","link":"https:\/\/politicosaldesnudo.com.mx\/index.php\/2022\/08\/29\/mujeres-pala-gubernatura\/","title":{"rendered":"Mujeres pa\u00b4la Gubernatura"},"content":{"rendered":"<p class=\"p1\">\n<p class=\"p1\"><span style=\"font-size: 18pt;\"><b>Por Pepe Valencia <span class=\"Apple-converted-space\">\u00a0<\/span><\/b><\/span><\/p>\n<p class=\"p1\"><span style=\"font-size: 14pt;\">No han expresado su intenci\u00f3n de participar. Tampoco la han negado. La m\u00e1s visible es la secretaria de Energ\u00eda, Roc\u00edo Nahle Garc\u00eda, quien parece cabalgar en fino y brioso corcel de hacienda con el respaldo del gobernador Cuitl\u00e1huac Garc\u00eda Jim\u00e9nez\u2026 y de AMLO.<\/span><\/p>\n<p class=\"p1\"><span style=\"font-size: 14pt;\"><span class=\"Apple-converted-space\">\u00a0<\/span>No es la \u00fanica. El dirigente nacional del PAN, Marko Cort\u00e9s,<span class=\"Apple-converted-space\">\u00a0 <\/span>t\u00e1citamente ha destapado a la presidenta municipal de Veracruz, Patricia Lobeira de Yunes. Pudiera tratarse de un distractor o no.<span class=\"Apple-converted-space\">\u00a0<\/span><\/span><\/p>\n<p class=\"p1\"><span style=\"font-size: 14pt;\">Hay otras, como la senadora Indira Rosales San Rom\u00e1n, tambi\u00e9n del PAN e integrante del grupo de los Yunes azules.<\/span><\/p>\n<p class=\"p1\"><span style=\"font-size: 14pt;\">Y por los rojos, las diputadas Lorena Pi\u00f1\u00f3n Rivera (federal) y Anil\u00fa Ingram Vallines (local) y otras que bien encajar\u00edan en la alianza PRI-PAN-PRD, como la exdiputada y expresidenta municipal de P\u00e1nuco, Zita Pazzi Maza, que hace unos d\u00edas celebr\u00f3 una reuni\u00f3n pol\u00edtica en Xalapa; o Sonia Chirinos, que hace 6 a\u00f1os fue mencionada para senadora.<span class=\"Apple-converted-space\">\u00a0<\/span><\/span><\/p>\n<p class=\"p1\"><span style=\"font-size: 14pt;\">Tambi\u00e9n la exdiputada y exalcaldesa de Xalapa, El\u00edzabeth Morales Garc\u00eda, que se mueve entre Morena el Partido Verde y la sociedad civil. No se ha descartado ni encartado.<span class=\"Apple-converted-space\">\u00a0<\/span><\/span><\/p>\n<p class=\"p1\"><span style=\"font-size: 14pt;\">Hay m\u00e1s, la activa diputada local Citlali Medell\u00edn Careaga, del Partido Verde; y la exdiputada Victoria Guti\u00e9rrez P\u00e9rez, quien no ha dicho que quiere pero sus amigos le han insistido que le entre a la contienda. Es amiga personal y antigua compa\u00f1era de lucha del presidente Andr\u00e9s Manuel L\u00f3pez Obrador.<\/span><\/p>\n<p class=\"p1\"><span style=\"font-size: 14pt;\">Esta lista de distinguidas damas es enunciativa y no limitativa, si hay m\u00e1s que deseen levantar la mano o alguien las propone, bienvenidas. Quiz\u00e1s Veracruz ya est\u00e9 preparado para ser gobernado por una mujer y se aproxima el fin del reinado de los hombres.<\/span><\/p>\n<p class=\"p1\"><span style=\"font-size: 14pt;\">A punto de concluir este comentario, recib\u00ed la llamada telef\u00f3nica de un amigo, le pregunt\u00e9 qu\u00e9 otras veracruzanas se hallar\u00edan en condiciones de participar en la competencia y agreg\u00f3 dos m\u00e1s: las diputadas Rosa Mar\u00eda Hern\u00e1ndez Espejo, de Morena y Maryjose<span class=\"Apple-converted-space\">\u00a0 <\/span>Gamboa, del PAN.<\/span><\/p>\n<p class=\"p1\"><span style=\"font-size: 14pt;\">Todas ellas cuentan con simpatizantes y malquerientes, recibir\u00e1n cr\u00edticas y elogios, pero ah\u00ed est\u00e1n.<\/span><\/p>\n<p class=\"p1\"><span style=\"font-size: 14pt;\">\u00bfPor qui\u00e9n de estas 12 empoderadas mujeres votar\u00edan? \u00bfO por ninguna de ellas? Agreguen sus favoritas a esta lista. Falta la n\u00famero 13.<\/span><\/p>\n<p class=\"p1\"><span style=\"font-size: 14pt;\">Revelen los nombres de sus candidatas y<span class=\"Apple-converted-space\">\u00a0 <\/span>candidatos. Expongan sus ideas y proyectos y ex\u00edjanles compromisos.<\/span><\/p>\n<p class=\"p1\"><span style=\"font-size: 14pt;\">Invito por este medio a lectoras y lectores a opinar con sugerencias y propuestas aprovechando las benditas redes sociales de esta maravillosa era digital que nos acerca aunque f\u00edsicamente estemos lejos.<\/span><\/p>\n<p>&nbsp;<\/p>\n<p><span style=\"font-size: 18pt; color: #319eca;\"><em><strong>**Las columnas firmadas en este medio son responsabilidad de quienes las firman**<\/strong><\/em><\/span><\/p>\n<p>&nbsp;<\/p>\n<p>&nbsp;<\/p>\n<p>&nbsp;<\/p>\n","protected":false},"excerpt":{"rendered":"<p>Por Pepe Valencia \u00a0 No han expresado su intenci\u00f3n de participar. Tampoco la han negado. La m\u00e1s visible es la<\/p>\n","protected":false},"author":4,"featured_media":4618,"comment_status":"closed","ping_status":"closed","sticky":false,"template":"","format":"standard","meta":{"colormag_page_container_layout":"default_layout","colormag_page_sidebar_layout":"default_layout","_jetpack_memberships_contains_paid_content":false,"footnotes":"","jetpack_publicize_message":"","jetpack_publicize_feature_enabled":true,"jetpack_social_post_already_shared":false,"jetpack_social_options":{"image_generator_settings":{"template":"highway","default_image_id":0,"font":"","enabled":false},"version":2}},"categories":[26],"tags":[],"class_list":["post-9403","post","type-post","status-publish","format-standard","has-post-thumbnail","hentry","category-columnistas"],"jetpack_publicize_connections":[],"jetpack_featured_media_url":"https:\/\/i0.wp.com\/politicosaldesnudo.com.mx\/wp-content\/uploads\/2022\/05\/EJEMPLO.png?fit=1816%2C1016&ssl=1","jetpack-related-posts":[],"jetpack_sharing_enabled":true,"_links":{"self":[{"href":"https:\/\/politicosaldesnudo.com.mx\/index.php\/wp-json\/wp\/v2\/posts\/9403","targetHints":{"allow":["GET"]}}],"collection":[{"href":"https:\/\/politicosaldesnudo.com.mx\/index.php\/wp-json\/wp\/v2\/posts"}],"about":[{"href":"https:\/\/politicosaldesnudo.com.mx\/index.php\/wp-json\/wp\/v2\/types\/post"}],"author":[{"embeddable":true,"href":"https:\/\/politicosaldesnudo.com.mx\/index.php\/wp-json\/wp\/v2\/users\/4"}],"replies":[{"embeddable":true,"href":"https:\/\/politicosaldesnudo.com.mx\/index.php\/wp-json\/wp\/v2\/comments?post=9403"}],"version-history":[{"count":0,"href":"https:\/\/politicosaldesnudo.com.mx\/index.php\/wp-json\/wp\/v2\/posts\/9403\/revisions"}],"wp:featuredmedia":[{"embeddable":true,"href":"https:\/\/politicosaldesnudo.com.mx\/index.php\/wp-json\/wp\/v2\/media\/4618"}],"wp:attachment":[{"href":"https:\/\/politicosaldesnudo.com.mx\/index.php\/wp-json\/wp\/v2\/media?parent=9403"}],"wp:term":[{"taxonomy":"category","embeddable":true,"href":"https:\/\/politicosaldesnudo.com.mx\/index.php\/wp-json\/wp\/v2\/categories?post=9403"},{"taxonomy":"post_tag","embeddable":true,"href":"https:\/\/politicosaldesnudo.com.mx\/index.php\/wp-json\/wp\/v2\/tags?post=9403"}],"curies":[{"name":"wp","href":"https:\/\/api.w.org\/{rel}","templated":true}]}}