{"id":9557,"date":"2022-08-31T21:43:46","date_gmt":"2022-09-01T02:43:46","guid":{"rendered":"https:\/\/politicosaldesnudo.com.mx\/?p=9557"},"modified":"2022-08-31T22:09:42","modified_gmt":"2022-09-01T03:09:42","slug":"h-ayuntamiento-de-tuxpan-realiza-la-cuarta-sesion-de-cabildo-abierto","status":"publish","type":"post","link":"https:\/\/politicosaldesnudo.com.mx\/index.php\/2022\/08\/31\/h-ayuntamiento-de-tuxpan-realiza-la-cuarta-sesion-de-cabildo-abierto\/","title":{"rendered":"Ayuntamiento de Tuxpan realiza la Cuarta Sesi\u00f3n de Cabildo Abierto"},"content":{"rendered":"<p>&nbsp;<\/p>\n<p class=\"p1\"><span style=\"font-size: 14pt;\"><em><strong>TUXPAN, VERACRUZ.<\/strong><\/em> Con la presencia de los integrantes del <strong>cuerpo edilicio del H. Ayuntamiento de Tuxpan<\/strong>, esta tarde se llev\u00f3 a cabo la <strong>cuarta sesi\u00f3n de Cabildo abierto<\/strong>.<\/span><\/p>\n<p class=\"p1\"><span style=\"font-size: 14pt;\">El presidente municipal Jos\u00e9 Manuel Pozos Castro, la s\u00edndica Mtra. Beatriz Pi\u00f1a Vergara; y las regidoras y regidores Amado Guti\u00e9rrez Lima, Mar\u00eda del Pilar Mart\u00ednez Matesanz, Maryanela Monroy Flores, Anah\u00ed Aguilar L\u00f3pez, Juan G\u00f3mez Garc\u00eda, Lucero Magdalena Res\u00e9ndis Ambrocio, Luis Demetrio L\u00f3pez Mar\u00edn, Axel Bernal Herrera, y Luciano Folgueras Pioli, escucharon atentos a los ciudadanos que participaron en este ejercicio que los acerca a la poblaci\u00f3n.<span class=\"Apple-converted-space\">\u00a0<\/span><\/span><\/p>\n<p>&nbsp;<\/p>\n<p><img data-recalc-dims=\"1\" loading=\"lazy\" decoding=\"async\" class=\"aligncenter wp-image-9560 size-large\" src=\"https:\/\/i0.wp.com\/politicosaldesnudo.com.mx\/wp-content\/uploads\/2022\/08\/P-SESIO%CC%81N-CABILDOBIERTO-3-1024x573.png?resize=800%2C448&#038;ssl=1\" alt=\"\" width=\"800\" height=\"448\" srcset=\"https:\/\/i0.wp.com\/politicosaldesnudo.com.mx\/wp-content\/uploads\/2022\/08\/P-SESIO%CC%81N-CABILDOBIERTO-3.png?resize=1024%2C573&amp;ssl=1 1024w, https:\/\/i0.wp.com\/politicosaldesnudo.com.mx\/wp-content\/uploads\/2022\/08\/P-SESIO%CC%81N-CABILDOBIERTO-3.png?resize=300%2C168&amp;ssl=1 300w, https:\/\/i0.wp.com\/politicosaldesnudo.com.mx\/wp-content\/uploads\/2022\/08\/P-SESIO%CC%81N-CABILDOBIERTO-3.png?resize=768%2C430&amp;ssl=1 768w, https:\/\/i0.wp.com\/politicosaldesnudo.com.mx\/wp-content\/uploads\/2022\/08\/P-SESIO%CC%81N-CABILDOBIERTO-3.png?resize=1536%2C859&amp;ssl=1 1536w, https:\/\/i0.wp.com\/politicosaldesnudo.com.mx\/wp-content\/uploads\/2022\/08\/P-SESIO%CC%81N-CABILDOBIERTO-3.png?w=1816&amp;ssl=1 1816w, https:\/\/i0.wp.com\/politicosaldesnudo.com.mx\/wp-content\/uploads\/2022\/08\/P-SESIO%CC%81N-CABILDOBIERTO-3.png?w=1600&amp;ssl=1 1600w\" sizes=\"auto, (max-width: 800px) 100vw, 800px\" \/><\/p>\n<p>&nbsp;<\/p>\n<p class=\"p1\"><span style=\"font-size: 18pt;\"><strong>El alcalde Jos\u00e9 Manuel Pozos Castro resalt\u00f3 la importancia de este dialogo abierto que -dijo- les permite a las autoridades escuchar de viva voz a la ciudadan\u00eda.<span class=\"Apple-converted-space\">\u00a0<\/span><\/strong><\/span><\/p>\n<p><img data-recalc-dims=\"1\" loading=\"lazy\" decoding=\"async\" class=\"aligncenter wp-image-9559 size-large\" src=\"https:\/\/i0.wp.com\/politicosaldesnudo.com.mx\/wp-content\/uploads\/2022\/08\/P-SESIO%CC%81N-CABILDOBIERTO-2-1024x573.png?resize=800%2C448&#038;ssl=1\" alt=\"\" width=\"800\" height=\"448\" srcset=\"https:\/\/i0.wp.com\/politicosaldesnudo.com.mx\/wp-content\/uploads\/2022\/08\/P-SESIO%CC%81N-CABILDOBIERTO-2.png?resize=1024%2C573&amp;ssl=1 1024w, https:\/\/i0.wp.com\/politicosaldesnudo.com.mx\/wp-content\/uploads\/2022\/08\/P-SESIO%CC%81N-CABILDOBIERTO-2.png?resize=300%2C168&amp;ssl=1 300w, https:\/\/i0.wp.com\/politicosaldesnudo.com.mx\/wp-content\/uploads\/2022\/08\/P-SESIO%CC%81N-CABILDOBIERTO-2.png?resize=768%2C430&amp;ssl=1 768w, https:\/\/i0.wp.com\/politicosaldesnudo.com.mx\/wp-content\/uploads\/2022\/08\/P-SESIO%CC%81N-CABILDOBIERTO-2.png?resize=1536%2C859&amp;ssl=1 1536w, https:\/\/i0.wp.com\/politicosaldesnudo.com.mx\/wp-content\/uploads\/2022\/08\/P-SESIO%CC%81N-CABILDOBIERTO-2.png?w=1816&amp;ssl=1 1816w, https:\/\/i0.wp.com\/politicosaldesnudo.com.mx\/wp-content\/uploads\/2022\/08\/P-SESIO%CC%81N-CABILDOBIERTO-2.png?w=1600&amp;ssl=1 1600w\" sizes=\"auto, (max-width: 800px) 100vw, 800px\" \/><\/p>\n<p>&nbsp;<\/p>\n<p><img data-recalc-dims=\"1\" loading=\"lazy\" decoding=\"async\" class=\"aligncenter wp-image-9563 size-large\" src=\"https:\/\/i0.wp.com\/politicosaldesnudo.com.mx\/wp-content\/uploads\/2022\/08\/P-SESIO%CC%81N-CABILDOBIERTO-7-1024x573.png?resize=800%2C448&#038;ssl=1\" alt=\"\" width=\"800\" height=\"448\" srcset=\"https:\/\/i0.wp.com\/politicosaldesnudo.com.mx\/wp-content\/uploads\/2022\/08\/P-SESIO%CC%81N-CABILDOBIERTO-7.png?resize=1024%2C573&amp;ssl=1 1024w, https:\/\/i0.wp.com\/politicosaldesnudo.com.mx\/wp-content\/uploads\/2022\/08\/P-SESIO%CC%81N-CABILDOBIERTO-7.png?resize=300%2C168&amp;ssl=1 300w, https:\/\/i0.wp.com\/politicosaldesnudo.com.mx\/wp-content\/uploads\/2022\/08\/P-SESIO%CC%81N-CABILDOBIERTO-7.png?resize=768%2C430&amp;ssl=1 768w, https:\/\/i0.wp.com\/politicosaldesnudo.com.mx\/wp-content\/uploads\/2022\/08\/P-SESIO%CC%81N-CABILDOBIERTO-7.png?resize=1536%2C859&amp;ssl=1 1536w, https:\/\/i0.wp.com\/politicosaldesnudo.com.mx\/wp-content\/uploads\/2022\/08\/P-SESIO%CC%81N-CABILDOBIERTO-7.png?w=1816&amp;ssl=1 1816w, https:\/\/i0.wp.com\/politicosaldesnudo.com.mx\/wp-content\/uploads\/2022\/08\/P-SESIO%CC%81N-CABILDOBIERTO-7.png?w=1600&amp;ssl=1 1600w\" sizes=\"auto, (max-width: 800px) 100vw, 800px\" \/><\/p>\n<p>&nbsp;<\/p>\n<p class=\"p1\"><span style=\"font-size: 18pt; color: #139eca;\"><strong>Fueron 15 personas quienes en esta ocasi\u00f3n expusieron las necesidades que tienen en sus colonias y comunidades.<\/strong><\/span><\/p>\n<p>&nbsp;<\/p>\n<p><img data-recalc-dims=\"1\" loading=\"lazy\" decoding=\"async\" class=\"aligncenter wp-image-9561 size-large\" src=\"https:\/\/i0.wp.com\/politicosaldesnudo.com.mx\/wp-content\/uploads\/2022\/08\/P-SESIO%CC%81N-CABILDOBIERTO-4-1024x573.png?resize=800%2C448&#038;ssl=1\" alt=\"\" width=\"800\" height=\"448\" srcset=\"https:\/\/i0.wp.com\/politicosaldesnudo.com.mx\/wp-content\/uploads\/2022\/08\/P-SESIO%CC%81N-CABILDOBIERTO-4.png?resize=1024%2C573&amp;ssl=1 1024w, https:\/\/i0.wp.com\/politicosaldesnudo.com.mx\/wp-content\/uploads\/2022\/08\/P-SESIO%CC%81N-CABILDOBIERTO-4.png?resize=300%2C168&amp;ssl=1 300w, https:\/\/i0.wp.com\/politicosaldesnudo.com.mx\/wp-content\/uploads\/2022\/08\/P-SESIO%CC%81N-CABILDOBIERTO-4.png?resize=768%2C430&amp;ssl=1 768w, https:\/\/i0.wp.com\/politicosaldesnudo.com.mx\/wp-content\/uploads\/2022\/08\/P-SESIO%CC%81N-CABILDOBIERTO-4.png?resize=1536%2C859&amp;ssl=1 1536w, https:\/\/i0.wp.com\/politicosaldesnudo.com.mx\/wp-content\/uploads\/2022\/08\/P-SESIO%CC%81N-CABILDOBIERTO-4.png?w=1816&amp;ssl=1 1816w, https:\/\/i0.wp.com\/politicosaldesnudo.com.mx\/wp-content\/uploads\/2022\/08\/P-SESIO%CC%81N-CABILDOBIERTO-4.png?w=1600&amp;ssl=1 1600w\" sizes=\"auto, (max-width: 800px) 100vw, 800px\" \/><\/p>\n<p>&nbsp;<\/p>\n<p class=\"p1\"><span style=\"font-size: 18pt;\"><strong>Los ediles tomaron nota de cada una de las solicitudes planteadas, mismas que deber\u00e1n ser atendidas por los titulares de las diferentes \u00e1reas del Ayuntamiento. A todas se les dar\u00e1 puntual seguimiento.<\/strong><\/span><\/p>\n<p>&nbsp;<\/p>\n<p><img data-recalc-dims=\"1\" loading=\"lazy\" decoding=\"async\" class=\"aligncenter wp-image-9564 size-large\" src=\"https:\/\/i0.wp.com\/politicosaldesnudo.com.mx\/wp-content\/uploads\/2022\/08\/P-SESIO%CC%81N-CABILDOBIERTO-8-1024x573.png?resize=800%2C448&#038;ssl=1\" alt=\"\" width=\"800\" height=\"448\" srcset=\"https:\/\/i0.wp.com\/politicosaldesnudo.com.mx\/wp-content\/uploads\/2022\/08\/P-SESIO%CC%81N-CABILDOBIERTO-8.png?resize=1024%2C573&amp;ssl=1 1024w, https:\/\/i0.wp.com\/politicosaldesnudo.com.mx\/wp-content\/uploads\/2022\/08\/P-SESIO%CC%81N-CABILDOBIERTO-8.png?resize=300%2C168&amp;ssl=1 300w, https:\/\/i0.wp.com\/politicosaldesnudo.com.mx\/wp-content\/uploads\/2022\/08\/P-SESIO%CC%81N-CABILDOBIERTO-8.png?resize=768%2C430&amp;ssl=1 768w, https:\/\/i0.wp.com\/politicosaldesnudo.com.mx\/wp-content\/uploads\/2022\/08\/P-SESIO%CC%81N-CABILDOBIERTO-8.png?resize=1536%2C859&amp;ssl=1 1536w, https:\/\/i0.wp.com\/politicosaldesnudo.com.mx\/wp-content\/uploads\/2022\/08\/P-SESIO%CC%81N-CABILDOBIERTO-8.png?w=1816&amp;ssl=1 1816w, https:\/\/i0.wp.com\/politicosaldesnudo.com.mx\/wp-content\/uploads\/2022\/08\/P-SESIO%CC%81N-CABILDOBIERTO-8.png?w=1600&amp;ssl=1 1600w\" sizes=\"auto, (max-width: 800px) 100vw, 800px\" \/><\/p>\n<p>&nbsp;<\/p>\n<p class=\"p1\"><span style=\"font-size: 18pt;\"><strong>Los ciudadanos celebraron este tipo de ejercicios, ya que afirman que de esta manera la sociedad se puede expresar libremente ante las autoridades que gobiernan en el municipio.<span class=\"Apple-converted-space\">\u00a0<\/span><\/strong><\/span><\/p>\n<p class=\"p1\"><span style=\"font-size: 14pt;\">Tambi\u00e9n estuvieron presentes los directores y coordinadores de las diversas \u00e1reas del Gobierno Municipal, quienes tomaron nota de las peticiones y propuestas de los ciudadanos.<span class=\"Apple-converted-space\">\u00a0<\/span><\/span><\/p>\n<p class=\"p1\"><span style=\"font-size: 14pt;\">Con esta Sesi\u00f3n de Cabildo se da cumplimiento a lo establecido en los art\u00edculos 28, 29, 30 y dem\u00e1s relativos y aplicables de la Ley Org\u00e1nica del Municipio Libre del Estado de Veracruz; 24 y 25 de la Ley Estatal de Participaci\u00f3n Ciudadana y Gobierno Abierto; y los dem\u00e1s relativos y aplicables de ambos ordenamientos jur\u00eddicos.<\/span><\/p>\n<p>&nbsp;<\/p>\n<p><img data-recalc-dims=\"1\" loading=\"lazy\" decoding=\"async\" class=\"aligncenter wp-image-9558 size-large\" src=\"https:\/\/i0.wp.com\/politicosaldesnudo.com.mx\/wp-content\/uploads\/2022\/08\/P-SESIO%CC%81N-CABILDOBIERTO-1-1024x573.png?resize=800%2C448&#038;ssl=1\" alt=\"\" width=\"800\" height=\"448\" srcset=\"https:\/\/i0.wp.com\/politicosaldesnudo.com.mx\/wp-content\/uploads\/2022\/08\/P-SESIO%CC%81N-CABILDOBIERTO-1.png?resize=1024%2C573&amp;ssl=1 1024w, https:\/\/i0.wp.com\/politicosaldesnudo.com.mx\/wp-content\/uploads\/2022\/08\/P-SESIO%CC%81N-CABILDOBIERTO-1.png?resize=300%2C168&amp;ssl=1 300w, https:\/\/i0.wp.com\/politicosaldesnudo.com.mx\/wp-content\/uploads\/2022\/08\/P-SESIO%CC%81N-CABILDOBIERTO-1.png?resize=768%2C430&amp;ssl=1 768w, https:\/\/i0.wp.com\/politicosaldesnudo.com.mx\/wp-content\/uploads\/2022\/08\/P-SESIO%CC%81N-CABILDOBIERTO-1.png?resize=1536%2C859&amp;ssl=1 1536w, https:\/\/i0.wp.com\/politicosaldesnudo.com.mx\/wp-content\/uploads\/2022\/08\/P-SESIO%CC%81N-CABILDOBIERTO-1.png?w=1816&amp;ssl=1 1816w, https:\/\/i0.wp.com\/politicosaldesnudo.com.mx\/wp-content\/uploads\/2022\/08\/P-SESIO%CC%81N-CABILDOBIERTO-1.png?w=1600&amp;ssl=1 1600w\" sizes=\"auto, (max-width: 800px) 100vw, 800px\" \/><\/p>\n<p>&nbsp;<\/p>\n<p>&nbsp;<\/p>\n<p>&nbsp;<\/p>\n<p>&nbsp;<\/p>\n<p>&nbsp;<\/p>\n","protected":false},"excerpt":{"rendered":"<p>&nbsp; TUXPAN, VERACRUZ. Con la presencia de los integrantes del cuerpo edilicio del H. Ayuntamiento de Tuxpan, esta tarde se<\/p>\n","protected":false},"author":4,"featured_media":9566,"comment_status":"closed","ping_status":"closed","sticky":false,"template":"","format":"standard","meta":{"colormag_page_container_layout":"default_layout","colormag_page_sidebar_layout":"default_layout","_jetpack_memberships_contains_paid_content":false,"footnotes":"","jetpack_publicize_message":"","jetpack_publicize_feature_enabled":true,"jetpack_social_post_already_shared":false,"jetpack_social_options":{"image_generator_settings":{"template":"highway","default_image_id":0,"font":"","enabled":false},"version":2}},"categories":[1082],"tags":[1398,1050,576,70],"class_list":["post-9557","post","type-post","status-publish","format-standard","has-post-thumbnail","hentry","category-tuxpan","tag-ayuntamiento","tag-cabildo-abierto","tag-jose-manuel-pozos","tag-tuxpan"],"jetpack_publicize_connections":[],"jetpack_featured_media_url":"https:\/\/i0.wp.com\/politicosaldesnudo.com.mx\/wp-content\/uploads\/2022\/08\/P-CABILDO1.png?fit=1816%2C1016&ssl=1","jetpack-related-posts":[],"jetpack_sharing_enabled":true,"_links":{"self":[{"href":"https:\/\/politicosaldesnudo.com.mx\/index.php\/wp-json\/wp\/v2\/posts\/9557","targetHints":{"allow":["GET"]}}],"collection":[{"href":"https:\/\/politicosaldesnudo.com.mx\/index.php\/wp-json\/wp\/v2\/posts"}],"about":[{"href":"https:\/\/politicosaldesnudo.com.mx\/index.php\/wp-json\/wp\/v2\/types\/post"}],"author":[{"embeddable":true,"href":"https:\/\/politicosaldesnudo.com.mx\/index.php\/wp-json\/wp\/v2\/users\/4"}],"replies":[{"embeddable":true,"href":"https:\/\/politicosaldesnudo.com.mx\/index.php\/wp-json\/wp\/v2\/comments?post=9557"}],"version-history":[{"count":0,"href":"https:\/\/politicosaldesnudo.com.mx\/index.php\/wp-json\/wp\/v2\/posts\/9557\/revisions"}],"wp:featuredmedia":[{"embeddable":true,"href":"https:\/\/politicosaldesnudo.com.mx\/index.php\/wp-json\/wp\/v2\/media\/9566"}],"wp:attachment":[{"href":"https:\/\/politicosaldesnudo.com.mx\/index.php\/wp-json\/wp\/v2\/media?parent=9557"}],"wp:term":[{"taxonomy":"category","embeddable":true,"href":"https:\/\/politicosaldesnudo.com.mx\/index.php\/wp-json\/wp\/v2\/categories?post=9557"},{"taxonomy":"post_tag","embeddable":true,"href":"https:\/\/politicosaldesnudo.com.mx\/index.php\/wp-json\/wp\/v2\/tags?post=9557"}],"curies":[{"name":"wp","href":"https:\/\/api.w.org\/{rel}","templated":true}]}}