{"id":9608,"date":"2022-09-01T07:42:04","date_gmt":"2022-09-01T12:42:04","guid":{"rendered":"https:\/\/politicosaldesnudo.com.mx\/?p=9608"},"modified":"2022-09-01T07:43:08","modified_gmt":"2022-09-01T12:43:08","slug":"enrique-alfaro-elimino-base-de-datos-de-personas-desaparecidas-ong","status":"publish","type":"post","link":"https:\/\/politicosaldesnudo.com.mx\/index.php\/2022\/09\/01\/enrique-alfaro-elimino-base-de-datos-de-personas-desaparecidas-ong\/","title":{"rendered":"Enrique Alfaro elimin\u00f3 registros de personas desaparecidas: ONG"},"content":{"rendered":"<p>&nbsp;<\/p>\n<p class=\"p1\"><span style=\"font-size: 14pt;\"><em><strong>GUADALAJARA, JALISCO.<\/strong> <\/em>La administraci\u00f3n estatal que encabeza <strong>Enrique Alfaro elimin\u00f3 en marzo pasado del registro nacional al menos a mil personas oriundas de Jalisco no localizadas<\/strong>, con el fin de \u201cdesaparecer a los desaparecidos\u201d y <strong>quitarse el estigma de que el partido Movimiento Ciudadano gobierna la entidad con mayor n\u00famero de personas ausentes<\/strong>, afirmaron l\u00edderes de colectivos de b\u00fasqueda y periodistas.<\/span><\/p>\n<p>&nbsp;<\/p>\n<p><img data-recalc-dims=\"1\" loading=\"lazy\" decoding=\"async\" class=\"aligncenter wp-image-9610 size-large\" src=\"https:\/\/i0.wp.com\/politicosaldesnudo.com.mx\/wp-content\/uploads\/2022\/09\/P-DESAPARECIDOS-JALISCO-2-1024x573.png?resize=800%2C448&#038;ssl=1\" alt=\"\" width=\"800\" height=\"448\" srcset=\"https:\/\/i0.wp.com\/politicosaldesnudo.com.mx\/wp-content\/uploads\/2022\/09\/P-DESAPARECIDOS-JALISCO-2.png?resize=1024%2C573&amp;ssl=1 1024w, https:\/\/i0.wp.com\/politicosaldesnudo.com.mx\/wp-content\/uploads\/2022\/09\/P-DESAPARECIDOS-JALISCO-2.png?resize=300%2C168&amp;ssl=1 300w, https:\/\/i0.wp.com\/politicosaldesnudo.com.mx\/wp-content\/uploads\/2022\/09\/P-DESAPARECIDOS-JALISCO-2.png?resize=768%2C430&amp;ssl=1 768w, https:\/\/i0.wp.com\/politicosaldesnudo.com.mx\/wp-content\/uploads\/2022\/09\/P-DESAPARECIDOS-JALISCO-2.png?resize=1536%2C859&amp;ssl=1 1536w, https:\/\/i0.wp.com\/politicosaldesnudo.com.mx\/wp-content\/uploads\/2022\/09\/P-DESAPARECIDOS-JALISCO-2.png?w=1816&amp;ssl=1 1816w, https:\/\/i0.wp.com\/politicosaldesnudo.com.mx\/wp-content\/uploads\/2022\/09\/P-DESAPARECIDOS-JALISCO-2.png?w=1600&amp;ssl=1 1600w\" sizes=\"auto, (max-width: 800px) 100vw, 800px\" \/><\/p>\n<p>&nbsp;<\/p>\n<p class=\"p1\"><span style=\"font-size: 18pt;\"><strong>Durante un foro realizado en la Universidad de Guadalajara (UdeG), <span style=\"color: #139eca;\">Carmen Chinas<\/span>, coordinadora del Comit\u00e9 Universitario de An\u00e1lisis en Materia de Desaparici\u00f3n de Personas de esa instituci\u00f3n educativa, dijo que en Jalisco <span style=\"color: #139eca;\">\u201cse ha optado por el silencio y el abandono como pol\u00edtica p\u00fablica\u201d<\/span>, ante los por lo menos 15 mil habitantes del estado cuyo paradero se ignora.<\/strong><\/span><\/p>\n<p class=\"p1\"><span style=\"font-size: 18pt;\"><strong><span style=\"color: #139eca;\">Guadalupe Aguilar<\/span>, quien dirige el colectivo Familias Unidas por Nuestros Desaparecidos Jalisco, afirm\u00f3 que la administraci\u00f3n encabezada por Alfaro <span style=\"color: #139eca;\">\u201ctiene un desprecio total por las v\u00edctimas\u201d<\/span> y asegur\u00f3 que el estado \u201ces una fosa\u201d.<\/strong><\/span><\/p>\n<p class=\"p1\"><span style=\"font-size: 18pt;\"><strong><span style=\"color: #139eca;\">Martha Leticia Garc\u00eda<\/span>, del colectivo de b\u00fasqueda Entre Cielo y Tierra, refiri\u00f3 que ante la nula acci\u00f3n del gobierno estatal y el \u201cdesprecio\u201d que reciben de autoridades encargadas de localizar a desaparecidos, los familiares de \u00e9stos deben agruparse <span style=\"color: #139eca;\">\u201cporque si nos ven solos, nos violan m\u00e1s los derechos\u201d.<\/span><\/strong><\/span><\/p>\n<p class=\"p1\"><span style=\"font-size: 14pt;\">Agreg\u00f3 que en el estado crece la impunidad, pues grupos criminales saben qu\u00e9 familias denuncian desapariciones y las amenazan para que cesen su b\u00fasqueda.<\/span><\/p>\n<p class=\"p1\"><span style=\"font-size: 18pt;\"><strong><span style=\"color: #139eca;\">H\u00e9ctor Flores<\/span>, del colectivo Luz de Esperanza, destac\u00f3 que en el Servicio M\u00e9dico Forense no hay orden, personal suficiente ni un registro claro de los cuerpos a su resguardo, lo que provoca que sus parientes los busquen durante meses e incluso a\u00f1os, lo que constituye una doble victimizaci\u00f3n.<\/strong><\/span><\/p>\n<p class=\"p1\"><span style=\"font-size: 14pt;\">Expuso que los gobiernos estatal y municipal de Guadalajara borran a brochazos las fichas de b\u00fasqueda que los familiares pegan en mobiliario urbano, tratando de ocultar el problema con el pretexto de mantener limpia a la ciudad.<\/span><\/p>\n<p class=\"p1\"><span style=\"font-size: 18pt;\"><strong>El periodista <span style=\"color: #139eca;\">Darwin Franco<\/span> precis\u00f3 que hasta este mi\u00e9rcoles, a escala nacional,<span style=\"color: #139eca;\"> hay 105 mil 153 personas ausentes<\/span>, de las cuales, seg\u00fan el registro que la propia fiscal\u00eda de Jalisco env\u00eda a la Federaci\u00f3n, 15 mil 34 desaparecieron en ese estado, es decir, 14 de cada 100.<\/strong><\/span><\/p>\n<p class=\"p1\"><span style=\"font-size: 14pt;\">Franco pidi\u00f3 mostrar mayor empat\u00eda social y afirm\u00f3 que no solidarizarse ante un problema tan grave representa otra forma de desaparecer a ciudadanos.<\/span><\/p>\n<p class=\"p1\"><span style=\"font-size: 14pt;\">El tambi\u00e9n comunicador Rub\u00e9n Mart\u00edn record\u00f3 que la dictadura militar chilena desapareci\u00f3 a 3 mil personas, la argentina a m\u00e1s de 30 mil, la guerra civil en Guatemala a 45 mil y la guerra civil colombiana a 80 mil, por lo cual \u201cen Jalisco hay cuatro veces m\u00e1s desaparecidos de los que dej\u00f3 la dictadura de Chile, o tenemos cinco veces m\u00e1s desaparecidos que en Espa\u00f1a en 30 a\u00f1os\u201d.<\/span><\/p>\n<p>&nbsp;<\/p>\n<p>&nbsp;<\/p>\n<p>&nbsp;<\/p>\n<p>&nbsp;<\/p>\n<p>&nbsp;<\/p>\n","protected":false},"excerpt":{"rendered":"<p>&nbsp; GUADALAJARA, JALISCO. La administraci\u00f3n estatal que encabeza Enrique Alfaro elimin\u00f3 en marzo pasado del registro nacional al menos a<\/p>\n","protected":false},"author":4,"featured_media":9609,"comment_status":"closed","ping_status":"closed","sticky":false,"template":"","format":"standard","meta":{"colormag_page_container_layout":"default_layout","colormag_page_sidebar_layout":"default_layout","_jetpack_memberships_contains_paid_content":false,"footnotes":"","jetpack_publicize_message":"","jetpack_publicize_feature_enabled":true,"jetpack_social_post_already_shared":false,"jetpack_social_options":{"image_generator_settings":{"template":"highway","default_image_id":0,"font":"","enabled":false},"version":2}},"categories":[30],"tags":[1401,247,1400],"class_list":["post-9608","post","type-post","status-publish","format-standard","has-post-thumbnail","hentry","category-estados","tag-desaparecidos","tag-enrique-alfaro","tag-guadalajara"],"jetpack_publicize_connections":[],"jetpack_featured_media_url":"https:\/\/i0.wp.com\/politicosaldesnudo.com.mx\/wp-content\/uploads\/2022\/09\/P-DESAPARECIDOS-JALISCO-1.png?fit=1816%2C1016&ssl=1","jetpack-related-posts":[],"jetpack_sharing_enabled":true,"_links":{"self":[{"href":"https:\/\/politicosaldesnudo.com.mx\/index.php\/wp-json\/wp\/v2\/posts\/9608","targetHints":{"allow":["GET"]}}],"collection":[{"href":"https:\/\/politicosaldesnudo.com.mx\/index.php\/wp-json\/wp\/v2\/posts"}],"about":[{"href":"https:\/\/politicosaldesnudo.com.mx\/index.php\/wp-json\/wp\/v2\/types\/post"}],"author":[{"embeddable":true,"href":"https:\/\/politicosaldesnudo.com.mx\/index.php\/wp-json\/wp\/v2\/users\/4"}],"replies":[{"embeddable":true,"href":"https:\/\/politicosaldesnudo.com.mx\/index.php\/wp-json\/wp\/v2\/comments?post=9608"}],"version-history":[{"count":0,"href":"https:\/\/politicosaldesnudo.com.mx\/index.php\/wp-json\/wp\/v2\/posts\/9608\/revisions"}],"wp:featuredmedia":[{"embeddable":true,"href":"https:\/\/politicosaldesnudo.com.mx\/index.php\/wp-json\/wp\/v2\/media\/9609"}],"wp:attachment":[{"href":"https:\/\/politicosaldesnudo.com.mx\/index.php\/wp-json\/wp\/v2\/media?parent=9608"}],"wp:term":[{"taxonomy":"category","embeddable":true,"href":"https:\/\/politicosaldesnudo.com.mx\/index.php\/wp-json\/wp\/v2\/categories?post=9608"},{"taxonomy":"post_tag","embeddable":true,"href":"https:\/\/politicosaldesnudo.com.mx\/index.php\/wp-json\/wp\/v2\/tags?post=9608"}],"curies":[{"name":"wp","href":"https:\/\/api.w.org\/{rel}","templated":true}]}}