{"id":9627,"date":"2022-09-02T07:49:29","date_gmt":"2022-09-02T12:49:29","guid":{"rendered":"https:\/\/politicosaldesnudo.com.mx\/?p=9627"},"modified":"2022-09-02T08:23:15","modified_gmt":"2022-09-02T13:23:15","slug":"cuarto-informe-de-gobierno-con-resultados-mexico-estamos-saliendo-adelante","status":"publish","type":"post","link":"https:\/\/politicosaldesnudo.com.mx\/index.php\/2022\/09\/02\/cuarto-informe-de-gobierno-con-resultados-mexico-estamos-saliendo-adelante\/","title":{"rendered":"Cuarto Informe de Gobierno: Con resultados M\u00e9xico \u201cestamos saliendo adelante\u201d"},"content":{"rendered":"<p>&nbsp;<\/p>\n<p class=\"p1\"><span style=\"font-size: 14pt;\"><em><strong>CIUDAD DE M\u00c9XICO.<\/strong> <\/em>El presidente<strong> Andr\u00e9s Manuel L\u00f3pez Obrador present\u00f3 el\u00a0Cuarto Informe de Gobierno\u00a0en Palacio Nacional<\/strong>, en el que destac\u00f3 la <span style=\"color: #139eca;\"><strong>recuperaci\u00f3n econ\u00f3mica de M\u00e9xico y los resultados de la administraci\u00f3n que encabeza, los cuales confirman que \u201cestamos saliendo adelante\u201d.<\/strong><\/span><\/span><\/p>\n<p class=\"p1\"><span style=\"font-size: 18pt;\"><strong>En el ejercicio establecido en la Constituci\u00f3n, el mandatario asegur\u00f3 que el proyecto de transformaci\u00f3n ha demostrado su efectividad frente a circunstancias adversas, como la pandemia de Covid19 y la guerra entre Rusia y Ucrania.<\/strong><\/span><\/p>\n<blockquote>\n<p class=\"p1\"><span style=\"font-size: 14pt;\">Aun con los graves problemas externos que hemos enfrentado, (\u2026) en nuestro pa\u00eds los datos indican que estamos mejorando. Particularmente, nos han ayudado dos buenos factores: la estrategia de apoyo a los de abajo y las ventajas del tratado comercial con Estados Unidos y Canad\u00e1\u201d<\/span><\/p>\n<\/blockquote>\n<p>&nbsp;<\/p>\n<p><img data-recalc-dims=\"1\" loading=\"lazy\" decoding=\"async\" class=\"aligncenter wp-image-9632 size-large\" src=\"https:\/\/i0.wp.com\/politicosaldesnudo.com.mx\/wp-content\/uploads\/2022\/09\/P-AMLO-CUARTOINFORME-5-1024x573.png?resize=800%2C448&#038;ssl=1\" alt=\"\" width=\"800\" height=\"448\" srcset=\"https:\/\/i0.wp.com\/politicosaldesnudo.com.mx\/wp-content\/uploads\/2022\/09\/P-AMLO-CUARTOINFORME-5.png?resize=1024%2C573&amp;ssl=1 1024w, https:\/\/i0.wp.com\/politicosaldesnudo.com.mx\/wp-content\/uploads\/2022\/09\/P-AMLO-CUARTOINFORME-5.png?resize=300%2C168&amp;ssl=1 300w, https:\/\/i0.wp.com\/politicosaldesnudo.com.mx\/wp-content\/uploads\/2022\/09\/P-AMLO-CUARTOINFORME-5.png?resize=768%2C430&amp;ssl=1 768w, https:\/\/i0.wp.com\/politicosaldesnudo.com.mx\/wp-content\/uploads\/2022\/09\/P-AMLO-CUARTOINFORME-5.png?resize=1536%2C859&amp;ssl=1 1536w, https:\/\/i0.wp.com\/politicosaldesnudo.com.mx\/wp-content\/uploads\/2022\/09\/P-AMLO-CUARTOINFORME-5.png?w=1816&amp;ssl=1 1816w, https:\/\/i0.wp.com\/politicosaldesnudo.com.mx\/wp-content\/uploads\/2022\/09\/P-AMLO-CUARTOINFORME-5.png?w=1600&amp;ssl=1 1600w\" sizes=\"auto, (max-width: 800px) 100vw, 800px\" \/><\/p>\n<p>&nbsp;<\/p>\n<p class=\"p1\"><span style=\"font-size: 14pt;\">Con el mural de Diego Rivera de fondo en la escalera principal de Palacio Nacional, el jefe del Ejecutivo reafirm\u00f3 que el gobierno federal tiene como prioridad la atenci\u00f3n a la poblaci\u00f3n pobre, la cual ha disminuido porque se procura una mejor distribuci\u00f3n de la riqueza.<\/span><\/p>\n<blockquote>\n<p class=\"p1\"><span style=\"font-size: 14pt;\">No basta el crecimiento econ\u00f3mico, sino que es indispensable la justicia. En la nueva pol\u00edtica econ\u00f3mica, moral y social que hemos aplicado desde el principio de nuestro gobierno, se ha desechado la obsesi\u00f3n tecnocr\u00e1tica de medirlo todo en funci\u00f3n de indicadores de crecimiento que no necesariamente reflejan las realidades sociales. Nosotros consideramos que lo fundamental no es cuantitativo sino cualitativo: la distribuci\u00f3n equitativa del ingreso y de la riqueza\u201d<\/span><\/p>\n<\/blockquote>\n<p class=\"p1\"><span style=\"font-size: 14pt;\">Sostuvo que el fin \u00faltimo de un Estado es crear las condiciones para que la poblaci\u00f3n viva feliz, por lo que el crecimiento econ\u00f3mico y los incrementos en la productividad y la competitividad no tienen sentido como objetivos en s\u00ed mismos, sino como medios para lograr un prop\u00f3sito superior: el bienestar general, material y del alma entre la poblaci\u00f3n.<\/span><\/p>\n<blockquote>\n<p class=\"p1\"><span style=\"font-size: 14pt;\">M\u00e1s all\u00e1 del simple crecimiento econ\u00f3mico, lo fundamental estriba en desterrar la corrupci\u00f3n y los privilegios para destinar todo lo obtenido y ahorrado en beneficio de la mayor\u00eda del pueblo y, de manera especial, de los m\u00e1s pobres y marginados\u201d<\/span><\/p>\n<\/blockquote>\n<p>&nbsp;<\/p>\n<p><img data-recalc-dims=\"1\" loading=\"lazy\" decoding=\"async\" class=\"aligncenter wp-image-9630 size-large\" src=\"https:\/\/i0.wp.com\/politicosaldesnudo.com.mx\/wp-content\/uploads\/2022\/09\/P-AMLO-CUARTOINFORME-3-1024x573.png?resize=800%2C448&#038;ssl=1\" alt=\"\" width=\"800\" height=\"448\" srcset=\"https:\/\/i0.wp.com\/politicosaldesnudo.com.mx\/wp-content\/uploads\/2022\/09\/P-AMLO-CUARTOINFORME-3.png?resize=1024%2C573&amp;ssl=1 1024w, https:\/\/i0.wp.com\/politicosaldesnudo.com.mx\/wp-content\/uploads\/2022\/09\/P-AMLO-CUARTOINFORME-3.png?resize=300%2C168&amp;ssl=1 300w, https:\/\/i0.wp.com\/politicosaldesnudo.com.mx\/wp-content\/uploads\/2022\/09\/P-AMLO-CUARTOINFORME-3.png?resize=768%2C430&amp;ssl=1 768w, https:\/\/i0.wp.com\/politicosaldesnudo.com.mx\/wp-content\/uploads\/2022\/09\/P-AMLO-CUARTOINFORME-3.png?resize=1536%2C859&amp;ssl=1 1536w, https:\/\/i0.wp.com\/politicosaldesnudo.com.mx\/wp-content\/uploads\/2022\/09\/P-AMLO-CUARTOINFORME-3.png?w=1816&amp;ssl=1 1816w, https:\/\/i0.wp.com\/politicosaldesnudo.com.mx\/wp-content\/uploads\/2022\/09\/P-AMLO-CUARTOINFORME-3.png?w=1600&amp;ssl=1 1600w\" sizes=\"auto, (max-width: 800px) 100vw, 800px\" \/><\/p>\n<p>&nbsp;<\/p>\n<p>&nbsp;<\/p>\n<p class=\"p1\"><span style=\"color: #139eca; font-size: 18pt;\"><strong>DISTRIBUCI\u00d3N DE LA RIQUEZA<\/strong><\/span><\/p>\n<p class=\"p1\"><span style=\"font-size: 18pt;\"><strong>El presidente afirm\u00f3 que los\u00a0<span style=\"color: #139eca;\">Programas para el Bienestar\u00a0son el principal distintivo del gobierno y el mecanismo de distribuci\u00f3n de la riqueza<\/span>; estas iniciativas, dijo, est\u00e1n orientadas a mejorar las condiciones de vida y de trabajo de la mayor\u00eda de la poblaci\u00f3n y se entregan con prioridad a los m\u00e1s pobres.<\/strong><\/span><\/p>\n<blockquote>\n<p class=\"p1\"><span style=\"font-size: 14pt;\">Los Programas para el Bienestar, la recuperaci\u00f3n del poder adquisitivo de los salarios y el aumento en las remesas enviadas por nuestros queridos paisanos a sus familiares, han mejorado la situaci\u00f3n econ\u00f3mica de la poblaci\u00f3n m\u00e1s pobre del pa\u00eds y, al garantizarse cuando menos lo b\u00e1sico, se ha mantenido la paz y ha permanecido encendida la llama de la esperanza\u201d<\/span><\/p>\n<\/blockquote>\n<p class=\"p1\"><span style=\"font-size: 18pt;\"><strong>Ante la doctora Beatriz Guti\u00e9rrez M\u00fcller e integrantes del Gabinete Legal y Ampliado que lo acompa\u00f1aron, el presidente dio a conocer que, de 2018 a 2020, los adultos mayores incrementaron su ingreso promedio trimestral por persona de 12 mil 420 pesos a 13 mil 586 pesos. <span style=\"color: #139eca;\">Actualmente acceden al beneficio de\u00a0pensi\u00f3n 10 millones 500 mil personas adultas mayores<\/span>.<\/strong><\/span><\/p>\n<p>&nbsp;<\/p>\n<p><img data-recalc-dims=\"1\" loading=\"lazy\" decoding=\"async\" class=\"aligncenter wp-image-9631 size-large\" src=\"https:\/\/i0.wp.com\/politicosaldesnudo.com.mx\/wp-content\/uploads\/2022\/09\/P-AMLO-CUARTOINFORME-4-1024x573.png?resize=800%2C448&#038;ssl=1\" alt=\"\" width=\"800\" height=\"448\" srcset=\"https:\/\/i0.wp.com\/politicosaldesnudo.com.mx\/wp-content\/uploads\/2022\/09\/P-AMLO-CUARTOINFORME-4.png?resize=1024%2C573&amp;ssl=1 1024w, https:\/\/i0.wp.com\/politicosaldesnudo.com.mx\/wp-content\/uploads\/2022\/09\/P-AMLO-CUARTOINFORME-4.png?resize=300%2C168&amp;ssl=1 300w, https:\/\/i0.wp.com\/politicosaldesnudo.com.mx\/wp-content\/uploads\/2022\/09\/P-AMLO-CUARTOINFORME-4.png?resize=768%2C430&amp;ssl=1 768w, https:\/\/i0.wp.com\/politicosaldesnudo.com.mx\/wp-content\/uploads\/2022\/09\/P-AMLO-CUARTOINFORME-4.png?resize=1536%2C859&amp;ssl=1 1536w, https:\/\/i0.wp.com\/politicosaldesnudo.com.mx\/wp-content\/uploads\/2022\/09\/P-AMLO-CUARTOINFORME-4.png?w=1816&amp;ssl=1 1816w, https:\/\/i0.wp.com\/politicosaldesnudo.com.mx\/wp-content\/uploads\/2022\/09\/P-AMLO-CUARTOINFORME-4.png?w=1600&amp;ssl=1 1600w\" sizes=\"auto, (max-width: 800px) 100vw, 800px\" \/><\/p>\n<p>&nbsp;<\/p>\n<p class=\"p1\"><span style=\"font-size: 14pt;\">Gracias a los Programas para el Bienestar, el ingreso trimestral por persona de la poblaci\u00f3n ind\u00edgena aument\u00f3 13.16 por ciento, es decir, de 8 mil 887 pesos a 10 mil 057 pesos.<\/span><\/p>\n<blockquote>\n<p class=\"p1\"><span style=\"font-size: 14pt;\">Seg\u00fan el CONEVAL, en el segundo trimestre de este a\u00f1o, el ingreso laboral real por persona se increment\u00f3 en 4.8 por ciento, pues pas\u00f3 de 2 mil 747 pesos a 2 mil 880, en comparaci\u00f3n con el mismo periodo de 2021\u201d<\/span><\/p>\n<\/blockquote>\n<p class=\"p1\"><span style=\"font-size: 18pt;\"><strong><span style=\"color: #139eca;\">La pensi\u00f3n a un mill\u00f3n de ni\u00f1as y ni\u00f1os pobres con discapacidad se est\u00e1 ampliando a otras edades<\/span> a partir de la celebraci\u00f3n de convenios con los gobiernos estatales y pronto ser\u00e1 universal, a\u00f1adi\u00f3.<\/strong><\/span><\/p>\n<p class=\"p1\"><span style=\"font-size: 14pt;\">Adem\u00e1s, se otorgan becas a 11 millones de estudiantes desde preescolar hasta posgrado y 2 millones 315 mil j\u00f3venes han trabajado como aprendices en\u00a0J\u00f3venes Construyendo el Futuro; reciben un ingreso equivalente a un salario m\u00ednimo y, de todos ellos, la mitad es contratada por la empresa o centro de trabajo que ejerci\u00f3 la tutor\u00eda.<\/span><\/p>\n<p class=\"p1\"><span style=\"font-size: 18pt;\"><strong>A trav\u00e9s de\u00a0Sembrando Vida, se apoya con un jornal permanente a 449 mil 570 sembradores que trabajan cultivando sus tierras en una extensi\u00f3n total de 1 mill\u00f3n 123 mil 925 hect\u00e1reas, organizados en 18 mil 615 Comunidades de Aprendizaje Campesino, con 15 mil 132 viveros y biof\u00e1bricas en 21 estados de la Rep\u00fablica.<\/strong><\/span><\/p>\n<p class=\"p1\"><span style=\"font-size: 14pt;\">El presidente inform\u00f3 que se aplica y extiende el programa\u00a0La Escuela es Nuestra; desde el inicio hasta finales de 2022 habr\u00e1n recibido presupuesto para el mantenimiento de instalaciones educativas 66 por ciento de todos los planteles de educaci\u00f3n b\u00e1sica del pa\u00eds, que se traducen en 113 mil comit\u00e9s de madres y padres de familia.<\/span><\/p>\n<p class=\"p1\"><span style=\"font-size: 18pt;\"><strong>Est\u00e1n funcionando 145 universidades p\u00fablicas con distintas carreras del sistema de educaci\u00f3n superior Benito Ju\u00e1rez Garc\u00eda, donde estudiar\u00e1n en este ciclo escolar 64 mil alumnos de pueblos y municipios marginados; <span style=\"color: #139eca;\">se crear\u00e1n 55 universidades m\u00e1s para la formaci\u00f3n de m\u00e9dicos y enfermeras, a fin de revertir el d\u00e9ficit de profesionales en estas especialidades.<\/span><\/strong><\/span><\/p>\n<p class=\"p1\"><span style=\"font-size: 14pt;\">En materia de salud p\u00fablica, a fin de garantizar atenci\u00f3n m\u00e9dica universal y gratuita, se ha logrado instaurar el\u00a0IMSS Bienestar\u00a0en tres estados: Nayarit, Tlaxcala y Colima; ah\u00ed se rehabilitaron y equiparon centros de salud y hospitales.<\/span><\/p>\n<p>&nbsp;<\/p>\n<p><img data-recalc-dims=\"1\" loading=\"lazy\" decoding=\"async\" class=\"aligncenter wp-image-9633 size-large\" src=\"https:\/\/i0.wp.com\/politicosaldesnudo.com.mx\/wp-content\/uploads\/2022\/09\/P-AMLO-INFORME-6-1024x573.png?resize=800%2C448&#038;ssl=1\" alt=\"\" width=\"800\" height=\"448\" srcset=\"https:\/\/i0.wp.com\/politicosaldesnudo.com.mx\/wp-content\/uploads\/2022\/09\/P-AMLO-INFORME-6.png?resize=1024%2C573&amp;ssl=1 1024w, https:\/\/i0.wp.com\/politicosaldesnudo.com.mx\/wp-content\/uploads\/2022\/09\/P-AMLO-INFORME-6.png?resize=300%2C168&amp;ssl=1 300w, https:\/\/i0.wp.com\/politicosaldesnudo.com.mx\/wp-content\/uploads\/2022\/09\/P-AMLO-INFORME-6.png?resize=768%2C430&amp;ssl=1 768w, https:\/\/i0.wp.com\/politicosaldesnudo.com.mx\/wp-content\/uploads\/2022\/09\/P-AMLO-INFORME-6.png?resize=1536%2C859&amp;ssl=1 1536w, https:\/\/i0.wp.com\/politicosaldesnudo.com.mx\/wp-content\/uploads\/2022\/09\/P-AMLO-INFORME-6.png?w=1816&amp;ssl=1 1816w, https:\/\/i0.wp.com\/politicosaldesnudo.com.mx\/wp-content\/uploads\/2022\/09\/P-AMLO-INFORME-6.png?w=1600&amp;ssl=1 1600w\" sizes=\"auto, (max-width: 800px) 100vw, 800px\" \/><\/p>\n<p>&nbsp;<\/p>\n<p class=\"p1\"><span style=\"font-size: 18pt;\"><strong><span style=\"color: #139eca;\">El abasto de medicamentos est\u00e1 al 95 por ciento<\/span>; se cuenta con el 84 por ciento de m\u00e9dicos generales y enfermeras para la atenci\u00f3n a pacientes las 24 horas de los 7 d\u00edas de la semana; tambi\u00e9n se contrat\u00f3 al 97 por ciento de m\u00e9dicos especialistas y recibieron su base mil 470 trabajadores de la salud que laboraban desde hace a\u00f1os como eventuales o por contrato.<\/strong><\/span><\/p>\n<p class=\"p1\"><span style=\"font-size: 14pt;\">Se prev\u00e9 incorporar al sistema federalizado IMSS Bienestar a todos los estados de la Rep\u00fablica a mediados del 2023.<\/span><\/p>\n<p class=\"p1\"><span style=\"font-size: 18pt;\"><strong>El jefe del Ejecutivo coment\u00f3 que el\u00a0<span style=\"color: #139eca;\">Plan de Austeridad Republicana\u00a0<\/span>en su conjunto <span style=\"color: #139eca;\">representa liberar m\u00e1s de 300 mil millones de pesos para el desarrollo<\/span> y, al mismo tiempo, no aumentar los precios de los combustibles, los impuestos ni la deuda del pa\u00eds.<\/strong><\/span><\/p>\n<p class=\"p1\"><span style=\"font-size: 14pt;\">Inform\u00f3 que este a\u00f1o, a pesar de la inflaci\u00f3n de 8.2 por ciento y del subsidio de 293 mil millones de pesos que se destina a las gasolinas y el di\u00e9sel, los ingresos del gobierno federal incrementaron 2.4 por ciento, en t\u00e9rminos reales, en relaci\u00f3n con 2021.<\/span><\/p>\n<blockquote>\n<p class=\"p1\"><span style=\"font-size: 14pt;\">Si no hubi\u00e9semos optado por el subsidio a los combustibles, la inflaci\u00f3n habr\u00eda llegado al 14 por ciento y el salario real promedio de 8 mil 943 pesos, hubiese bajado a 7 mil 900; es decir, una p\u00e9rdida del 12 por ciento. En todo el tiempo que llevamos en el gobierno, el peso no se ha devaluado y ha estado en los tres primeros lugares entre los pa\u00edses del mundo por su fortaleza con relaci\u00f3n al d\u00f3lar\u201d<\/span><\/p>\n<\/blockquote>\n<p class=\"p1\"><span style=\"font-size: 18pt;\"><strong>Al concluir su\u00a0Cuarto Informe de Gobierno, el presidente Andr\u00e9s Manuel L\u00f3pez Obrador coment\u00f3 que <span style=\"color: #139eca;\">creci\u00f3 su respeto y amor al pueblo<\/span>; confi\u00f3 en que triunfar\u00e1 la Cuarta Transformaci\u00f3n de M\u00e9xico y <span style=\"color: #139eca;\">celebr\u00f3 que la revoluci\u00f3n de las conciencias que la misma propici\u00f3, ha reducido al m\u00ednimo el analfabetismo pol\u00edtico.<\/span><\/strong><\/span><\/p>\n<p class=\"p1\"><span style=\"font-size: 14pt;\">Agradeci\u00f3 a los servidores p\u00fablicos que acompa\u00f1an el gobierno que lidera y a todas y todos los mexicanos \u201cpor participar en esta odisea en pos de la felicidad del pueblo y la prosperidad de la patria\u201d.<\/span><\/p>\n<p>&nbsp;<\/p>\n<p>&nbsp;<\/p>\n<p>&nbsp;<\/p>\n<p>&nbsp;<\/p>\n<p>&nbsp;<\/p>\n","protected":false},"excerpt":{"rendered":"<p>&nbsp; CIUDAD DE M\u00c9XICO. El presidente Andr\u00e9s Manuel L\u00f3pez Obrador present\u00f3 el\u00a0Cuarto Informe de Gobierno\u00a0en Palacio Nacional, en el que<\/p>\n","protected":false},"author":4,"featured_media":9628,"comment_status":"closed","ping_status":"closed","sticky":false,"template":"","format":"standard","meta":{"colormag_page_container_layout":"default_layout","colormag_page_sidebar_layout":"default_layout","_jetpack_memberships_contains_paid_content":false,"footnotes":"","jetpack_publicize_message":"","jetpack_publicize_feature_enabled":true,"jetpack_social_post_already_shared":false,"jetpack_social_options":{"image_generator_settings":{"template":"highway","default_image_id":0,"font":"","enabled":false},"version":2}},"categories":[33],"tags":[95,164,1402,42],"class_list":["post-9627","post","type-post","status-publish","format-standard","has-post-thumbnail","hentry","category-nacional","tag-andres-manuel-lopez-obrador","tag-bienestar","tag-cuarto-informe","tag-mexico"],"jetpack_publicize_connections":[],"jetpack_featured_media_url":"https:\/\/i0.wp.com\/politicosaldesnudo.com.mx\/wp-content\/uploads\/2022\/09\/P-AMLO-CUARTOINFORME-1.png?fit=1816%2C1016&ssl=1","jetpack-related-posts":[],"jetpack_sharing_enabled":true,"_links":{"self":[{"href":"https:\/\/politicosaldesnudo.com.mx\/index.php\/wp-json\/wp\/v2\/posts\/9627","targetHints":{"allow":["GET"]}}],"collection":[{"href":"https:\/\/politicosaldesnudo.com.mx\/index.php\/wp-json\/wp\/v2\/posts"}],"about":[{"href":"https:\/\/politicosaldesnudo.com.mx\/index.php\/wp-json\/wp\/v2\/types\/post"}],"author":[{"embeddable":true,"href":"https:\/\/politicosaldesnudo.com.mx\/index.php\/wp-json\/wp\/v2\/users\/4"}],"replies":[{"embeddable":true,"href":"https:\/\/politicosaldesnudo.com.mx\/index.php\/wp-json\/wp\/v2\/comments?post=9627"}],"version-history":[{"count":0,"href":"https:\/\/politicosaldesnudo.com.mx\/index.php\/wp-json\/wp\/v2\/posts\/9627\/revisions"}],"wp:featuredmedia":[{"embeddable":true,"href":"https:\/\/politicosaldesnudo.com.mx\/index.php\/wp-json\/wp\/v2\/media\/9628"}],"wp:attachment":[{"href":"https:\/\/politicosaldesnudo.com.mx\/index.php\/wp-json\/wp\/v2\/media?parent=9627"}],"wp:term":[{"taxonomy":"category","embeddable":true,"href":"https:\/\/politicosaldesnudo.com.mx\/index.php\/wp-json\/wp\/v2\/categories?post=9627"},{"taxonomy":"post_tag","embeddable":true,"href":"https:\/\/politicosaldesnudo.com.mx\/index.php\/wp-json\/wp\/v2\/tags?post=9627"}],"curies":[{"name":"wp","href":"https:\/\/api.w.org\/{rel}","templated":true}]}}