{"id":9635,"date":"2022-09-02T08:20:48","date_gmt":"2022-09-02T13:20:48","guid":{"rendered":"https:\/\/politicosaldesnudo.com.mx\/?p=9635"},"modified":"2022-09-02T08:20:48","modified_gmt":"2022-09-02T13:20:48","slug":"sufre-atentando-cristina-fernandez-kirchner-falla-atacante-pistola-se-encasquilla","status":"publish","type":"post","link":"https:\/\/politicosaldesnudo.com.mx\/index.php\/2022\/09\/02\/sufre-atentando-cristina-fernandez-kirchner-falla-atacante-pistola-se-encasquilla\/","title":{"rendered":"Sufre atentando Cristina Fern\u00e1ndez Kirchner, falla atacante pistola se encasquilla"},"content":{"rendered":"<p>&nbsp;<\/p>\n<p class=\"p1\"><span style=\"font-size: 14pt;\"><em><strong>BUENOS AIRES, ARGENTINA.<\/strong> <\/em>Un <strong>hombre fue detenido en Argentina por apuntar con un arma de fuego a la vicepresidenta Cristina Fern\u00e1ndez Kirchner cuando llegaba a su casa<\/strong> en medio de una multitud de seguidores, una semana despu\u00e9s de que la Fiscal\u00eda pidi\u00f3 su detenci\u00f3n por supuesta corrupci\u00f3n.<\/span><\/p>\n<p class=\"p1\"><span style=\"font-size: 18pt;\"><strong>La imagen del hombre que apunta a la cabeza de Kirchner cuando \u00e9sta baja del autom\u00f3vil que la llev\u00f3 a su residencia fue reproducida por varios canales de TV.<\/strong><\/span><\/p>\n<p class=\"p1\"><span style=\"font-size: 14pt;\">El ministro An\u00edbal Fern\u00e1ndez inform\u00f3 sobre la detenci\u00f3n del hombre en la noche del jueves, cuando la tambi\u00e9n presidenta del Senado regresaba desde el Parlamento a su domicilio en el barrio de Recoleta de Buenos Aires.<\/span><\/p>\n<blockquote>\n<p class=\"p1\"><span style=\"font-size: 14pt;\">Ahora tiene que ser analizada la situaci\u00f3n por nuestra gente de (la polic\u00eda) Cient\u00edfica como para evaluar las huellas y la capacidad y la disposici\u00f3n que ten\u00eda esta persona\u201d<\/span><\/p>\n<\/blockquote>\n<p>&nbsp;<\/p>\n<p><img data-recalc-dims=\"1\" loading=\"lazy\" decoding=\"async\" class=\"aligncenter wp-image-9636 size-large\" src=\"https:\/\/i0.wp.com\/politicosaldesnudo.com.mx\/wp-content\/uploads\/2022\/09\/P-CRISTINAK-ATAQUE-1-1024x573.png?resize=800%2C448&#038;ssl=1\" alt=\"\" width=\"800\" height=\"448\" srcset=\"https:\/\/i0.wp.com\/politicosaldesnudo.com.mx\/wp-content\/uploads\/2022\/09\/P-CRISTINAK-ATAQUE-1.png?resize=1024%2C573&amp;ssl=1 1024w, https:\/\/i0.wp.com\/politicosaldesnudo.com.mx\/wp-content\/uploads\/2022\/09\/P-CRISTINAK-ATAQUE-1.png?resize=300%2C168&amp;ssl=1 300w, https:\/\/i0.wp.com\/politicosaldesnudo.com.mx\/wp-content\/uploads\/2022\/09\/P-CRISTINAK-ATAQUE-1.png?resize=768%2C430&amp;ssl=1 768w, https:\/\/i0.wp.com\/politicosaldesnudo.com.mx\/wp-content\/uploads\/2022\/09\/P-CRISTINAK-ATAQUE-1.png?resize=1536%2C859&amp;ssl=1 1536w, https:\/\/i0.wp.com\/politicosaldesnudo.com.mx\/wp-content\/uploads\/2022\/09\/P-CRISTINAK-ATAQUE-1.png?w=1816&amp;ssl=1 1816w, https:\/\/i0.wp.com\/politicosaldesnudo.com.mx\/wp-content\/uploads\/2022\/09\/P-CRISTINAK-ATAQUE-1.png?w=1600&amp;ssl=1 1600w\" sizes=\"auto, (max-width: 800px) 100vw, 800px\" \/><\/p>\n<p>&nbsp;<\/p>\n<p class=\"p1\"><span style=\"font-size: 18pt;\"><strong>El hombre se acerc\u00f3 a Kirchner en medio de la multitud que la esperaba para saludarla y pedirle una firma en su libro autobiogr\u00e1fico. El arma no se dispar\u00f3.<\/strong><\/span><\/p>\n<p class=\"p1\"><span style=\"font-size: 14pt;\">En medio de una creciente polarizaci\u00f3n, cientos de militantes se han congregado desde la semana pasada ante el domicilio de Kirchner, de 69 a\u00f1os, acusada de corrupci\u00f3n durante su gobierno (2007-15) y contra quien la Fiscal\u00eda solicit\u00f3 una pena de 12 a\u00f1os de c\u00e1rcel y la inhabilitaci\u00f3n perpetua.<\/span><\/p>\n<p class=\"p1\"><span style=\"font-size: 18pt;\"><strong>El atacante ser\u00eda un hombre de nacionalidad brasile\u00f1a, seg\u00fan la prensa.<\/strong><\/span><\/p>\n<p>&nbsp;<\/p>\n<p><img data-recalc-dims=\"1\" loading=\"lazy\" decoding=\"async\" class=\"aligncenter wp-image-9637 size-large\" src=\"https:\/\/i0.wp.com\/politicosaldesnudo.com.mx\/wp-content\/uploads\/2022\/09\/P-CRISTINAK-ATAQUE-2-1024x573.png?resize=800%2C448&#038;ssl=1\" alt=\"\" width=\"800\" height=\"448\" srcset=\"https:\/\/i0.wp.com\/politicosaldesnudo.com.mx\/wp-content\/uploads\/2022\/09\/P-CRISTINAK-ATAQUE-2.png?resize=1024%2C573&amp;ssl=1 1024w, https:\/\/i0.wp.com\/politicosaldesnudo.com.mx\/wp-content\/uploads\/2022\/09\/P-CRISTINAK-ATAQUE-2.png?resize=300%2C168&amp;ssl=1 300w, https:\/\/i0.wp.com\/politicosaldesnudo.com.mx\/wp-content\/uploads\/2022\/09\/P-CRISTINAK-ATAQUE-2.png?resize=768%2C430&amp;ssl=1 768w, https:\/\/i0.wp.com\/politicosaldesnudo.com.mx\/wp-content\/uploads\/2022\/09\/P-CRISTINAK-ATAQUE-2.png?resize=1536%2C859&amp;ssl=1 1536w, https:\/\/i0.wp.com\/politicosaldesnudo.com.mx\/wp-content\/uploads\/2022\/09\/P-CRISTINAK-ATAQUE-2.png?w=1816&amp;ssl=1 1816w, https:\/\/i0.wp.com\/politicosaldesnudo.com.mx\/wp-content\/uploads\/2022\/09\/P-CRISTINAK-ATAQUE-2.png?w=1600&amp;ssl=1 1600w\" sizes=\"auto, (max-width: 800px) 100vw, 800px\" \/><\/p>\n<p>&nbsp;<\/p>\n<p>&nbsp;<\/p>\n<p class=\"p1\"><span style=\"font-size: 18pt; color: #139eca;\"><strong>APOYO A VICEPRESIDENTA<\/strong><\/span><\/p>\n<p class=\"p1\"><span style=\"font-size: 14pt;\">Los ministros del gobierno del presidente Alberto Fern\u00e1ndez emitieron un comunicado de prensa diciendo que \u201ccondenan en\u00e9rgicamente el intento de homicidio\u201d del vicepresidente.\u00a0\u201cLo que sucedi\u00f3 esta noche es de extrema gravedad y amenaza la democracia, las instituciones y el estado de derecho\u201d, se lee en el comunicado.<\/span><\/p>\n<p class=\"p1\"><span style=\"font-size: 18pt;\"><strong>El expresidente Mauricio Macri tambi\u00e9n repudi\u00f3 el ataque.\u00a0\u201cEste grav\u00edsimo hecho exige un esclarecimiento inmediato y profundo por parte del poder judicial y de las fuerzas de seguridad\u201d, escribi\u00f3 Macri en Twitter.<\/strong><\/span><\/p>\n<blockquote class=\"twitter-tweet\" data-width=\"550\" data-dnt=\"true\">\n<p lang=\"es\" dir=\"ltr\">Mi repudio absoluto al ataque sufrido por Cristina Kirchner que afortunadamente no ha tenido consecuencias para la vicepresidenta. Este grav\u00edsimo hecho exige un inmediato y profundo esclarecimiento por parte de la justicia y las fuerzas de seguridad.<\/p>\n<p>&mdash; Mauricio Macri (@mauriciomacri) <a href=\"https:\/\/twitter.com\/mauriciomacri\/status\/1565515871166107649?ref_src=twsrc%5Etfw\">September 2, 2022<\/a><\/p><\/blockquote>\n<p><script async src=\"https:\/\/platform.twitter.com\/widgets.js\" charset=\"utf-8\"><\/script><\/p>\n<p>&nbsp;<\/p>\n<p class=\"p1\"><span style=\"font-size: 14pt;\">Patricia Bullrich, presidenta del partido opositor Propuesta Republicana, critic\u00f3 al presidente diciendo que est\u00e1 \u201cjugando con fuego\u201d porque \u201cen lugar de investigar seriamente un incidente grave, acusa a la oposici\u00f3n y a la prensa, decretando un feriado nacional para movilizar activistas\u201d.<\/span><\/p>\n<p class=\"p1\"><span style=\"font-size: 18pt;\"><strong><span style=\"color: #139eca;\">Las tensiones han aumentado en el barrio de clase alta de Recoleta desde el fin de semana<\/span>, cuando los partidarios de la vicepresidenta se enfrentaron con la polic\u00eda en las calles que rodean su apartamento en medio de un esfuerzo de las fuerzas del orden por despejar el \u00e1rea.\u00a0Tras los enfrentamientos, se redujo lo que hab\u00eda sido una fuerte presencia policial en los alrededores del apartamento del vicepresidente.<\/strong><\/span><\/p>\n<p>&nbsp;<\/p>\n<p><img data-recalc-dims=\"1\" loading=\"lazy\" decoding=\"async\" class=\"aligncenter wp-image-9638 size-large\" src=\"https:\/\/i0.wp.com\/politicosaldesnudo.com.mx\/wp-content\/uploads\/2022\/09\/P-CRISTINAK-ATAQUE-3-1024x573.png?resize=800%2C448&#038;ssl=1\" alt=\"\" width=\"800\" height=\"448\" srcset=\"https:\/\/i0.wp.com\/politicosaldesnudo.com.mx\/wp-content\/uploads\/2022\/09\/P-CRISTINAK-ATAQUE-3.png?resize=1024%2C573&amp;ssl=1 1024w, https:\/\/i0.wp.com\/politicosaldesnudo.com.mx\/wp-content\/uploads\/2022\/09\/P-CRISTINAK-ATAQUE-3.png?resize=300%2C168&amp;ssl=1 300w, https:\/\/i0.wp.com\/politicosaldesnudo.com.mx\/wp-content\/uploads\/2022\/09\/P-CRISTINAK-ATAQUE-3.png?resize=768%2C430&amp;ssl=1 768w, https:\/\/i0.wp.com\/politicosaldesnudo.com.mx\/wp-content\/uploads\/2022\/09\/P-CRISTINAK-ATAQUE-3.png?resize=1536%2C859&amp;ssl=1 1536w, https:\/\/i0.wp.com\/politicosaldesnudo.com.mx\/wp-content\/uploads\/2022\/09\/P-CRISTINAK-ATAQUE-3.png?w=1816&amp;ssl=1 1816w, https:\/\/i0.wp.com\/politicosaldesnudo.com.mx\/wp-content\/uploads\/2022\/09\/P-CRISTINAK-ATAQUE-3.png?w=1600&amp;ssl=1 1600w\" sizes=\"auto, (max-width: 800px) 100vw, 800px\" \/><\/p>\n<p>&nbsp;<\/p>\n<p class=\"p1\"><span style=\"font-size: 18pt; color: #139eca;\"><strong>Cuando Fern\u00e1ndez sale de su apartamento todos los d\u00edas alrededor del mediod\u00eda, saluda a sus simpatizantes y firma aut\u00f3grafos antes de subirse a su veh\u00edculo para ir al Senado.\u00a0Repite la misma rutina todas las noches.<\/strong><\/span><\/p>\n<p class=\"p1\"><span style=\"font-size: 14pt;\">Tras el incidente, los aliados del vicepresidente r\u00e1pidamente se\u00f1alaron con el dedo a la oposici\u00f3n por lo que dicen es un discurso de odio que promueve la violencia.\u00a0En los \u00faltimos d\u00edas, varios funcionarios clave han dicho que los l\u00edderes de la oposici\u00f3n estaban buscando una v\u00edctima mortal.<\/span><\/p>\n<p class=\"p1\"><span style=\"font-size: 18pt;\"><strong>\u201cEste es un hecho hist\u00f3rico en Argentina que debe ser un antes y un despu\u00e9s\u201d, dijo el gobernador de Buenos Aires, Axel Kicillof.<\/strong><\/span><\/p>\n<blockquote class=\"twitter-tweet\" data-width=\"550\" data-dnt=\"true\">\n<p lang=\"es\" dir=\"ltr\">Acabamos de vivir uno de los peores episodios de nuestra historia con el intento de asesinato a <a href=\"https:\/\/twitter.com\/CFKArgentina?ref_src=twsrc%5Etfw\">@CFKArgentina<\/a>.<br \/>Quienes insisten en perseguir, incitan a la violencia y hasta piden pena de muerte tienen que parar ya.  No se puede seguir fomentando el odio y la violencia.<\/p>\n<p>&mdash; Axel Kicillof (@Kicillofok) <a href=\"https:\/\/twitter.com\/Kicillofok\/status\/1565519867096203269?ref_src=twsrc%5Etfw\">September 2, 2022<\/a><\/p><\/blockquote>\n<p><script async src=\"https:\/\/platform.twitter.com\/widgets.js\" charset=\"utf-8\"><\/script><\/p>\n<p>&nbsp;<\/p>\n<p class=\"p1\"><span style=\"font-size: 18pt;\"><strong>\u201cEnviamos nuestra solidaridad a la vicepresidenta en este atentado contra su vida\u201d, dijo en Twitter el presidente de Venezuela, Nicol\u00e1s Maduro.<\/strong><\/span><\/p>\n<blockquote class=\"twitter-tweet\" data-width=\"550\" data-dnt=\"true\">\n<p lang=\"es\" dir=\"ltr\">Enviamos nuestra solidaridad a la Vicepresidenta <a href=\"https:\/\/twitter.com\/CFKArgentina?ref_src=twsrc%5Etfw\">@CFKArgentina<\/a>, ante el atentado contra su vida. Repudiamos en\u00e9rgicamente esta acci\u00f3n que busca desestabilizar la Paz del hermano pueblo argentino. \u00a1La Patria Grande est\u00e1 contigo compa\u00f1era! <a href=\"https:\/\/twitter.com\/hashtag\/FuerzaArgentina?src=hash&amp;ref_src=twsrc%5Etfw\">#FuerzaArgentina<\/a> <a href=\"https:\/\/twitter.com\/hashtag\/FuerzaCristina?src=hash&amp;ref_src=twsrc%5Etfw\">#FuerzaCristina<\/a> <a href=\"https:\/\/t.co\/BEqRsYIMjl\">pic.twitter.com\/BEqRsYIMjl<\/a><\/p>\n<p>&mdash; Nicol\u00e1s Maduro (@NicolasMaduro) <a href=\"https:\/\/twitter.com\/NicolasMaduro\/status\/1565521613801521157?ref_src=twsrc%5Etfw\">September 2, 2022<\/a><\/p><\/blockquote>\n<p><script async src=\"https:\/\/platform.twitter.com\/widgets.js\" charset=\"utf-8\"><\/script><\/p>\n<p>&nbsp;<\/p>\n<p class=\"p1\"><span style=\"font-size: 18pt;\"><strong>El expresidente brasile\u00f1o Luiz In\u00e1cio Lula Da Silva, candidato a las elecciones presidenciales de ese pa\u00eds el pr\u00f3ximo mes, tambi\u00e9n se solidariz\u00f3 con Fern\u00e1ndez, calific\u00e1ndola de \u201cv\u00edctima de un criminal fascista que no sabe respetar las diferencias y la diversidad\u201d.<\/strong><\/span><\/p>\n<p>&nbsp;<\/p>\n<blockquote class=\"twitter-tweet\" data-width=\"550\" data-dnt=\"true\">\n<p lang=\"pt\" dir=\"ltr\">Toda a minha solidariedade \u00e0 companheira <a href=\"https:\/\/twitter.com\/CFKArgentina?ref_src=twsrc%5Etfw\">@CFKArgentina<\/a>, v\u00edtima de um fascista criminoso que n\u00e3o sabe respeitar diverg\u00eancias e a diversidade. A Cristina \u00e9 uma mulher que merece o respeito de qualquer democrata no mundo. Gra\u00e7as a Deus ela escapou ilesa.<\/p>\n<p>&mdash; Lula 13 (@LulaOficial) <a href=\"https:\/\/twitter.com\/LulaOficial\/status\/1565519904710721539?ref_src=twsrc%5Etfw\">September 2, 2022<\/a><\/p><\/blockquote>\n<p><script async src=\"https:\/\/platform.twitter.com\/widgets.js\" charset=\"utf-8\"><\/script><\/p>\n<p class=\"p1\"><span style=\"font-size: 18pt;\"><strong>El presidente\u00a0de M\u00e9xico, Andr\u00e9s Manuel L\u00f3pez Obrador\u00a0conden\u00f3 de manera en\u00e9rgica el fallido atentado en contra de la vicepresidenta de Argentina, Cristina Fern\u00e1ndez de Kirchner, quien\u00a0sali\u00f3 ilesa\u00a0de la agresi\u00f3n ocurrida la noche de este jueves cuando llegaba a su domicilio, hecho que el mandatario mexicano calific\u00f3 como\u00a0\u201cmilagroso\u201d.<\/strong><\/span><\/p>\n<p>&nbsp;<\/p>\n<p class=\"p1\"><strong><span style=\"font-size: 18pt;\">El canciller\u00a0Marcelo Ebrard Casaub\u00f3n lament\u00f3\u00a0la agresi\u00f3n violenta que sufri\u00f3 la Vicepresidenta de la Naci\u00f3n Argentina,\u00a0Cristina Kirchner, extendiendo\u00a0a nombre de M\u00e9xico\u00a0solidaridad para ella y su pa\u00eds.<\/span><\/strong><\/p>\n<blockquote class=\"twitter-tweet\" data-width=\"550\" data-dnt=\"true\">\n<p lang=\"es\" dir=\"ltr\">El Gobierno de M\u00e9xico expresa su rechazo y condena el atentado contra la Vicepresidenta de Argentina, Cristina Fern\u00e1ndez.<\/p>\n<p>&mdash; Marcelo Ebrard C. (@m_ebrard) <a href=\"https:\/\/twitter.com\/m_ebrard\/status\/1565544863763992577?ref_src=twsrc%5Etfw\">September 2, 2022<\/a><\/p><\/blockquote>\n<p><script async src=\"https:\/\/platform.twitter.com\/widgets.js\" charset=\"utf-8\"><\/script><\/p>\n<p>&nbsp;<\/p>\n<p>&nbsp;<\/p>\n<p>&nbsp;<\/p>\n<p>&nbsp;<\/p>\n<p>&nbsp;<\/p>\n","protected":false},"excerpt":{"rendered":"<p>&nbsp; BUENOS AIRES, ARGENTINA. Un hombre fue detenido en Argentina por apuntar con un arma de fuego a la vicepresidenta<\/p>\n","protected":false},"author":4,"featured_media":9639,"comment_status":"closed","ping_status":"closed","sticky":false,"template":"","format":"standard","meta":{"colormag_page_container_layout":"default_layout","colormag_page_sidebar_layout":"default_layout","_jetpack_memberships_contains_paid_content":false,"footnotes":"","jetpack_publicize_message":"","jetpack_publicize_feature_enabled":true,"jetpack_social_post_already_shared":false,"jetpack_social_options":{"image_generator_settings":{"template":"highway","default_image_id":0,"font":"","enabled":false},"version":2}},"categories":[28],"tags":[117,1403,868,1344],"class_list":["post-9635","post","type-post","status-publish","format-standard","has-post-thumbnail","hentry","category-internacional","tag-argentina","tag-arma","tag-ataque","tag-cristina-fernandez"],"jetpack_publicize_connections":[],"jetpack_featured_media_url":"https:\/\/i0.wp.com\/politicosaldesnudo.com.mx\/wp-content\/uploads\/2022\/09\/P-CRISTINAK-ATAQUE-4.png?fit=1816%2C1016&ssl=1","jetpack-related-posts":[],"jetpack_sharing_enabled":true,"_links":{"self":[{"href":"https:\/\/politicosaldesnudo.com.mx\/index.php\/wp-json\/wp\/v2\/posts\/9635","targetHints":{"allow":["GET"]}}],"collection":[{"href":"https:\/\/politicosaldesnudo.com.mx\/index.php\/wp-json\/wp\/v2\/posts"}],"about":[{"href":"https:\/\/politicosaldesnudo.com.mx\/index.php\/wp-json\/wp\/v2\/types\/post"}],"author":[{"embeddable":true,"href":"https:\/\/politicosaldesnudo.com.mx\/index.php\/wp-json\/wp\/v2\/users\/4"}],"replies":[{"embeddable":true,"href":"https:\/\/politicosaldesnudo.com.mx\/index.php\/wp-json\/wp\/v2\/comments?post=9635"}],"version-history":[{"count":0,"href":"https:\/\/politicosaldesnudo.com.mx\/index.php\/wp-json\/wp\/v2\/posts\/9635\/revisions"}],"wp:featuredmedia":[{"embeddable":true,"href":"https:\/\/politicosaldesnudo.com.mx\/index.php\/wp-json\/wp\/v2\/media\/9639"}],"wp:attachment":[{"href":"https:\/\/politicosaldesnudo.com.mx\/index.php\/wp-json\/wp\/v2\/media?parent=9635"}],"wp:term":[{"taxonomy":"category","embeddable":true,"href":"https:\/\/politicosaldesnudo.com.mx\/index.php\/wp-json\/wp\/v2\/categories?post=9635"},{"taxonomy":"post_tag","embeddable":true,"href":"https:\/\/politicosaldesnudo.com.mx\/index.php\/wp-json\/wp\/v2\/tags?post=9635"}],"curies":[{"name":"wp","href":"https:\/\/api.w.org\/{rel}","templated":true}]}}