{"id":9681,"date":"2022-09-03T08:32:22","date_gmt":"2022-09-03T13:32:22","guid":{"rendered":"https:\/\/politicosaldesnudo.com.mx\/?p=9681"},"modified":"2022-09-03T08:43:30","modified_gmt":"2022-09-03T13:43:30","slug":"multitud-de-argentinos-repudian-atentado-contra-cristina-fernandez","status":"publish","type":"post","link":"https:\/\/politicosaldesnudo.com.mx\/index.php\/2022\/09\/03\/multitud-de-argentinos-repudian-atentado-contra-cristina-fernandez\/","title":{"rendered":"Argentinos salen a las calles, repudian atentado contra Cristina Fern\u00e1ndez Kirchner"},"content":{"rendered":"<p>&nbsp;<\/p>\n<p class=\"p1\"><span style=\"font-size: 14pt;\"><em><strong>BUENOS AIRES, ARGENTINA.<\/strong> <\/em>Ante una <strong><span style=\"color: #139eca;\">multitud calculada en medio mill\u00f3n de manifestantes<\/span><\/strong> que se extendi\u00f3 por la <strong>hist\u00f3rica Plaza de Mayo<\/strong> y sus alrededores y que gritaban consignas de apoyo a la vicepresidenta Cristina Fern\u00e1ndez de Kirchner, a la democracia, por \u201cel odio afuera\u201d y por la paz, la actriz Alejandra Dar\u00edn, quien preside la Asociaci\u00f3n Argentina de Actores, ley\u00f3 un documento de rechazo a lo sucedido la noche del jueves, cuando un hombre, ya detenido, intent\u00f3 asesinar a la ex mandataria.<\/span><\/p>\n<p>&nbsp;<\/p>\n<blockquote>\n<p class=\"p1\"><span style=\"font-size: 14pt;\">Dar\u00edn proclam\u00f3: \u201cnadie que defienda a la rep\u00fablica puede permanecer en silencio o anteponer sus diferencias ideol\u00f3gicas al repudio un\u00e1nime que esta acci\u00f3n depara\u201d<\/span><\/p>\n<\/blockquote>\n<p>&nbsp;<\/p>\n<p class=\"p1\"><span style=\"font-size: 18pt;\"><strong>En su lectura, Dar\u00edn se\u00f1al\u00f3: \u201cno queremos que la intolerancia y la violencia pol\u00edtica arrasen con el consenso democr\u00e1tico que hemos construido desde 1983 a la fecha. Debemos contextualizar lo ocurrido contra la vicepresidenta\u201d.<\/strong><\/span><\/p>\n<p>&nbsp;<\/p>\n<p><img data-recalc-dims=\"1\" loading=\"lazy\" decoding=\"async\" class=\"aligncenter wp-image-9682 size-large\" src=\"https:\/\/i0.wp.com\/politicosaldesnudo.com.mx\/wp-content\/uploads\/2022\/09\/P-MANIFESTACION-ARGETINA-1-1024x573.png?resize=800%2C448&#038;ssl=1\" alt=\"\" width=\"800\" height=\"448\" srcset=\"https:\/\/i0.wp.com\/politicosaldesnudo.com.mx\/wp-content\/uploads\/2022\/09\/P-MANIFESTACION-ARGETINA-1.png?resize=1024%2C573&amp;ssl=1 1024w, https:\/\/i0.wp.com\/politicosaldesnudo.com.mx\/wp-content\/uploads\/2022\/09\/P-MANIFESTACION-ARGETINA-1.png?resize=300%2C168&amp;ssl=1 300w, https:\/\/i0.wp.com\/politicosaldesnudo.com.mx\/wp-content\/uploads\/2022\/09\/P-MANIFESTACION-ARGETINA-1.png?resize=768%2C430&amp;ssl=1 768w, https:\/\/i0.wp.com\/politicosaldesnudo.com.mx\/wp-content\/uploads\/2022\/09\/P-MANIFESTACION-ARGETINA-1.png?resize=1536%2C859&amp;ssl=1 1536w, https:\/\/i0.wp.com\/politicosaldesnudo.com.mx\/wp-content\/uploads\/2022\/09\/P-MANIFESTACION-ARGETINA-1.png?w=1816&amp;ssl=1 1816w, https:\/\/i0.wp.com\/politicosaldesnudo.com.mx\/wp-content\/uploads\/2022\/09\/P-MANIFESTACION-ARGETINA-1.png?w=1600&amp;ssl=1 1600w\" sizes=\"auto, (max-width: 800px) 100vw, 800px\" \/><\/p>\n<p>&nbsp;<\/p>\n<p class=\"p1\"><span style=\"font-size: 14pt;\">Hizo referencia a que \u201cdesde hace varios a\u00f1os, un sector min\u00fasculo de la dirigencia pol\u00edtica y de sus medios de comunicaci\u00f3n partidarios repiten un discurso de odio, de negaci\u00f3n del otro, que estigmatiza, criminaliza a cualquier dirigente popular o af\u00edn al peronismo, e incluso de simpatizantes. Todos hemos visto movilizaciones donde activistas de la oposici\u00f3n pasearon por las plazas m\u00e1s importantes de la capital federal con bolsas mortuorias, ata\u00fades o instalaron guillotinas con dedicatorias\u201d.<\/span><\/p>\n<p>&nbsp;<\/p>\n<blockquote>\n<p class=\"p1\"><span style=\"font-size: 14pt;\">no es inocente ni gratuita la legitimaci\u00f3n de discursos extremos, de llamados a la agresi\u00f3n, de planteamientos que niegan legitimidad democr\u00e1tica del adversario pol\u00edtico. Nadie es individualmente responsable por las acciones de otros, pero quienes cedieron minutos de aire a los mensajes de odio deber\u00e1n reflexionar sobre c\u00f3mo han colaborado para que lleguemos hasta esta situaci\u00f3n\u201d<\/span><\/p>\n<\/blockquote>\n<p>&nbsp;<\/p>\n<p class=\"p1\"><span style=\"font-size: 18pt;\"><strong>En la plaza estaban representantes de todos los sectores que concurrieron a la <span style=\"color: #139eca;\">\u201cmarcha en defensa de la democracia\u201d<\/span>, y colaboraron en la redacci\u00f3n de la alocuci\u00f3n de Dar\u00edn, como la dirigencia sindical en su conjunto, los organismos de derechos humanos, y organizaciones sociales y otras.<\/strong><\/span><\/p>\n<p>&nbsp;<\/p>\n<p><img data-recalc-dims=\"1\" loading=\"lazy\" decoding=\"async\" class=\"aligncenter wp-image-9683 size-large\" src=\"https:\/\/i0.wp.com\/politicosaldesnudo.com.mx\/wp-content\/uploads\/2022\/09\/P-MANIFESTACION-ARGETINA-2-1024x573.png?resize=800%2C448&#038;ssl=1\" alt=\"\" width=\"800\" height=\"448\" srcset=\"https:\/\/i0.wp.com\/politicosaldesnudo.com.mx\/wp-content\/uploads\/2022\/09\/P-MANIFESTACION-ARGETINA-2.png?resize=1024%2C573&amp;ssl=1 1024w, https:\/\/i0.wp.com\/politicosaldesnudo.com.mx\/wp-content\/uploads\/2022\/09\/P-MANIFESTACION-ARGETINA-2.png?resize=300%2C168&amp;ssl=1 300w, https:\/\/i0.wp.com\/politicosaldesnudo.com.mx\/wp-content\/uploads\/2022\/09\/P-MANIFESTACION-ARGETINA-2.png?resize=768%2C430&amp;ssl=1 768w, https:\/\/i0.wp.com\/politicosaldesnudo.com.mx\/wp-content\/uploads\/2022\/09\/P-MANIFESTACION-ARGETINA-2.png?resize=1536%2C859&amp;ssl=1 1536w, https:\/\/i0.wp.com\/politicosaldesnudo.com.mx\/wp-content\/uploads\/2022\/09\/P-MANIFESTACION-ARGETINA-2.png?w=1816&amp;ssl=1 1816w, https:\/\/i0.wp.com\/politicosaldesnudo.com.mx\/wp-content\/uploads\/2022\/09\/P-MANIFESTACION-ARGETINA-2.png?w=1600&amp;ssl=1 1600w\" sizes=\"auto, (max-width: 800px) 100vw, 800px\" \/><\/p>\n<p>&nbsp;<\/p>\n<p class=\"p1\"><span style=\"font-size: 18pt;\"><strong><span style=\"color: #139eca;\">Se sumaron a la impresionante movilizaci\u00f3n empresarios y religiosos de todos los credos dejando a un lado las diferencias<\/span>, despu\u00e9s de haber mantenido una reuni\u00f3n horas antes con el presidente argentino, Alberto Fern\u00e1ndez, la vicepresidenta y otros funcionarios.<\/strong><\/span><\/p>\n<p class=\"p1\"><span style=\"font-size: 18pt;\"><strong>El texto refiri\u00f3 que \u201cla solidaridad y el repudio de gobernantes de toda Am\u00e9rica Latina, de Estados Unidos, de Europa y del papa Francisco muestran que el mundo comprende cabalmente la gravedad de lo ocurrido\u201d, al destacar el apoyo del \u201cmovimiento obrero organizado, entidades empresarias, comunidades religiosas, asociaciones culturales y deportivas y dem\u00e1s organizaciones intermedias del pa\u00eds\u201d.<\/strong><\/span><\/p>\n<p class=\"p1\"><span style=\"font-size: 14pt;\">Como no suced\u00eda en tiempos recientes, la diversidad pol\u00edtica que acompa\u00f1\u00f3 al peronismo en estas horas fue otro hecho digno de destacar. Esto se repiti\u00f3 en las capitales de casi todas las provincias y fueron tambi\u00e9n multitudinarias las protestas en Rosario, Santa Fe, Mar del Plata, y otros lugares del pa\u00eds con el acompa\u00f1amiento de los comit\u00e9s de argentinos en el exterior.<\/span><\/p>\n<p><img data-recalc-dims=\"1\" loading=\"lazy\" decoding=\"async\" class=\"aligncenter wp-image-9684 size-large\" src=\"https:\/\/i0.wp.com\/politicosaldesnudo.com.mx\/wp-content\/uploads\/2022\/09\/P-MANIFESTACION-ARGETINA-3-1024x573.png?resize=800%2C448&#038;ssl=1\" alt=\"\" width=\"800\" height=\"448\" srcset=\"https:\/\/i0.wp.com\/politicosaldesnudo.com.mx\/wp-content\/uploads\/2022\/09\/P-MANIFESTACION-ARGETINA-3.png?resize=1024%2C573&amp;ssl=1 1024w, https:\/\/i0.wp.com\/politicosaldesnudo.com.mx\/wp-content\/uploads\/2022\/09\/P-MANIFESTACION-ARGETINA-3.png?resize=300%2C168&amp;ssl=1 300w, https:\/\/i0.wp.com\/politicosaldesnudo.com.mx\/wp-content\/uploads\/2022\/09\/P-MANIFESTACION-ARGETINA-3.png?resize=768%2C430&amp;ssl=1 768w, https:\/\/i0.wp.com\/politicosaldesnudo.com.mx\/wp-content\/uploads\/2022\/09\/P-MANIFESTACION-ARGETINA-3.png?resize=1536%2C859&amp;ssl=1 1536w, https:\/\/i0.wp.com\/politicosaldesnudo.com.mx\/wp-content\/uploads\/2022\/09\/P-MANIFESTACION-ARGETINA-3.png?w=1816&amp;ssl=1 1816w, https:\/\/i0.wp.com\/politicosaldesnudo.com.mx\/wp-content\/uploads\/2022\/09\/P-MANIFESTACION-ARGETINA-3.png?w=1600&amp;ssl=1 1600w\" sizes=\"auto, (max-width: 800px) 100vw, 800px\" \/><\/p>\n<p>&nbsp;<\/p>\n<p class=\"p1\"><span style=\"font-size: 14pt;\">Sin duda es una de la m\u00e1s grandes expresiones multitudinarias, lo que cambi\u00f3 abruptamente el escenario y dej\u00f3 aislados a los opositores del discurso m\u00e1s duro y violento como Patricia Bullrich, presidenta de la derechista Propuesta Republicana (PRO), que responde al ex presidente Mauricio Macri, y que consider\u00f3 que el atentado era una pantomima.<\/span><\/p>\n<p class=\"p1\"><span style=\"font-size: 14pt;\">En tanto, funcionarias, legisladoras, Amnist\u00eda Internacional, el Centro Ana Frank Argentina para Am\u00e9rica Latina y expertos en discursos de odio coincidieron en que el ataque a Fern\u00e1ndez de Kirchner no es atribuible a un hecho aislado, sino a manifestaciones p\u00fablicas que \u201cincitan a la violencia\u201d, y coincidieron en pedir responsabilidad a \u201cl\u00edderes pol\u00edticos y medios\u201d que llevaron a la \u201cdemonizaci\u00f3n\u201d de la figura de la vicepresidenta.<\/span><\/p>\n<p>&nbsp;<\/p>\n<p class=\"p1\"><span style=\"font-size: 18pt; color: #139eca;\"><strong><span style=\"font-family: -apple-system, BlinkMacSystemFont, 'Segoe UI', Roboto, Oxygen-Sans, Ubuntu, Cantarell, 'Helvetica Neue', sans-serif;\">EL ACUSADO<\/span><\/strong><\/span><\/p>\n<p class=\"p1\"><span style=\"font-size: 18pt;\"><strong><span style=\"font-family: -apple-system, BlinkMacSystemFont, 'Segoe UI', Roboto, Oxygen-Sans, Ubuntu, Cantarell, 'Helvetica Neue', sans-serif;\">La jueza federal Mar\u00eda Eugen\u00eda Capuchetti y el fiscal Carlos R\u00edvolo indagaron en la tarde al detenido Fernando Andr\u00e9 Sabag Montiel, que la noche del jueves intent\u00f3 asesinar a la vicepresidenta, cuando saludaba a sus simpatizantes a las afueras de su domicilio en el barrio porte\u00f1o de Recoleta.<\/span><\/strong><\/span><\/p>\n<p>&nbsp;<\/p>\n<p><img data-recalc-dims=\"1\" loading=\"lazy\" decoding=\"async\" class=\"aligncenter wp-image-9636 size-large\" src=\"https:\/\/i0.wp.com\/politicosaldesnudo.com.mx\/wp-content\/uploads\/2022\/09\/P-CRISTINAK-ATAQUE-1-1024x573.png?resize=800%2C448&#038;ssl=1\" alt=\"\" width=\"800\" height=\"448\" srcset=\"https:\/\/i0.wp.com\/politicosaldesnudo.com.mx\/wp-content\/uploads\/2022\/09\/P-CRISTINAK-ATAQUE-1.png?resize=1024%2C573&amp;ssl=1 1024w, https:\/\/i0.wp.com\/politicosaldesnudo.com.mx\/wp-content\/uploads\/2022\/09\/P-CRISTINAK-ATAQUE-1.png?resize=300%2C168&amp;ssl=1 300w, https:\/\/i0.wp.com\/politicosaldesnudo.com.mx\/wp-content\/uploads\/2022\/09\/P-CRISTINAK-ATAQUE-1.png?resize=768%2C430&amp;ssl=1 768w, https:\/\/i0.wp.com\/politicosaldesnudo.com.mx\/wp-content\/uploads\/2022\/09\/P-CRISTINAK-ATAQUE-1.png?resize=1536%2C859&amp;ssl=1 1536w, https:\/\/i0.wp.com\/politicosaldesnudo.com.mx\/wp-content\/uploads\/2022\/09\/P-CRISTINAK-ATAQUE-1.png?w=1816&amp;ssl=1 1816w, https:\/\/i0.wp.com\/politicosaldesnudo.com.mx\/wp-content\/uploads\/2022\/09\/P-CRISTINAK-ATAQUE-1.png?w=1600&amp;ssl=1 1600w\" sizes=\"auto, (max-width: 800px) 100vw, 800px\" \/><\/p>\n<p>&nbsp;<\/p>\n<p class=\"p1\"><span style=\"font-size: 14pt;\">En la ma\u00f1ana, la misma jueza realiz\u00f3 diligencias con la vicepresidenta en su casa, de donde sali\u00f3 en la tarde de este viernes con rumbo desconocido.<\/span><\/p>\n<p class=\"p1\"><span style=\"font-size: 18pt;\"><strong>Como un hecho singular, trascendi\u00f3 que <span style=\"color: #139eca;\">Fern\u00e1ndez de Kirchner estaba por firmar un libro de su autor\u00eda<\/span>, a pedido de uno de sus seguidores que se mantienen en vigilia, y se le cay\u00f3, por lo cual se agach\u00f3 y <span style=\"color: #139eca;\">no vio la pistola a pocos cent\u00edmetros de su cara<\/span>. Observ\u00f3 un tumulto y cuando entr\u00f3 a su casa prendi\u00f3 la televisi\u00f3n en el momento en el que reproduc\u00edan el video que conmovi\u00f3 al mundo. All\u00ed se dio cuenta de la raz\u00f3n de los rostros desesperados de sus acompa\u00f1antes.<\/strong><\/span><\/p>\n<p>&nbsp;<\/p>\n<p><img data-recalc-dims=\"1\" loading=\"lazy\" decoding=\"async\" class=\"aligncenter wp-image-9686 size-large\" src=\"https:\/\/i0.wp.com\/politicosaldesnudo.com.mx\/wp-content\/uploads\/2022\/09\/P-ACUSADO-ARGENTINA-1024x573.png?resize=800%2C448&#038;ssl=1\" alt=\"\" width=\"800\" height=\"448\" srcset=\"https:\/\/i0.wp.com\/politicosaldesnudo.com.mx\/wp-content\/uploads\/2022\/09\/P-ACUSADO-ARGENTINA.png?resize=1024%2C573&amp;ssl=1 1024w, https:\/\/i0.wp.com\/politicosaldesnudo.com.mx\/wp-content\/uploads\/2022\/09\/P-ACUSADO-ARGENTINA.png?resize=300%2C168&amp;ssl=1 300w, https:\/\/i0.wp.com\/politicosaldesnudo.com.mx\/wp-content\/uploads\/2022\/09\/P-ACUSADO-ARGENTINA.png?resize=768%2C430&amp;ssl=1 768w, https:\/\/i0.wp.com\/politicosaldesnudo.com.mx\/wp-content\/uploads\/2022\/09\/P-ACUSADO-ARGENTINA.png?resize=1536%2C859&amp;ssl=1 1536w, https:\/\/i0.wp.com\/politicosaldesnudo.com.mx\/wp-content\/uploads\/2022\/09\/P-ACUSADO-ARGENTINA.png?w=1816&amp;ssl=1 1816w, https:\/\/i0.wp.com\/politicosaldesnudo.com.mx\/wp-content\/uploads\/2022\/09\/P-ACUSADO-ARGENTINA.png?w=1600&amp;ssl=1 1600w\" sizes=\"auto, (max-width: 800px) 100vw, 800px\" \/><\/p>\n<p>&nbsp;<\/p>\n<p class=\"p1\"><span style=\"font-size: 18pt;\"><strong>La jueza investiga si el imputado, que se neg\u00f3 a declarar, actu\u00f3 solo o si respond\u00eda a \u00f3rdenes. Ya se hab\u00eda confirmado que el arma que utiliz\u00f3 el acusado est\u00e1 \u201capta para disparar\u201d. El expediente se ha integrado como \u201chomicidio calificado en grado de tentativa\u201d. Sabag Montiel, de 35 a\u00f1os, naci\u00f3 en Brasil, hijo de una argentina y un chileno, con antecedentes delictivos.<\/strong><\/span><\/p>\n<p class=\"p1\"><span style=\"font-size: 14pt;\">Este viernes tambi\u00e9n hablaron con la prensa los testigos del atentado, militantes que rodeaban a la vicepresidenta y quienes detuvieron y entregaron a la polic\u00eda federal al hombre que dispar\u00f3, y vieron horrorizados la pistola apuntando y el gatillo que fue apretado dos veces, pero que no dispar\u00f3 ning\u00fan proyectil.<\/span><\/p>\n<p class=\"p1\"><span style=\"font-size: 14pt;\">Tambi\u00e9n se est\u00e1n buscando c\u00e1maras de seguridad y la jueza visit\u00f3 a varios vecinos de la vicepresidenta desde cuyos balcones la polic\u00eda municipal, que actu\u00f3 en los graves incidentes del s\u00e1bado pasado, tom\u00f3 fotos de los manifestantes que cuidaban el edificio donde vive Fern\u00e1ndez de Kirchner. La togada y el fiscal Carlos R\u00edvolo tienen m\u00e1s de 30 testimonios.<\/span><\/p>\n<p class=\"p1\"><span style=\"font-size: 14pt;\">Sin embargo, hay mucho por investigar. Reportajes de medios locales se\u00f1alaron que Sabag Montiel ten\u00eda por los menos otros dos departamentos alquilados, y que viajaba a Uruguay. Un amigo de la ni\u00f1ez lo describi\u00f3 como \u201cmanipulador y mentiroso\u201d. El tatuaje de su brazo es una especie de sol como el que usan los neonazis en Ucrania y en otros lugares.<\/span><\/p>\n<p>&nbsp;<\/p>\n<p>&nbsp;<\/p>\n<p>&nbsp;<\/p>\n<p>&nbsp;<\/p>\n<p>&nbsp;<\/p>\n","protected":false},"excerpt":{"rendered":"<p>&nbsp; BUENOS AIRES, ARGENTINA. Ante una multitud calculada en medio mill\u00f3n de manifestantes que se extendi\u00f3 por la hist\u00f3rica Plaza<\/p>\n","protected":false},"author":4,"featured_media":9685,"comment_status":"closed","ping_status":"closed","sticky":false,"template":"","format":"standard","meta":{"colormag_page_container_layout":"default_layout","colormag_page_sidebar_layout":"default_layout","_jetpack_memberships_contains_paid_content":false,"footnotes":"","jetpack_publicize_message":"","jetpack_publicize_feature_enabled":true,"jetpack_social_post_already_shared":false,"jetpack_social_options":{"image_generator_settings":{"template":"highway","default_image_id":0,"font":"","enabled":false},"version":2}},"categories":[28],"tags":[117,1344,239,1244],"class_list":["post-9681","post","type-post","status-publish","format-standard","has-post-thumbnail","hentry","category-internacional","tag-argentina","tag-cristina-fernandez","tag-manifestacion","tag-violencia-politica"],"jetpack_publicize_connections":[],"jetpack_featured_media_url":"https:\/\/i0.wp.com\/politicosaldesnudo.com.mx\/wp-content\/uploads\/2022\/09\/P-MANIFESTACION-ARGETINA-4.png?fit=1816%2C1016&ssl=1","jetpack-related-posts":[],"jetpack_sharing_enabled":true,"_links":{"self":[{"href":"https:\/\/politicosaldesnudo.com.mx\/index.php\/wp-json\/wp\/v2\/posts\/9681","targetHints":{"allow":["GET"]}}],"collection":[{"href":"https:\/\/politicosaldesnudo.com.mx\/index.php\/wp-json\/wp\/v2\/posts"}],"about":[{"href":"https:\/\/politicosaldesnudo.com.mx\/index.php\/wp-json\/wp\/v2\/types\/post"}],"author":[{"embeddable":true,"href":"https:\/\/politicosaldesnudo.com.mx\/index.php\/wp-json\/wp\/v2\/users\/4"}],"replies":[{"embeddable":true,"href":"https:\/\/politicosaldesnudo.com.mx\/index.php\/wp-json\/wp\/v2\/comments?post=9681"}],"version-history":[{"count":0,"href":"https:\/\/politicosaldesnudo.com.mx\/index.php\/wp-json\/wp\/v2\/posts\/9681\/revisions"}],"wp:featuredmedia":[{"embeddable":true,"href":"https:\/\/politicosaldesnudo.com.mx\/index.php\/wp-json\/wp\/v2\/media\/9685"}],"wp:attachment":[{"href":"https:\/\/politicosaldesnudo.com.mx\/index.php\/wp-json\/wp\/v2\/media?parent=9681"}],"wp:term":[{"taxonomy":"category","embeddable":true,"href":"https:\/\/politicosaldesnudo.com.mx\/index.php\/wp-json\/wp\/v2\/categories?post=9681"},{"taxonomy":"post_tag","embeddable":true,"href":"https:\/\/politicosaldesnudo.com.mx\/index.php\/wp-json\/wp\/v2\/tags?post=9681"}],"curies":[{"name":"wp","href":"https:\/\/api.w.org\/{rel}","templated":true}]}}