{"id":9701,"date":"2022-09-04T23:09:09","date_gmt":"2022-09-05T04:09:09","guid":{"rendered":"https:\/\/politicosaldesnudo.com.mx\/?p=9701"},"modified":"2022-09-04T23:09:09","modified_gmt":"2022-09-05T04:09:09","slug":"grandes-resultados-tequio-por-mi-escuela-llega-a-3-escuelas-y-a-cuartel-de-la-guardia-nacional","status":"publish","type":"post","link":"https:\/\/politicosaldesnudo.com.mx\/index.php\/2022\/09\/04\/grandes-resultados-tequio-por-mi-escuela-llega-a-3-escuelas-y-a-cuartel-de-la-guardia-nacional\/","title":{"rendered":"Grandes resultados: \u201cTequio por Mi Escuela\u201d llega a 3 escuelas y a cuartel de la Guardia Nacional"},"content":{"rendered":"<p class=\"p1\">\n<p>&nbsp;<\/p>\n<p class=\"p1\"><span style=\"font-size: 18pt;\"><strong>&lt;&lt; Siguiendo el ejemplo de Cuitl\u00e1huac Garc\u00eda Jim\u00e9nez, el alcalde Jos\u00e9 Manuel Pozos encabez\u00f3 las tareas de limpieza y rehabilitaci\u00f3n &gt;&gt;<\/strong><\/span><\/p>\n<p class=\"p1\"><span style=\"font-size: 18pt;\"><strong>&lt;&lt; Sedena, Semar, Gobierno de Tuxpan, magisterio y sociedad civil participaron en esta intensa jornada de trabajo &gt;&gt;<\/strong><\/span><\/p>\n<p>&nbsp;<\/p>\n<p class=\"p1\"><span style=\"font-size: 14pt;\"><em><strong>TUXPAN, VERACRUZ.<\/strong><\/em> Con la participaci\u00f3n de dependencias de los tres niveles de Gobierno, autoridades educativas y la sociedad civil, se <strong>logr\u00f3 algo impresionante en solo un d\u00eda: la rehabilitaci\u00f3n y limpieza de 3 escuelas y el exterior del cuartel de Guardia Nacional.<\/strong><\/span><\/p>\n<p class=\"p1\"><span style=\"font-size: 14pt;\">Despu\u00e9s de una intensa jornada que inici\u00f3 a temprana hora, el presidente municipal Jos\u00e9 Manuel Pozos Castro expres\u00f3 sentirse muy feliz de los resultados logrados en las escuelas Centro Regional de Educaci\u00f3n Normal Gonzalo Aguirre Beltr\u00e1n (CREN), Primaria Minerva, de Cobos y la Primaria Ford 192, de Santiago de la Pe\u00f1a.<\/span><\/p>\n<p>&nbsp;<\/p>\n<p><img data-recalc-dims=\"1\" loading=\"lazy\" decoding=\"async\" class=\"aligncenter wp-image-9702 size-large\" src=\"https:\/\/i0.wp.com\/politicosaldesnudo.com.mx\/wp-content\/uploads\/2022\/09\/P-TEQUIO-GNTUXPAN-1-1024x573.png?resize=800%2C448&#038;ssl=1\" alt=\"\" width=\"800\" height=\"448\" srcset=\"https:\/\/i0.wp.com\/politicosaldesnudo.com.mx\/wp-content\/uploads\/2022\/09\/P-TEQUIO-GNTUXPAN-1.png?resize=1024%2C573&amp;ssl=1 1024w, https:\/\/i0.wp.com\/politicosaldesnudo.com.mx\/wp-content\/uploads\/2022\/09\/P-TEQUIO-GNTUXPAN-1.png?resize=300%2C168&amp;ssl=1 300w, https:\/\/i0.wp.com\/politicosaldesnudo.com.mx\/wp-content\/uploads\/2022\/09\/P-TEQUIO-GNTUXPAN-1.png?resize=768%2C430&amp;ssl=1 768w, https:\/\/i0.wp.com\/politicosaldesnudo.com.mx\/wp-content\/uploads\/2022\/09\/P-TEQUIO-GNTUXPAN-1.png?resize=1536%2C859&amp;ssl=1 1536w, https:\/\/i0.wp.com\/politicosaldesnudo.com.mx\/wp-content\/uploads\/2022\/09\/P-TEQUIO-GNTUXPAN-1.png?w=1816&amp;ssl=1 1816w, https:\/\/i0.wp.com\/politicosaldesnudo.com.mx\/wp-content\/uploads\/2022\/09\/P-TEQUIO-GNTUXPAN-1.png?w=1600&amp;ssl=1 1600w\" sizes=\"auto, (max-width: 800px) 100vw, 800px\" \/><\/p>\n<p>&nbsp;<\/p>\n<p class=\"p1\"><span style=\"font-size: 14pt;\">Aun con lluvia, se hizo \u201cTequio\u201d por mi Escuela siguiendo el ejemplo del gobernador Cuitl\u00e1huac Garc\u00eda Jim\u00e9nez y del Secretario de Educaci\u00f3n de Veracruz, Zenyazen Escobar Garc\u00eda.<\/span><\/p>\n<blockquote>\n<p class=\"p1\"><span style=\"font-size: 14pt;\">Mi agradecimiento a la Secretar\u00eda de Marina, Secretar\u00eda de la Defensa Nacional, Guardia Nacional, directores de escuelas, padres de familia y maestros que se sumaron al trabajo en su d\u00eda de descanso\u201d, expres\u00f3 Jos\u00e9 Manuel Pozos.<\/span><\/p>\n<\/blockquote>\n<p>&nbsp;<\/p>\n<p><img data-recalc-dims=\"1\" loading=\"lazy\" decoding=\"async\" class=\"aligncenter wp-image-9710 size-large\" src=\"https:\/\/i0.wp.com\/politicosaldesnudo.com.mx\/wp-content\/uploads\/2022\/09\/P-TEQUIO-GNTUXPAN-9-1024x573.png?resize=800%2C448&#038;ssl=1\" alt=\"\" width=\"800\" height=\"448\" srcset=\"https:\/\/i0.wp.com\/politicosaldesnudo.com.mx\/wp-content\/uploads\/2022\/09\/P-TEQUIO-GNTUXPAN-9.png?resize=1024%2C573&amp;ssl=1 1024w, https:\/\/i0.wp.com\/politicosaldesnudo.com.mx\/wp-content\/uploads\/2022\/09\/P-TEQUIO-GNTUXPAN-9.png?resize=300%2C168&amp;ssl=1 300w, https:\/\/i0.wp.com\/politicosaldesnudo.com.mx\/wp-content\/uploads\/2022\/09\/P-TEQUIO-GNTUXPAN-9.png?resize=768%2C430&amp;ssl=1 768w, https:\/\/i0.wp.com\/politicosaldesnudo.com.mx\/wp-content\/uploads\/2022\/09\/P-TEQUIO-GNTUXPAN-9.png?resize=1536%2C859&amp;ssl=1 1536w, https:\/\/i0.wp.com\/politicosaldesnudo.com.mx\/wp-content\/uploads\/2022\/09\/P-TEQUIO-GNTUXPAN-9.png?w=1816&amp;ssl=1 1816w, https:\/\/i0.wp.com\/politicosaldesnudo.com.mx\/wp-content\/uploads\/2022\/09\/P-TEQUIO-GNTUXPAN-9.png?w=1600&amp;ssl=1 1600w\" sizes=\"auto, (max-width: 800px) 100vw, 800px\" \/><\/p>\n<p>&nbsp;<\/p>\n<p class=\"p1\"><span style=\"font-size: 18pt;\"><strong>En el CREN se logr\u00f3 limpiar una extensa zona cubierta de maleza que se extend\u00eda por m\u00e1s de media hect\u00e1rea. Aqu\u00ed se utiliz\u00f3 maquinaria pesada y decenas de voluntarios.<\/strong><\/span><\/p>\n<p>&nbsp;<\/p>\n<p><img data-recalc-dims=\"1\" loading=\"lazy\" decoding=\"async\" class=\"aligncenter wp-image-9706 size-large\" src=\"https:\/\/i0.wp.com\/politicosaldesnudo.com.mx\/wp-content\/uploads\/2022\/09\/P-TEQUIO-GNTUXPAN-5-1024x573.png?resize=800%2C448&#038;ssl=1\" alt=\"\" width=\"800\" height=\"448\" srcset=\"https:\/\/i0.wp.com\/politicosaldesnudo.com.mx\/wp-content\/uploads\/2022\/09\/P-TEQUIO-GNTUXPAN-5.png?resize=1024%2C573&amp;ssl=1 1024w, https:\/\/i0.wp.com\/politicosaldesnudo.com.mx\/wp-content\/uploads\/2022\/09\/P-TEQUIO-GNTUXPAN-5.png?resize=300%2C168&amp;ssl=1 300w, https:\/\/i0.wp.com\/politicosaldesnudo.com.mx\/wp-content\/uploads\/2022\/09\/P-TEQUIO-GNTUXPAN-5.png?resize=768%2C430&amp;ssl=1 768w, https:\/\/i0.wp.com\/politicosaldesnudo.com.mx\/wp-content\/uploads\/2022\/09\/P-TEQUIO-GNTUXPAN-5.png?resize=1536%2C859&amp;ssl=1 1536w, https:\/\/i0.wp.com\/politicosaldesnudo.com.mx\/wp-content\/uploads\/2022\/09\/P-TEQUIO-GNTUXPAN-5.png?w=1816&amp;ssl=1 1816w, https:\/\/i0.wp.com\/politicosaldesnudo.com.mx\/wp-content\/uploads\/2022\/09\/P-TEQUIO-GNTUXPAN-5.png?w=1600&amp;ssl=1 1600w\" sizes=\"auto, (max-width: 800px) 100vw, 800px\" \/><\/p>\n<p>&nbsp;<\/p>\n<p class=\"p1\"><span style=\"font-size: 18pt;\"><strong>En la Escuela Primaria Minerva, de Cobos, el director del plantel Profr. Antonio Ruiz Azuara expres\u00f3 su agradecimiento al alcalde Jos\u00e9 Manuel Pozos Castro y a todo el Cabildo, pues apenas 72 horas antes, en Sesi\u00f3n de Cabildo abierto, hab\u00eda solicitado el apoyo y hoy lleg\u00f3 toda la ayuda.<\/strong><\/span><\/p>\n<p>&nbsp;<\/p>\n<p><img data-recalc-dims=\"1\" loading=\"lazy\" decoding=\"async\" class=\"aligncenter wp-image-9708 size-large\" src=\"https:\/\/i0.wp.com\/politicosaldesnudo.com.mx\/wp-content\/uploads\/2022\/09\/P-TEQUIO-GNTUXPAN-7-1024x573.png?resize=800%2C448&#038;ssl=1\" alt=\"\" width=\"800\" height=\"448\" srcset=\"https:\/\/i0.wp.com\/politicosaldesnudo.com.mx\/wp-content\/uploads\/2022\/09\/P-TEQUIO-GNTUXPAN-7.png?resize=1024%2C573&amp;ssl=1 1024w, https:\/\/i0.wp.com\/politicosaldesnudo.com.mx\/wp-content\/uploads\/2022\/09\/P-TEQUIO-GNTUXPAN-7.png?resize=300%2C168&amp;ssl=1 300w, https:\/\/i0.wp.com\/politicosaldesnudo.com.mx\/wp-content\/uploads\/2022\/09\/P-TEQUIO-GNTUXPAN-7.png?resize=768%2C430&amp;ssl=1 768w, https:\/\/i0.wp.com\/politicosaldesnudo.com.mx\/wp-content\/uploads\/2022\/09\/P-TEQUIO-GNTUXPAN-7.png?resize=1536%2C859&amp;ssl=1 1536w, https:\/\/i0.wp.com\/politicosaldesnudo.com.mx\/wp-content\/uploads\/2022\/09\/P-TEQUIO-GNTUXPAN-7.png?w=1816&amp;ssl=1 1816w, https:\/\/i0.wp.com\/politicosaldesnudo.com.mx\/wp-content\/uploads\/2022\/09\/P-TEQUIO-GNTUXPAN-7.png?w=1600&amp;ssl=1 1600w\" sizes=\"auto, (max-width: 800px) 100vw, 800px\" \/><\/p>\n<p>&nbsp;<\/p>\n<p class=\"p1\"><span style=\"font-size: 18pt;\"><strong>En este plantel tambi\u00e9n iniciaron trabajos de demolici\u00f3n, porque el ala de un edificio escolar representaba un peligro. Tambi\u00e9n se retir\u00f3 un enorme \u00e1rbol que cay\u00f3 sobre la barda del plantel y amenazaba una vivienda.<\/strong><\/span><\/p>\n<p>&nbsp;<\/p>\n<p><img data-recalc-dims=\"1\" loading=\"lazy\" decoding=\"async\" class=\"aligncenter wp-image-9709 size-large\" src=\"https:\/\/i0.wp.com\/politicosaldesnudo.com.mx\/wp-content\/uploads\/2022\/09\/P-TEQUIO-GNTUXPAN-8-1024x573.png?resize=800%2C448&#038;ssl=1\" alt=\"\" width=\"800\" height=\"448\" srcset=\"https:\/\/i0.wp.com\/politicosaldesnudo.com.mx\/wp-content\/uploads\/2022\/09\/P-TEQUIO-GNTUXPAN-8.png?resize=1024%2C573&amp;ssl=1 1024w, https:\/\/i0.wp.com\/politicosaldesnudo.com.mx\/wp-content\/uploads\/2022\/09\/P-TEQUIO-GNTUXPAN-8.png?resize=300%2C168&amp;ssl=1 300w, https:\/\/i0.wp.com\/politicosaldesnudo.com.mx\/wp-content\/uploads\/2022\/09\/P-TEQUIO-GNTUXPAN-8.png?resize=768%2C430&amp;ssl=1 768w, https:\/\/i0.wp.com\/politicosaldesnudo.com.mx\/wp-content\/uploads\/2022\/09\/P-TEQUIO-GNTUXPAN-8.png?resize=1536%2C859&amp;ssl=1 1536w, https:\/\/i0.wp.com\/politicosaldesnudo.com.mx\/wp-content\/uploads\/2022\/09\/P-TEQUIO-GNTUXPAN-8.png?w=1816&amp;ssl=1 1816w, https:\/\/i0.wp.com\/politicosaldesnudo.com.mx\/wp-content\/uploads\/2022\/09\/P-TEQUIO-GNTUXPAN-8.png?w=1600&amp;ssl=1 1600w\" sizes=\"auto, (max-width: 800px) 100vw, 800px\" \/><\/p>\n<p>&nbsp;<\/p>\n<p class=\"p1\"><span style=\"font-size: 14pt;\">En la Primaria Ford 192, de Santiago de la Pe\u00f1a, el director Carlos del Callejo Rivera y los padres de familia dieron las gracias al Gobierno de Tuxpan, a la Secretar\u00eda de Marina, Sedena y SSP municipal por el trabajo coordinado que realizaron en la instituci\u00f3n.<\/span><\/p>\n<p class=\"p1\"><span style=\"font-size: 18pt;\"><strong>El programa \u201cTequio por mi Escuela\u201d lleg\u00f3 para quedarse en Tuxpan y cada semana se estar\u00e1n programando acciones en los planteles educativos.<\/strong><\/span><\/p>\n<p>&nbsp;<\/p>\n<p><img data-recalc-dims=\"1\" loading=\"lazy\" decoding=\"async\" class=\"aligncenter wp-image-9705 size-large\" src=\"https:\/\/i0.wp.com\/politicosaldesnudo.com.mx\/wp-content\/uploads\/2022\/09\/P-TEQUIO-GNTUXPAN-4-1024x573.png?resize=800%2C448&#038;ssl=1\" alt=\"\" width=\"800\" height=\"448\" srcset=\"https:\/\/i0.wp.com\/politicosaldesnudo.com.mx\/wp-content\/uploads\/2022\/09\/P-TEQUIO-GNTUXPAN-4.png?resize=1024%2C573&amp;ssl=1 1024w, https:\/\/i0.wp.com\/politicosaldesnudo.com.mx\/wp-content\/uploads\/2022\/09\/P-TEQUIO-GNTUXPAN-4.png?resize=300%2C168&amp;ssl=1 300w, https:\/\/i0.wp.com\/politicosaldesnudo.com.mx\/wp-content\/uploads\/2022\/09\/P-TEQUIO-GNTUXPAN-4.png?resize=768%2C430&amp;ssl=1 768w, https:\/\/i0.wp.com\/politicosaldesnudo.com.mx\/wp-content\/uploads\/2022\/09\/P-TEQUIO-GNTUXPAN-4.png?resize=1536%2C859&amp;ssl=1 1536w, https:\/\/i0.wp.com\/politicosaldesnudo.com.mx\/wp-content\/uploads\/2022\/09\/P-TEQUIO-GNTUXPAN-4.png?w=1816&amp;ssl=1 1816w, https:\/\/i0.wp.com\/politicosaldesnudo.com.mx\/wp-content\/uploads\/2022\/09\/P-TEQUIO-GNTUXPAN-4.png?w=1600&amp;ssl=1 1600w\" sizes=\"auto, (max-width: 800px) 100vw, 800px\" \/><\/p>\n<p>&nbsp;<\/p>\n<p class=\"p1\"><span style=\"font-size: 18pt;\"><strong>Jos\u00e9 Manuel Pozos puntualiz\u00f3 que para lograr la transformaci\u00f3n que Tuxpan requiere se debe brindar atenci\u00f3n prioritaria al sector educativo, pues solo as\u00ed se podr\u00e1n formar ciudadanos comprometidos con nuestra ciudad y nuestro pa\u00eds.<span class=\"Apple-converted-space\">\u00a0 \u00a0 \u00a0<\/span><\/strong><\/span><\/p>\n<p>&nbsp;<\/p>\n<p><img data-recalc-dims=\"1\" loading=\"lazy\" decoding=\"async\" class=\"aligncenter wp-image-9711 size-large\" src=\"https:\/\/i0.wp.com\/politicosaldesnudo.com.mx\/wp-content\/uploads\/2022\/09\/P-TEQUIO-GNTUXPAN-10-1024x573.png?resize=800%2C448&#038;ssl=1\" alt=\"\" width=\"800\" height=\"448\" srcset=\"https:\/\/i0.wp.com\/politicosaldesnudo.com.mx\/wp-content\/uploads\/2022\/09\/P-TEQUIO-GNTUXPAN-10.png?resize=1024%2C573&amp;ssl=1 1024w, https:\/\/i0.wp.com\/politicosaldesnudo.com.mx\/wp-content\/uploads\/2022\/09\/P-TEQUIO-GNTUXPAN-10.png?resize=300%2C168&amp;ssl=1 300w, https:\/\/i0.wp.com\/politicosaldesnudo.com.mx\/wp-content\/uploads\/2022\/09\/P-TEQUIO-GNTUXPAN-10.png?resize=768%2C430&amp;ssl=1 768w, https:\/\/i0.wp.com\/politicosaldesnudo.com.mx\/wp-content\/uploads\/2022\/09\/P-TEQUIO-GNTUXPAN-10.png?resize=1536%2C859&amp;ssl=1 1536w, https:\/\/i0.wp.com\/politicosaldesnudo.com.mx\/wp-content\/uploads\/2022\/09\/P-TEQUIO-GNTUXPAN-10.png?w=1816&amp;ssl=1 1816w, https:\/\/i0.wp.com\/politicosaldesnudo.com.mx\/wp-content\/uploads\/2022\/09\/P-TEQUIO-GNTUXPAN-10.png?w=1600&amp;ssl=1 1600w\" sizes=\"auto, (max-width: 800px) 100vw, 800px\" \/><\/p>\n<p>&nbsp;<\/p>\n<blockquote>\n<p class=\"p1\"><span style=\"font-size: 14pt;\"><span class=\"Apple-converted-space\">\u00a0<\/span>Hoy demostramos que cuando trabajamos unidos podemos transformar cualquier realidad, mejorar la calidad de vida de las personas y despertar la esperanza\u201d<\/span><\/p>\n<\/blockquote>\n<p>&nbsp;<\/p>\n<p><img data-recalc-dims=\"1\" loading=\"lazy\" decoding=\"async\" class=\"aligncenter wp-image-9707 size-large\" src=\"https:\/\/i0.wp.com\/politicosaldesnudo.com.mx\/wp-content\/uploads\/2022\/09\/P-TEQUIO-GNTUXPAN-6-1024x573.png?resize=800%2C448&#038;ssl=1\" alt=\"\" width=\"800\" height=\"448\" srcset=\"https:\/\/i0.wp.com\/politicosaldesnudo.com.mx\/wp-content\/uploads\/2022\/09\/P-TEQUIO-GNTUXPAN-6.png?resize=1024%2C573&amp;ssl=1 1024w, https:\/\/i0.wp.com\/politicosaldesnudo.com.mx\/wp-content\/uploads\/2022\/09\/P-TEQUIO-GNTUXPAN-6.png?resize=300%2C168&amp;ssl=1 300w, https:\/\/i0.wp.com\/politicosaldesnudo.com.mx\/wp-content\/uploads\/2022\/09\/P-TEQUIO-GNTUXPAN-6.png?resize=768%2C430&amp;ssl=1 768w, https:\/\/i0.wp.com\/politicosaldesnudo.com.mx\/wp-content\/uploads\/2022\/09\/P-TEQUIO-GNTUXPAN-6.png?resize=1536%2C859&amp;ssl=1 1536w, https:\/\/i0.wp.com\/politicosaldesnudo.com.mx\/wp-content\/uploads\/2022\/09\/P-TEQUIO-GNTUXPAN-6.png?w=1816&amp;ssl=1 1816w, https:\/\/i0.wp.com\/politicosaldesnudo.com.mx\/wp-content\/uploads\/2022\/09\/P-TEQUIO-GNTUXPAN-6.png?w=1600&amp;ssl=1 1600w\" sizes=\"auto, (max-width: 800px) 100vw, 800px\" \/><\/p>\n<p>&nbsp;<\/p>\n<p><img data-recalc-dims=\"1\" loading=\"lazy\" decoding=\"async\" class=\"aligncenter wp-image-9704 size-large\" src=\"https:\/\/i0.wp.com\/politicosaldesnudo.com.mx\/wp-content\/uploads\/2022\/09\/P-TEQUIO-GNTUXPAN-3-1024x573.png?resize=800%2C448&#038;ssl=1\" alt=\"\" width=\"800\" height=\"448\" srcset=\"https:\/\/i0.wp.com\/politicosaldesnudo.com.mx\/wp-content\/uploads\/2022\/09\/P-TEQUIO-GNTUXPAN-3.png?resize=1024%2C573&amp;ssl=1 1024w, https:\/\/i0.wp.com\/politicosaldesnudo.com.mx\/wp-content\/uploads\/2022\/09\/P-TEQUIO-GNTUXPAN-3.png?resize=300%2C168&amp;ssl=1 300w, https:\/\/i0.wp.com\/politicosaldesnudo.com.mx\/wp-content\/uploads\/2022\/09\/P-TEQUIO-GNTUXPAN-3.png?resize=768%2C430&amp;ssl=1 768w, https:\/\/i0.wp.com\/politicosaldesnudo.com.mx\/wp-content\/uploads\/2022\/09\/P-TEQUIO-GNTUXPAN-3.png?resize=1536%2C859&amp;ssl=1 1536w, https:\/\/i0.wp.com\/politicosaldesnudo.com.mx\/wp-content\/uploads\/2022\/09\/P-TEQUIO-GNTUXPAN-3.png?w=1816&amp;ssl=1 1816w, https:\/\/i0.wp.com\/politicosaldesnudo.com.mx\/wp-content\/uploads\/2022\/09\/P-TEQUIO-GNTUXPAN-3.png?w=1600&amp;ssl=1 1600w\" sizes=\"auto, (max-width: 800px) 100vw, 800px\" \/><\/p>\n<p>&nbsp;<\/p>\n<p>&nbsp;<\/p>\n<p>&nbsp;<\/p>\n<p>&nbsp;<\/p>\n<p>&nbsp;<\/p>\n<p>&nbsp;<\/p>\n","protected":false},"excerpt":{"rendered":"<p>&nbsp; &lt;&lt; Siguiendo el ejemplo de Cuitl\u00e1huac Garc\u00eda Jim\u00e9nez, el alcalde Jos\u00e9 Manuel Pozos encabez\u00f3 las tareas de limpieza y<\/p>\n","protected":false},"author":4,"featured_media":9703,"comment_status":"closed","ping_status":"closed","sticky":false,"template":"","format":"standard","meta":{"colormag_page_container_layout":"default_layout","colormag_page_sidebar_layout":"default_layout","_jetpack_memberships_contains_paid_content":false,"footnotes":"","jetpack_publicize_message":"","jetpack_publicize_feature_enabled":true,"jetpack_social_post_already_shared":false,"jetpack_social_options":{"image_generator_settings":{"template":"highway","default_image_id":0,"font":"","enabled":false},"version":2}},"categories":[1082],"tags":[529,576,1147,808,1374,70,100],"class_list":["post-9701","post","type-post","status-publish","format-standard","has-post-thumbnail","hentry","category-tuxpan","tag-guardia-nacional","tag-jose-manuel-pozos","tag-marina","tag-sedena","tag-tequio-por-mi-escuela","tag-tuxpan","tag-veracruz"],"jetpack_publicize_connections":[],"jetpack_featured_media_url":"https:\/\/i0.wp.com\/politicosaldesnudo.com.mx\/wp-content\/uploads\/2022\/09\/P-TEQUIO-GNTUXPAN-2.png?fit=1816%2C1016&ssl=1","jetpack-related-posts":[],"jetpack_sharing_enabled":true,"_links":{"self":[{"href":"https:\/\/politicosaldesnudo.com.mx\/index.php\/wp-json\/wp\/v2\/posts\/9701","targetHints":{"allow":["GET"]}}],"collection":[{"href":"https:\/\/politicosaldesnudo.com.mx\/index.php\/wp-json\/wp\/v2\/posts"}],"about":[{"href":"https:\/\/politicosaldesnudo.com.mx\/index.php\/wp-json\/wp\/v2\/types\/post"}],"author":[{"embeddable":true,"href":"https:\/\/politicosaldesnudo.com.mx\/index.php\/wp-json\/wp\/v2\/users\/4"}],"replies":[{"embeddable":true,"href":"https:\/\/politicosaldesnudo.com.mx\/index.php\/wp-json\/wp\/v2\/comments?post=9701"}],"version-history":[{"count":0,"href":"https:\/\/politicosaldesnudo.com.mx\/index.php\/wp-json\/wp\/v2\/posts\/9701\/revisions"}],"wp:featuredmedia":[{"embeddable":true,"href":"https:\/\/politicosaldesnudo.com.mx\/index.php\/wp-json\/wp\/v2\/media\/9703"}],"wp:attachment":[{"href":"https:\/\/politicosaldesnudo.com.mx\/index.php\/wp-json\/wp\/v2\/media?parent=9701"}],"wp:term":[{"taxonomy":"category","embeddable":true,"href":"https:\/\/politicosaldesnudo.com.mx\/index.php\/wp-json\/wp\/v2\/categories?post=9701"},{"taxonomy":"post_tag","embeddable":true,"href":"https:\/\/politicosaldesnudo.com.mx\/index.php\/wp-json\/wp\/v2\/tags?post=9701"}],"curies":[{"name":"wp","href":"https:\/\/api.w.org\/{rel}","templated":true}]}}