{"id":9752,"date":"2022-09-05T02:00:38","date_gmt":"2022-09-05T07:00:38","guid":{"rendered":"https:\/\/politicosaldesnudo.com.mx\/?p=9752"},"modified":"2022-09-05T07:51:51","modified_gmt":"2022-09-05T12:51:51","slug":"fayad-llego-12-anos-tarde-y-morena-le-regatea-a-menchaca","status":"publish","type":"post","link":"https:\/\/politicosaldesnudo.com.mx\/index.php\/2022\/09\/05\/fayad-llego-12-anos-tarde-y-morena-le-regatea-a-menchaca\/","title":{"rendered":"Fayad lleg\u00f3 12 a\u00f1os tarde y Morena le regatea a Menchaca"},"content":{"rendered":"<p class=\"p1\">\n<p class=\"p1\"><span style=\"font-size: 18pt;\"><b>Por Jos\u00e9 Ure\u00f1a<\/b><\/span><\/p>\n<p class=\"p1\"><span style=\"font-size: 14pt;\">Hoy se termina una larga historia priista. Un expriista y hechura de la clase priista, Julio Menchaca, asumir\u00e1 en \u00e1rea p\u00fablica a las 11 de la ma\u00f1ana la gubernatura de Hidalgo.<\/span><\/p>\n<p class=\"p1\"><span style=\"font-size: 14pt;\">Sucede a Omar Fayad, \u00faltimo gobernador priista y quien lleg\u00f3 12 a\u00f1os tarde por un acuerdo cupular precisamente de la misma clase priista.<\/span><\/p>\n<p class=\"p1\"><span style=\"font-size: 14pt;\">S\u00f3lo lo saben algunos: Cuando se avecinaba la sucesi\u00f3n de Manuel \u00c1ngel N\u00fa\u00f1ez, quien dio juego y espacio a Omar Fayad, pens\u00f3 en \u00e9l para la postulaci\u00f3n.<\/span><\/p>\n<p class=\"p1\"><span style=\"font-size: 14pt;\">En ese momento, cuenta la historia narrada por actores, apareci\u00f3 su antecesor Jes\u00fas Murillo Karam y lo invit\u00f3 a un paseo en Yate en el Oc\u00e9ano Pac\u00edfico de Puerto Vallarta, Jalisco.<\/span><\/p>\n<p class=\"p1\"><span style=\"font-size: 14pt;\">Se abord\u00f3 el relevo gubernamental y, en ausencia, se mencion\u00f3 a Omar Fayad con su larga lista de cargos p\u00fablicos: parlamentarios, en seguridad p\u00fablica, como alcalde de Pachuca\u2026 -No puede ser \u00e9l -plante\u00f3 Murillo Karam.<\/span><\/p>\n<p class=\"p1\"><span style=\"font-size: 14pt;\">Analizaron parte de su vida y lleg\u00f3 el consenso: en su lugar ir\u00eda Miguel \u00c1ngel Osorio Chong, quien tambi\u00e9n eligi\u00f3, heredo y opt\u00f3 por Francisco Olvera.<\/span><\/p>\n<p class=\"p1\"><span style=\"font-size: 14pt;\">Mientras, Omar cuid\u00f3 su imagen personal, contrat\u00f3 despachos y estuvo listo para el impulso definitivo, hace seis a\u00f1os, por Osorio Chong sobre David Penchyna.<\/span><\/p>\n<p class=\"p1\"><span style=\"font-size: 14pt;\">Fayad no tiene reservas para entregar el poder a Julio Menchaca, un priista conciliador con bandera morenista, pero a quien casualmente Morena le regate\u00f3 el espacio de la transici\u00f3n.<\/span><\/p>\n<p>&nbsp;<\/p>\n<p class=\"p1\"><span style=\"font-size: 18pt; color: #139eca;\"><b>SAINETE DE MORENA<\/b><\/span><\/p>\n<p class=\"p1\"><span style=\"font-size: 14pt;\">\u00bfPor qu\u00e9? Porque el Legislativo estatal dominado por guindas esperaba una decisi\u00f3n pol\u00edtica del Tribunal Electoral, a donde acudi\u00f3 la priista Carolina Viggiano a impugnar su caso.<\/span><\/p>\n<p class=\"p1\"><span style=\"font-size: 14pt;\">Fue retratada con el magistrado Jos\u00e9 Luis Vargas y por ello Mario Delgado, escandaloso como todos los de su claque, le pidi\u00f3 excusarse.<\/span><\/p>\n<p class=\"p1\"><span style=\"font-size: 14pt;\">-No le tengan miedo a la justicia -plante\u00f3 Carolina.<\/span><\/p>\n<p class=\"p1\"><span style=\"font-size: 14pt;\">Anoche, al cerrar esta informaci\u00f3n, no se conoc\u00eda el sentido de la sentencia del Tribunal de Reyes Rodr\u00edguez Mondrag\u00f3n, pero no se ve\u00eda por d\u00f3nde regatear el triunfo a Menchaca.<\/span><\/p>\n<p>&nbsp;<\/p>\n<p class=\"p1\"><span style=\"font-size: 18pt; color: #139eca;\"><b>EL CONTROL DE RADIO Y TV<\/b><\/span><\/p>\n<p class=\"p1\"><span style=\"font-size: 14pt;\">El control de programas y audiencias de radio y televisi\u00f3n es preocupaci\u00f3n dentro y fuera de M\u00e9xico.<\/span><\/p>\n<p class=\"p1\"><span style=\"font-size: 14pt;\">Basta asomarse al temor de la Asociaci\u00f3n Internacional de Radiodifusi\u00f3n (AIR) porque, tras el fallo de la Corte de Arturo Zald\u00edvar, deja en libertad al Congreso de la Uni\u00f3n.<\/span><\/p>\n<p class=\"p1\"><span style=\"font-size: 14pt;\">A trav\u00e9s de un nuevo marco legal, el Estado puede ejercer \u201cpresi\u00f3n sobre la forma en que se transmite la informaci\u00f3n noticiosa por parte de periodistas y comunicadores de radio y televisi\u00f3n\u201d. \u00bfEl pretexto? \u201cDefensa de las audiencias\u201d.<\/span><\/p>\n<p class=\"p1\"><span style=\"font-size: 14pt;\">Por otra parte, \u201clas desproporcionadas sanciones por eventuales incumplimientos son elementos adicionales que constituyen una amenaza en contra de la labor period\u00edstica y de la comunicaci\u00f3n en el pa\u00eds\u201d.<\/span><\/p>\n<p class=\"p1\"><span style=\"font-size: 14pt;\">El riesgo consiguiente es \u201cimplantar un r\u00e9gimen de censura previa y de autoridades que est\u00e1 prohibida por la Convenci\u00f3n Interamericana de Derechos Humanos y otros tratados internacionales\u201d.<\/span><\/p>\n<p class=\"p1\"><span style=\"font-size: 14pt;\">Al final exhorta \u201ca que las modificaciones legislativas que se promuevan garanticen la operaci\u00f3n de las emisoras de radio y televisi\u00f3n mexicanas en sus labores informativas sin ning\u00fan tipo de medida que atente contra la libertad del ejercicio period\u00edstico\u201d.<\/span><\/p>\n<p>&nbsp;<\/p>\n<p>&nbsp;<\/p>\n<p><span style=\"font-size: 18pt; color: #319eca;\"><em><strong>**Las columnas firmadas en este medio son responsabilidad de quienes las firman**<\/strong><\/em><\/span><\/p>\n<p>&nbsp;<\/p>\n<p>&nbsp;<\/p>\n<p>&nbsp;<\/p>\n","protected":false},"excerpt":{"rendered":"<p>Por Jos\u00e9 Ure\u00f1a Hoy se termina una larga historia priista. Un expriista y hechura de la clase priista, Julio Menchaca,<\/p>\n","protected":false},"author":4,"featured_media":4036,"comment_status":"closed","ping_status":"closed","sticky":false,"template":"","format":"standard","meta":{"colormag_page_container_layout":"default_layout","colormag_page_sidebar_layout":"default_layout","_jetpack_memberships_contains_paid_content":false,"footnotes":"","jetpack_publicize_message":"","jetpack_publicize_feature_enabled":true,"jetpack_social_post_already_shared":false,"jetpack_social_options":{"image_generator_settings":{"template":"highway","default_image_id":0,"font":"","enabled":false},"version":2}},"categories":[26],"tags":[],"class_list":["post-9752","post","type-post","status-publish","format-standard","has-post-thumbnail","hentry","category-columnistas"],"jetpack_publicize_connections":[],"jetpack_featured_media_url":"https:\/\/i0.wp.com\/politicosaldesnudo.com.mx\/wp-content\/uploads\/2022\/04\/JOSE%CC%81-UREN%CC%83A-1.png?fit=1816%2C1016&ssl=1","jetpack-related-posts":[],"jetpack_sharing_enabled":true,"_links":{"self":[{"href":"https:\/\/politicosaldesnudo.com.mx\/index.php\/wp-json\/wp\/v2\/posts\/9752","targetHints":{"allow":["GET"]}}],"collection":[{"href":"https:\/\/politicosaldesnudo.com.mx\/index.php\/wp-json\/wp\/v2\/posts"}],"about":[{"href":"https:\/\/politicosaldesnudo.com.mx\/index.php\/wp-json\/wp\/v2\/types\/post"}],"author":[{"embeddable":true,"href":"https:\/\/politicosaldesnudo.com.mx\/index.php\/wp-json\/wp\/v2\/users\/4"}],"replies":[{"embeddable":true,"href":"https:\/\/politicosaldesnudo.com.mx\/index.php\/wp-json\/wp\/v2\/comments?post=9752"}],"version-history":[{"count":0,"href":"https:\/\/politicosaldesnudo.com.mx\/index.php\/wp-json\/wp\/v2\/posts\/9752\/revisions"}],"wp:featuredmedia":[{"embeddable":true,"href":"https:\/\/politicosaldesnudo.com.mx\/index.php\/wp-json\/wp\/v2\/media\/4036"}],"wp:attachment":[{"href":"https:\/\/politicosaldesnudo.com.mx\/index.php\/wp-json\/wp\/v2\/media?parent=9752"}],"wp:term":[{"taxonomy":"category","embeddable":true,"href":"https:\/\/politicosaldesnudo.com.mx\/index.php\/wp-json\/wp\/v2\/categories?post=9752"},{"taxonomy":"post_tag","embeddable":true,"href":"https:\/\/politicosaldesnudo.com.mx\/index.php\/wp-json\/wp\/v2\/tags?post=9752"}],"curies":[{"name":"wp","href":"https:\/\/api.w.org\/{rel}","templated":true}]}}