{"id":9845,"date":"2022-09-07T07:51:45","date_gmt":"2022-09-07T12:51:45","guid":{"rendered":"https:\/\/politicosaldesnudo.com.mx\/?p=9845"},"modified":"2022-09-07T07:51:45","modified_gmt":"2022-09-07T12:51:45","slug":"frente-a-la-advertencia-del-pan-alito-responde-el-pri-no-recibe-ultimatum","status":"publish","type":"post","link":"https:\/\/politicosaldesnudo.com.mx\/index.php\/2022\/09\/07\/frente-a-la-advertencia-del-pan-alito-responde-el-pri-no-recibe-ultimatum\/","title":{"rendered":"Frente a la advertencia del PAN, Alito responde \u201cel PRI no recibe ultim\u00e1tum\u201c"},"content":{"rendered":"<p class=\"p2\"><span style=\"font-size: 14pt;\"><em><strong>CIUDAD DE M\u00c9XICO.<\/strong><\/em> <strong>Alejandro Moreno<\/strong> asegur\u00f3 que <strong>el PRI no recibe ultim\u00e1tum<\/strong>, ni acepta ordenes de aliados ni de adversarios, despu\u00e9s de la advertencia lanzada por el PAN sobre el rompimiento de la alianza \u201cVa por M\u00e9xico\u201d, en reacci\u00f3n a la iniciativa priista para aplazar hasta 2028 la permanencia del Ej\u00e9rcito en tareas de seguridad p\u00fablica.<\/span><\/p>\n<p class=\"p2\"><span style=\"font-size: 18pt;\"><strong>A trav\u00e9s de su cuenta de Twitter, el presidente nacional del PRI, respondi\u00f3 al llamado de los l\u00edderes panistas y perredistas de retirar la iniciativa presentada por <span style=\"color: #139eca;\">la diputada Yolanda de la Torre<\/span>.<\/strong><\/span><\/p>\n<p>&nbsp;<\/p>\n<blockquote class=\"twitter-tweet\" data-width=\"550\" data-dnt=\"true\">\n<p lang=\"es\" dir=\"ltr\">El PRI siempre est\u00e1 del lado de las familias mexicanas, ante la ineptitud de Morena tenemos que tomar decisiones pensando en el futuro de M\u00e9xico.<\/p>\n<p>&mdash; Alejandro Moreno (@alitomorenoc) <a href=\"https:\/\/twitter.com\/alitomorenoc\/status\/1567267091396304901?ref_src=twsrc%5Etfw\">September 6, 2022<\/a><\/p><\/blockquote>\n<p><script async src=\"https:\/\/platform.twitter.com\/widgets.js\" charset=\"utf-8\"><\/script><\/p>\n<p>&nbsp;<\/p>\n<p class=\"p2\"><span style=\"font-size: 18pt;\"><strong>\u201cEl PRI no recibe ultim\u00e1tum, ni acepta \u00f3rdenes ni de aliados ni de adversarios. Siempre vamos a construir, en unidad y convicci\u00f3n, por el bien de M\u00e9xico. Ma\u00f1ana a las 10:00 am presentaremos nuestra postura en conferencia de prensa\u201d, public\u00f3.<\/strong><\/span><\/p>\n<p class=\"p2\"><span style=\"font-size: 14pt;\">Horas antes, el dirigente priista pidi\u00f3 a su bancada en la C\u00e1mara de Diputados a continuar con la iniciativa para diferir de 2024 a 2028 la permanencia del Ej\u00e9rcito en seguridad p\u00fablica.<\/span><\/p>\n<p class=\"p2\"><span><span style=\"font-size: 24px; color: #139eca;\"><b>Alejandro<\/b><\/span><strong style=\"font-size: 18pt;\"><span style=\"color: #139eca;\">\u00a0Moreno C\u00e1rdenas<\/span> tambi\u00e9n fue apoyado por el coordinador priista en San L\u00e1zaro, <span style=\"color: #139eca;\">Rub\u00e9n Moreira<\/span>, <span style=\"color: #139eca;\">sostuvo que la propuesta presentada por su correligionaria Yolanda de la Torre es \u201cinamovible\u201d.<\/span><\/strong><\/span><\/p>\n<p class=\"p2\"><span style=\"font-size: 14pt;\">Al respecto, Moreira confi\u00f3 en que la iniciativa no rompa la alianza con PAN y PRD.<\/span><\/p>\n<p class=\"p2\"><span style=\"font-size: 14pt;\">Cabe se\u00f1alar que la propuesta romper\u00eda el acuerdo establecido en junio pasado, el cual aplicaba una moratoria constitucional para no aprobar reformas constitucionales impulsadas por el Poder Ejecutivo.<\/span><\/p>\n<p>&nbsp;<\/p>\n<p>&nbsp;<\/p>\n<p>&nbsp;<\/p>\n<p>&nbsp;<\/p>\n","protected":false},"excerpt":{"rendered":"<p>CIUDAD DE M\u00c9XICO. Alejandro Moreno asegur\u00f3 que el PRI no recibe ultim\u00e1tum, ni acepta ordenes de aliados ni de adversarios,<\/p>\n","protected":false},"author":4,"featured_media":9846,"comment_status":"closed","ping_status":"closed","sticky":false,"template":"","format":"standard","meta":{"colormag_page_container_layout":"default_layout","colormag_page_sidebar_layout":"default_layout","_jetpack_memberships_contains_paid_content":false,"footnotes":"","jetpack_publicize_message":"","jetpack_publicize_feature_enabled":true,"jetpack_social_post_already_shared":false,"jetpack_social_options":{"image_generator_settings":{"template":"highway","default_image_id":0,"font":"","enabled":false},"version":2}},"categories":[33],"tags":[447,307,103,226,1423],"class_list":["post-9845","post","type-post","status-publish","format-standard","has-post-thumbnail","hentry","category-nacional","tag-alejandro-moreno","tag-alito","tag-pan","tag-pri","tag-yolanda-de-la-torre"],"jetpack_publicize_connections":[],"jetpack_featured_media_url":"https:\/\/i0.wp.com\/politicosaldesnudo.com.mx\/wp-content\/uploads\/2022\/09\/P-ALITOMORENO-PRI1.png?fit=1816%2C1016&ssl=1","jetpack-related-posts":[],"jetpack_sharing_enabled":true,"_links":{"self":[{"href":"https:\/\/politicosaldesnudo.com.mx\/index.php\/wp-json\/wp\/v2\/posts\/9845","targetHints":{"allow":["GET"]}}],"collection":[{"href":"https:\/\/politicosaldesnudo.com.mx\/index.php\/wp-json\/wp\/v2\/posts"}],"about":[{"href":"https:\/\/politicosaldesnudo.com.mx\/index.php\/wp-json\/wp\/v2\/types\/post"}],"author":[{"embeddable":true,"href":"https:\/\/politicosaldesnudo.com.mx\/index.php\/wp-json\/wp\/v2\/users\/4"}],"replies":[{"embeddable":true,"href":"https:\/\/politicosaldesnudo.com.mx\/index.php\/wp-json\/wp\/v2\/comments?post=9845"}],"version-history":[{"count":0,"href":"https:\/\/politicosaldesnudo.com.mx\/index.php\/wp-json\/wp\/v2\/posts\/9845\/revisions"}],"wp:featuredmedia":[{"embeddable":true,"href":"https:\/\/politicosaldesnudo.com.mx\/index.php\/wp-json\/wp\/v2\/media\/9846"}],"wp:attachment":[{"href":"https:\/\/politicosaldesnudo.com.mx\/index.php\/wp-json\/wp\/v2\/media?parent=9845"}],"wp:term":[{"taxonomy":"category","embeddable":true,"href":"https:\/\/politicosaldesnudo.com.mx\/index.php\/wp-json\/wp\/v2\/categories?post=9845"},{"taxonomy":"post_tag","embeddable":true,"href":"https:\/\/politicosaldesnudo.com.mx\/index.php\/wp-json\/wp\/v2\/tags?post=9845"}],"curies":[{"name":"wp","href":"https:\/\/api.w.org\/{rel}","templated":true}]}}