{"id":9884,"date":"2022-09-08T08:08:42","date_gmt":"2022-09-08T13:08:42","guid":{"rendered":"https:\/\/politicosaldesnudo.com.mx\/?p=9884"},"modified":"2022-09-08T08:08:42","modified_gmt":"2022-09-08T13:08:42","slug":"alito-el-sepulturero","status":"publish","type":"post","link":"https:\/\/politicosaldesnudo.com.mx\/index.php\/2022\/09\/08\/alito-el-sepulturero\/","title":{"rendered":"Alito, el sepulturero"},"content":{"rendered":"<p class=\"p1\">\n<p class=\"p1\">\n<p class=\"p1\"><span style=\"font-size: 18pt;\"><strong>Por M\u00f3nica Camarena Crespo<\/strong><\/span><\/p>\n<p class=\"p1\">\n<p class=\"p1\"><span style=\"font-size: 14pt;\">De fiesta deben estar AMLO, Morena y sus \u201cremoras\u201d, regocijados por haberle llegado al \u201cprecio\u201d al a\u00fan (aunque usted no lo crea) presidente nacional del PRI, Alejandro Moreno C\u00e1rdenas \u201cAlito\u201d.<\/span><\/p>\n<p class=\"p1\"><span style=\"font-size: 14pt;\">Era de esperarse que despu\u00e9s de mucho apretar al ex gobernador de Campeche, qui\u00e9n al parecer si tiene una cola larga que le pisen, se deshizo la alianza, aunque el PAN y PRD digan que es temporal, el golpe est\u00e1 dado en un momento crucial, cuando se deber\u00edan estar poniendo de acuerdo para consolidar candidaturas competitivas en el Estado de M\u00e9xico y Coahuila.<\/span><\/p>\n<p class=\"p1\"><span style=\"font-size: 14pt;\">Todo se fue a la basura, meses de reuniones, de presuntamente ser combativos para medio lograr equilibrios en los excesos del gobierno, no sirvieron de nada. Alito se decidi\u00f3 por Alito, por librar la c\u00e1rcel, sin importar el da\u00f1o irreversible y que lo convierte en autom\u00e1tico en un canalla impresentable para la historia pol\u00edtica del pa\u00eds.<\/span><\/p>\n<p>&nbsp;<\/p>\n<p class=\"p1\"><span style=\"font-size: 18pt; color: #139eca;\"><strong>EN LO OSCURITO<\/strong><\/span><\/p>\n<p class=\"p1\"><span style=\"font-size: 14pt;\">Para sorpresa de legisladores del PRI, pero m\u00e1s para la alianza opositora\u00a0Va por M\u00e9xico, integrada por el\u00a0PRI, PAN y PRD, la\u00a0diputada del Partido Revolucionario Institucional, Yolanda de la Torre, present\u00f3 una\u00a0iniciativa de reforma constitucional\u00a0para poder\u00a0ampliar hasta el 2028\u00a0el periodo legal para que las\u00a0Fuerzas Armadas puedan llevar a cabo labores de seguridad p\u00fablica.<\/span><\/p>\n<p class=\"p1\"><span style=\"font-size: 14pt;\">Ante fuertes rumores de negociaciones en lo \u201coscurito\u201d entre el secretario de Gobernaci\u00f3n, Ad\u00e1n Augusto L\u00f3pez y Alito Moreno, la propuesta fue rechazada de inmediato por los l\u00edderes del\u00a0Partido Acci\u00f3n Nacional, Marko Cort\u00e9s, y por el de la\u00a0Revoluci\u00f3n Democr\u00e1tica, Jes\u00fas Zambrano; quienes advirtieron que de no retirar la iniciativa,\u00a0se romper\u00eda la alianza entre los tres partidos, lo que se confirm\u00f3 este mi\u00e9rcoles 7 de septiembre.<\/span><\/p>\n<p>&nbsp;<\/p>\n<p class=\"p1\"><span style=\"font-size: 18pt; color: #139eca;\"><strong>ARRASTRA A LA BANCADA<\/strong><\/span><\/p>\n<p class=\"p1\"><span style=\"font-size: 14pt;\">Alito decidi\u00f3 hacer lo que le d\u00e9 la gana con tal de zanjar su persecuci\u00f3n judicial, al grado que impuso que\u00a0la bancada tricolor no retire la propuesta\u00a0 y siga su curso para ser dictaminada y votada en comisiones para el pr\u00f3ximo 13 de septiembre para que sea votada por la mayor\u00eda de Morena, al parecer el partido nuevo aliado de Moreno C\u00e1rdenas.<\/span><\/p>\n<p>&nbsp;<\/p>\n<p class=\"p1\"><span style=\"font-size: 18pt; color: #139eca;\"><strong>EL SEPULTURERO DEL 2024<\/strong><\/span><\/p>\n<p class=\"p1\"><span style=\"font-size: 14pt;\">Alejandro Moreno, el traidor, tambi\u00e9n podr\u00eda convertirse en el \u201csepulturero\u201d del 2024, todo por dejarlo ah\u00ed, con poder y el manejo de lo que queda de un partido que dif\u00edcilmente saldr\u00e1 avante con este tipo de impresentables.<\/span><\/p>\n<p>&nbsp;<\/p>\n<p>&nbsp;<\/p>\n<p class=\"p1\"><span style=\"font-size: 18pt;\"><strong>Correo: <a href=\"mailto:parquejuarezweb@yahoo.com.mx\">parquejuarezweb@yahoo.com.mx<\/a><\/strong><\/span><\/p>\n<p class=\"p1\"><span style=\"font-size: 18pt;\"><strong>Twitter: <a href=\"http:\/\/www.twitter.com\/monicamarena\">@monicamarena<\/a><\/strong><\/span><\/p>\n<p>&nbsp;<\/p>\n<p><span style=\"font-size: 18pt; color: #319eca;\"><em><strong>**Las columnas firmadas en este medio son responsabilidad de quienes las firman**<\/strong><\/em><\/span><\/p>\n<p>&nbsp;<\/p>\n<p>&nbsp;<\/p>\n<p>&nbsp;<\/p>\n","protected":false},"excerpt":{"rendered":"<p>Por M\u00f3nica Camarena Crespo De fiesta deben estar AMLO, Morena y sus \u201cremoras\u201d, regocijados por haberle llegado al \u201cprecio\u201d al<\/p>\n","protected":false},"author":4,"featured_media":4080,"comment_status":"closed","ping_status":"closed","sticky":false,"template":"","format":"standard","meta":{"colormag_page_container_layout":"default_layout","colormag_page_sidebar_layout":"default_layout","_jetpack_memberships_contains_paid_content":false,"footnotes":"","jetpack_publicize_message":"","jetpack_publicize_feature_enabled":true,"jetpack_social_post_already_shared":false,"jetpack_social_options":{"image_generator_settings":{"template":"highway","default_image_id":0,"font":"","enabled":false},"version":2}},"categories":[26],"tags":[],"class_list":["post-9884","post","type-post","status-publish","format-standard","has-post-thumbnail","hentry","category-columnistas"],"jetpack_publicize_connections":[],"jetpack_featured_media_url":"https:\/\/i0.wp.com\/politicosaldesnudo.com.mx\/wp-content\/uploads\/2022\/04\/MO%CC%81NICA-CAMARENA-CRESPO1.png?fit=1816%2C1016&ssl=1","jetpack-related-posts":[],"jetpack_sharing_enabled":true,"_links":{"self":[{"href":"https:\/\/politicosaldesnudo.com.mx\/index.php\/wp-json\/wp\/v2\/posts\/9884","targetHints":{"allow":["GET"]}}],"collection":[{"href":"https:\/\/politicosaldesnudo.com.mx\/index.php\/wp-json\/wp\/v2\/posts"}],"about":[{"href":"https:\/\/politicosaldesnudo.com.mx\/index.php\/wp-json\/wp\/v2\/types\/post"}],"author":[{"embeddable":true,"href":"https:\/\/politicosaldesnudo.com.mx\/index.php\/wp-json\/wp\/v2\/users\/4"}],"replies":[{"embeddable":true,"href":"https:\/\/politicosaldesnudo.com.mx\/index.php\/wp-json\/wp\/v2\/comments?post=9884"}],"version-history":[{"count":0,"href":"https:\/\/politicosaldesnudo.com.mx\/index.php\/wp-json\/wp\/v2\/posts\/9884\/revisions"}],"wp:featuredmedia":[{"embeddable":true,"href":"https:\/\/politicosaldesnudo.com.mx\/index.php\/wp-json\/wp\/v2\/media\/4080"}],"wp:attachment":[{"href":"https:\/\/politicosaldesnudo.com.mx\/index.php\/wp-json\/wp\/v2\/media?parent=9884"}],"wp:term":[{"taxonomy":"category","embeddable":true,"href":"https:\/\/politicosaldesnudo.com.mx\/index.php\/wp-json\/wp\/v2\/categories?post=9884"},{"taxonomy":"post_tag","embeddable":true,"href":"https:\/\/politicosaldesnudo.com.mx\/index.php\/wp-json\/wp\/v2\/tags?post=9884"}],"curies":[{"name":"wp","href":"https:\/\/api.w.org\/{rel}","templated":true}]}}